{"id":825822,"date":"2026-03-09T13:31:00","date_gmt":"2026-03-09T13:31:00","guid":{"rendered":"https:\/\/www.lettera43.it\/?p=1290416"},"modified":"2026-03-09T13:31:00","modified_gmt":"2026-03-09T13:31:00","slug":"von-der-leyen-agli-ambasciatori-ue-il-vecchio-ordine-mondiale-non-tornera","status":"publish","type":"post","link":"https:\/\/nugnes.com\/?p=825822","title":{"rendered":"Von der Leyen agli ambasciatori Ue: \u00abIl vecchio ordine mondiale non torner\u00e0\u00bb"},"content":{"rendered":"\n<p>\u00abL&#8217;Europa non pu\u00f2 pi\u00f9 essere un custode del <strong>vecchio ordine mondiale<\/strong>, di un mondo che se n&#8217;\u00e8 andato e non torner\u00e0. Difenderemo sempre e sosterremo il sistema basato sulle regole che abbiamo contribuito a costruire con i nostri alleati, ma non possiamo pi\u00f9 fare affidamento su di esso come unico modo per difendere i nostri interessi\u00bb. Lo ha detto <strong>Ursula von der Leyen<\/strong> parlando alla conferenza degli <strong>ambasciatori<\/strong> <strong>Ue<\/strong>. Tre le priorit\u00e0 individuate dalla presidente della Commissione europea, ovvero la nuova strategia della <strong>sicurezza europea<\/strong>, i <strong>rapporti commerciali<\/strong> con i Paesi terzi e una <strong>diplomazia<\/strong> che porti risultati agli europei. <\/p>\n\n\n\n<h2 class=\"wp-block-heading\">\u00abRiflettere se il nostro sistema sia pi\u00f9 un aiuto o un ostacolo alla nostra credibilit\u00e0\u00bb<\/h2>\n\n\n\n<p>\u00abAbbiamo bisogno di uno <strong>sguardo chiaro e rigoroso <\/strong>alla nostra politica estera nel mondo di oggi, sia in relazione a come \u00e8 progettata sia a come viene attuata. Abbiamo urgente bisogno di riflettere sul fatto se la nostra dottrina, le nostre istituzioni e il nostro processo decisionale &#8211; tutti progettati in un mondo post-bellico di stabilit\u00e0 e multilateralismo &#8211; abbiano mantenuto il passo con la <strong>velocit\u00e0 del cambiamento <\/strong>che ci circonda. Se il sistema che abbiamo costruito &#8211; con tutti i suoi tentativi benintenzionati di consenso e compromesso &#8211; sia pi\u00f9 un <strong>aiuto<\/strong> o un <strong>ostacolo<\/strong> alla nostra credibilit\u00e0 come attore geopolitico\u00bb, ha continuato la politica tedesca. \u00abSo che questo \u00e8 un messaggio netto e una conversazione difficile da affrontare. Ma so anche che molti di voi hanno avvertito questa tensione nel vostro lavoro quotidiano\u00bb.<\/p>\n\n\n<figure class=\"wp-block-image aligncenter size-full\"><a href=\"https:\/\/www.lettera43.it\/galleria\/1290416\/1290430\"><img data-has-syndication-rights=\"1\" data-portal-copyright=\"Lettera43\" data-licensor-name=\"Lettera43\" decoding=\"async\" width=\"1200\" height=\"800\" src=\"https:\/\/www.lettera43.it\/wp-content\/uploads\/2026\/03\/Von-der-Leyen-agli-ambasciatori-Ue-Il-vecchio-ordine-mondiale-non-tornera-1.jpg\" alt=\"Von der Leyen agli ambasciatori Ue: \u00abIl vecchio ordine mondiale non torner\u00e0\u00bb\" class=\"wp-image-1290430 lazyload\" title=\"Von der Leyen agli ambasciatori Ue: \u00abIl vecchio ordine mondiale non torner\u00e0\u00bb\" data-src=\"https:\/\/www.lettera43.it\/wp-content\/uploads\/2026\/03\/Von-der-Leyen-agli-ambasciatori-Ue-Il-vecchio-ordine-mondiale-non-tornera-1.jpg\" loading=\"lazy\" data-has-syndication-rights=\"1\" data-licensor-name=\"Lettera43\" srcset=\"https:\/\/www.lettera43.it\/wp-content\/uploads\/2026\/03\/Von-der-Leyen-agli-ambasciatori-Ue-Il-vecchio-ordine-mondiale-non-tornera-1.jpg 1200w, https:\/\/www.lettera43.it\/wp-content\/uploads\/2026\/03\/Von-der-Leyen-agli-ambasciatori-Ue-Il-vecchio-ordine-mondiale-non-tornera-1-800x533.jpg 800w, https:\/\/www.lettera43.it\/wp-content\/uploads\/2026\/03\/Von-der-Leyen-agli-ambasciatori-Ue-Il-vecchio-ordine-mondiale-non-tornera-1-390x260.jpg 390w\" sizes=\"auto, (max-width: 1200px) 100vw, 1200px\" \/><\/a><figcaption class=\"wp-element-caption\">Ursula Von der Leyen (Ansa).<\/figcaption><\/figure>\n\n\n<h2 class=\"wp-block-heading\">\u00abDobbiamo renderci pi\u00f9 resilienti e sovrani\u00bb<\/h2>\n\n\n\n<p>\u00abL&#8217;obiettivo\u00bb, ha sottolineato, \u00ab\u00e8 renderci pi\u00f9 <strong>resilienti<\/strong>, pi\u00f9 <strong>sovrani<\/strong> e pi\u00f9 <strong>potenti<\/strong>. Il vostro lavoro per <strong>ridurre i rischi<\/strong> e<strong> diversificare le nostre partnership<\/strong> nel mondo \u00e8 prezioso per questo. Questo \u00e8 ci\u00f2 che significa <strong>indipendenza<\/strong> nel mondo di oggi. Significa <strong>non dipendere da un unico fornitore <\/strong>per asset vitali, dall&#8217;energia alla difesa, dai semiconduttori ai vaccini, dalle tecnologie pulite alle materie prime. E per questo, abbiamo bisogno di <strong>pi\u00f9 connessioni con partner affidabili<\/strong> e di fiducia. Dagli accordi commerciali alle partnership in ambito sicurezza che avete contribuito a negoziare, questo sta gi\u00e0 facendo una vera differenza\u00bb.<\/p>\n","protected":false},"excerpt":{"rendered":"<p>\u00abDobbiamo renderci pi\u00f9 resilienti, sovrani e potenti\u00bb, ha detto la presidente della Commissione europea. Il discorso alla conferenza dei diplomatici.<\/p>\n","protected":false},"author":4,"featured_media":0,"comment_status":"closed","ping_status":"closed","sticky":false,"template":"","format":"standard","meta":{"om_disable_all_campaigns":false,"_monsterinsights_skip_tracking":false,"_monsterinsights_sitenote_active":false,"_monsterinsights_sitenote_note":"","_monsterinsights_sitenote_category":0,"footnotes":""},"categories":[20,1612],"tags":[],"class_list":["post-825822","post","type-post","status-publish","format-standard","hentry","category-esteri","category-ultima-ora"],"aioseo_notices":[],"_links":{"self":[{"href":"https:\/\/nugnes.com\/index.php?rest_route=\/wp\/v2\/posts\/825822","targetHints":{"allow":["GET"]}}],"collection":[{"href":"https:\/\/nugnes.com\/index.php?rest_route=\/wp\/v2\/posts"}],"about":[{"href":"https:\/\/nugnes.com\/index.php?rest_route=\/wp\/v2\/types\/post"}],"author":[{"embeddable":true,"href":"https:\/\/nugnes.com\/index.php?rest_route=\/wp\/v2\/users\/4"}],"replies":[{"embeddable":true,"href":"https:\/\/nugnes.com\/index.php?rest_route=%2Fwp%2Fv2%2Fcomments&post=825822"}],"version-history":[{"count":1,"href":"https:\/\/nugnes.com\/index.php?rest_route=\/wp\/v2\/posts\/825822\/revisions"}],"predecessor-version":[{"id":825823,"href":"https:\/\/nugnes.com\/index.php?rest_route=\/wp\/v2\/posts\/825822\/revisions\/825823"}],"wp:attachment":[{"href":"https:\/\/nugnes.com\/index.php?rest_route=%2Fwp%2Fv2%2Fmedia&parent=825822"}],"wp:term":[{"taxonomy":"category","embeddable":true,"href":"https:\/\/nugnes.com\/index.php?rest_route=%2Fwp%2Fv2%2Fcategories&post=825822"},{"taxonomy":"post_tag","embeddable":true,"href":"https:\/\/nugnes.com\/index.php?rest_route=%2Fwp%2Fv2%2Ftags&post=825822"}],"curies":[{"name":"wp","href":"https:\/\/api.w.org\/{rel}","templated":true}]}}