{"id":825859,"date":"2026-03-10T08:41:00","date_gmt":"2026-03-10T08:41:00","guid":{"rendered":"https:\/\/www.lettera43.it\/?p=1290485"},"modified":"2026-03-10T08:41:00","modified_gmt":"2026-03-10T08:41:00","slug":"magistratura-plotone-desecuzione-bufera-su-bartolozzi-interviene-anche-lanm","status":"publish","type":"post","link":"https:\/\/nugnes.com\/?p=825859","title":{"rendered":"\u00abMagistratura plotone d\u2019esecuzione\u00bb: bufera su Bartolozzi, interviene anche l\u2019Anm"},"content":{"rendered":"\n<p>Non si placano i toni sul <strong>referendum sulla giustizia <\/strong>in programma il 22 e 23 marzo 2026. Al centro delle polemiche ci sono ora le dichiarazioni della capo di gabinetto del ministro della Giustizia <strong>Giusi Bartolozzi <\/strong>che, in un&#8217;intervista sulla tv siciliana Telecolor, ha cos\u00ec affermato: \u00abFinch\u00e9 la giustizia non ti marchia tu non lo capisci. Faccio appello a tutti i cittadini che hanno sofferto sulla propria pelle: votate s\u00ec e ci togliamo di mezzo la magistratura che sono <strong>plotoni di esecuzione<\/strong>\u00bb. Parole che non sono andate gi\u00f9 all&#8217;Anm, l&#8217;Associazione nazionale magistrati, che ha chiesto di abbassare i toni come gi\u00e0 fatto in precedenza dal presidente della Repubblica Mattarella. <\/p>\n\n\n\n<figure class=\"wp-block-embed is-type-rich is-provider-twitter wp-block-embed-twitter\"><div class=\"wp-block-embed__wrapper\">\n<blockquote class=\"twitter-tweet\" data-width=\"500\" data-dnt=\"true\"><p lang=\"it\" dir=\"ltr\">Giusi Bartolozzi, capo di gabinetto del ministero della giustizia: &quot;Votate s\u00ec al referendum, cos\u00ec ci togliamo di mezzo la magistratura, che sono plotoni di esecuzione&quot; <a href=\"https:\/\/t.co\/wxabYoh2Wp\">pic.twitter.com\/wxabYoh2Wp<\/a><\/p>&mdash; Ultimora.net (@ultimoranet) <a href=\"https:\/\/twitter.com\/ultimoranet\/status\/2031099006751801407?ref_src=twsrc%5Etfw\">March 9, 2026<\/a><\/blockquote><script async src=\"https:\/\/platform.twitter.com\/widgets.js\" charset=\"utf-8\"><\/script>\n<\/div><\/figure>\n\n\n\n<h2 class=\"wp-block-heading\">L&#8217;Anm: \u00abToni e argomentazioni inaccettabili\u00bb<\/h2>\n\n\n\n<p>Cos\u00ec in una nota la Giunta esecutiva centrale dell&#8217;<strong>Anm<\/strong>: \u00abIn queste ultime settimane abbiamo deciso di non rispondere mai agli attacchi ricevuti a pi\u00f9 riprese da esponenti politici, anche di altissimo profilo. L&#8217;<strong>appello all&#8217;abbassamento dei toni <\/strong>che \u00e8 stato rivolto a tutte le parti in causa dalla pi\u00f9 alta carica dello Stato era, e ancora di pi\u00f9 oggi, \u00e8 assolutamente opportuno. Per cui, anche se il tono e le argomentazioni contro la magistratura italiana sono oramai giunte a un<strong> livello inaccettabile<\/strong> per chi auspica la rispettosa collaborazione tra le istituzioni del nostro Paese, continueremo a mantenere inalterata la nostra linea\u00bb.<\/p>\n\n\n\n<h2 class=\"wp-block-heading\">Nordio: \u00abSi riferiva a una piccola parte di giudici politicizzati\u00bb<\/h2>\n\n\n\n<p>Sulla vicenda \u00e8 intervenuto anche il <strong>Guardasigilli<\/strong>: \u00abMi dispiace per le parole usate dal mio capo di gabinetto. Anche se pronunciate nel contesto di un confronto televisivo lungo e acceso, quell&#8217;affermazione \u00e8 apparsa un attacco all\u2019intera magistratura. Come \u00e8 chiaro a chiunque in buona fede, la riforma non indebolisce in alcun modo la magistratura n\u00e9 intende attaccare i magistrati, bens\u00ec punta a restituire loro <strong>prestigio<\/strong> e <strong>autorevolezza<\/strong>. Il mio capo di gabinetto ha gi\u00e0 chiarito che si riferiva a una <strong>piccola parte di giudici politicizzati<\/strong> e sicuramente non avr\u00e0 alcuna difficolt\u00e0 a <strong>scusarsi<\/strong> per parole che sono certo non rispecchiano il suo pensiero e la stima che ha della magistratura, di cui, tra l&#8217;altro lei stessa fa parte\u00bb. <\/p>\n","protected":false},"excerpt":{"rendered":"<p>Polemiche per la frase della capo di Gabinetto di Nordio in tv. L&#8217;Associazione nazionale magistrati: \u00abToni e argomentazioni inaccettabili, seguire l&#8217;appello di Mattarella\u00bb. Il ministro: \u00abSi riferiva a una piccola parte di giudici politicizzati, certo che si scuser\u00e0\u00bb.<\/p>\n","protected":false},"author":4,"featured_media":0,"comment_status":"closed","ping_status":"closed","sticky":false,"template":"","format":"standard","meta":{"om_disable_all_campaigns":false,"_monsterinsights_skip_tracking":false,"_monsterinsights_sitenote_active":false,"_monsterinsights_sitenote_note":"","_monsterinsights_sitenote_category":0,"footnotes":""},"categories":[15,1612],"tags":[],"class_list":["post-825859","post","type-post","status-publish","format-standard","hentry","category-politica","category-ultima-ora"],"aioseo_notices":[],"_links":{"self":[{"href":"https:\/\/nugnes.com\/index.php?rest_route=\/wp\/v2\/posts\/825859","targetHints":{"allow":["GET"]}}],"collection":[{"href":"https:\/\/nugnes.com\/index.php?rest_route=\/wp\/v2\/posts"}],"about":[{"href":"https:\/\/nugnes.com\/index.php?rest_route=\/wp\/v2\/types\/post"}],"author":[{"embeddable":true,"href":"https:\/\/nugnes.com\/index.php?rest_route=\/wp\/v2\/users\/4"}],"replies":[{"embeddable":true,"href":"https:\/\/nugnes.com\/index.php?rest_route=%2Fwp%2Fv2%2Fcomments&post=825859"}],"version-history":[{"count":1,"href":"https:\/\/nugnes.com\/index.php?rest_route=\/wp\/v2\/posts\/825859\/revisions"}],"predecessor-version":[{"id":825860,"href":"https:\/\/nugnes.com\/index.php?rest_route=\/wp\/v2\/posts\/825859\/revisions\/825860"}],"wp:attachment":[{"href":"https:\/\/nugnes.com\/index.php?rest_route=%2Fwp%2Fv2%2Fmedia&parent=825859"}],"wp:term":[{"taxonomy":"category","embeddable":true,"href":"https:\/\/nugnes.com\/index.php?rest_route=%2Fwp%2Fv2%2Fcategories&post=825859"},{"taxonomy":"post_tag","embeddable":true,"href":"https:\/\/nugnes.com\/index.php?rest_route=%2Fwp%2Fv2%2Ftags&post=825859"}],"curies":[{"name":"wp","href":"https:\/\/api.w.org\/{rel}","templated":true}]}}