{"id":825861,"date":"2026-03-10T07:48:47","date_gmt":"2026-03-10T07:48:47","guid":{"rendered":"https:\/\/www.lettera43.it\/?p=1290445"},"modified":"2026-03-10T07:48:47","modified_gmt":"2026-03-10T07:48:47","slug":"angelo-binaghi-affairs-ma-e-la-federtennis-o-un-fondo-di-venture-capital","status":"publish","type":"post","link":"https:\/\/nugnes.com\/?p=825861","title":{"rendered":"Angelo Binaghi affairs: ma \u00e8 la Federtennis o un fondo di venture capital?"},"content":{"rendered":"\n<p>La <strong>Federazione italiana tennis e padel<\/strong> ha i bilanci che grondano di ricavi (soprattutto grazie alla organizzazione degli <strong>Internazionali<\/strong> di <strong>Roma<\/strong> e delle <a href=\"https:\/\/www.lettera43.it\/atp-finals-2025-luci-ombre-cosa-puo-migliorare-torino-milano\/\"  rel=\"noreferrer noopener\"><strong>Atp Finals<\/strong> a <strong>Torino<\/strong><\/a>) e quindi di surplus da investire qua e l\u00e0, non essendo una societ\u00e0 di lucro che accumula utili. Ma l\u2019Italia, diciamo cos\u00ec, non era abituata a una federazione sportiva che, a questo punto, si muove quasi come un fondo di <strong>venture capital<\/strong>: nell\u2019estate del 2025 il presidente <strong>Angelo Binaghi<\/strong> ha messo sul piatto una trentina di milioni di euro (6 all\u2019anno) per assicurare a <strong>SuperTennis<\/strong> (la piattaforma audiovisiva della Federtennis) i diritti tiv\u00f9 esclusivi degli <strong>Us Open<\/strong> per cinque anni; sempre la Federtennis \u00e8 coinvolta, con un investimento attorno ai 5 milioni di euro, nella cordata che porter\u00e0 <a href=\"https:\/\/www.lettera43.it\/gedi-elkann-venduto-la-stampa-sae\/\"  rel=\"noreferrer noopener\">la <strong>Sae<\/strong> a rilevare il quotidiano <em><strong>La Stampa<\/strong><\/em><\/a> per una cifra complessiva attorno ai 45 milioni di euro; infine, la Federtennis, a fine febbraio, avrebbe comprato i diritti del torneo <strong>Atp<\/strong> di <strong>Bruxelles<\/strong> (che si giocava in ottobre) per 24 milioni di dollari, versando poi altri 2,5 milioni di dollari di diritti alla Atp, per trasferire il torneo in Italia, e in particolare a <strong>Milano<\/strong>, a giugno dal 2028.<\/p>\n\n\n\n<h2 class=\"wp-block-heading\">Valore della produzione in crescita continua<\/h2>\n\n\n\n<p>Va riconosciuta al 65enne Binaghi, che presiede la Fitp dal 2001, la capacit\u00e0 di promuovere una rifondazione nella <strong>governance federale<\/strong>, nonch\u00e9 un processo di trasformazione in chiave aziendale della gestione, a partire dall\u2019organizzazione degli Internazionali d\u2019Italia a Roma. E questa visione ha portato la Federazione a raggiungere, nel 2025, un <strong>valore della produzione<\/strong> di 230 milioni di euro, in crescita del 10 per cento rispetto ai 209 milioni del 2024, e con stime per il 2026 che portano a superare i 250 milioni di euro. Una cavalcata pazzesca, se si considera che 20 anni fa la Federtennis aveva ricavi annui inferiori ai 50 milioni, e che solo nel 2021 erano di poco superiori a 100 milioni di euro.<\/p>\n\n\n\n<h2 class=\"wp-block-heading\">Il 75 per cento del fatturato arriva dai tornei internazionali <\/h2>\n\n\n\n<p>La spinta, come detto, arriva dalla organizzazione di manifestazioni internazionali (in particolare Roma, Atp Finals a Torino, <strong>Coppa Davis<\/strong> a <strong>Bologna<\/strong>) da cui origina oltre il 75 per cento del <strong>fatturato<\/strong>. Nel 2024, ultimo bilancio pubblicato disponibile, da questa voce sono arrivati 157 milioni di euro e nel 2025 si supereranno i 170 milioni. Sempre nel 2024 i contributi pubblici da <strong>Sport e salute<\/strong> sono ammontati a 13,3 milioni, mentre le quote di iscrizione dagli associati pesano per 33,7 milioni di euro.<\/p>\n\n\n<figure class=\"wp-block-image size-full\"><a href=\"https:\/\/www.lettera43.it\/galleria\/1290445\/1272564\"><img data-has-syndication-rights=\"1\" data-portal-copyright=\"Lettera43\" data-licensor-name=\"Lettera43\" decoding=\"async\" width=\"1200\" height=\"842\" src=\"https:\/\/www.lettera43.it\/wp-content\/uploads\/2025\/12\/tagfin_20251218122044167_b7b328642ea329b20f38fcbc8c99f44e.jpg\" alt=\"Angelo Binaghi affairs: ma \u00e8 la Federtennis o un fondo di venture capital?\" class=\"wp-image-1272564 lazyload\" title=\"Angelo Binaghi affairs: ma \u00e8 la Federtennis o un fondo di venture capital?\" data-src=\"https:\/\/www.lettera43.it\/wp-content\/uploads\/2025\/12\/tagfin_20251218122044167_b7b328642ea329b20f38fcbc8c99f44e.jpg\" loading=\"lazy\" data-has-syndication-rights=\"1\" data-licensor-name=\"Lettera43\" srcset=\"https:\/\/www.lettera43.it\/wp-content\/uploads\/2025\/12\/tagfin_20251218122044167_b7b328642ea329b20f38fcbc8c99f44e.jpg 1200w, https:\/\/www.lettera43.it\/wp-content\/uploads\/2025\/12\/tagfin_20251218122044167_b7b328642ea329b20f38fcbc8c99f44e-800x561.jpg 800w, https:\/\/www.lettera43.it\/wp-content\/uploads\/2025\/12\/tagfin_20251218122044167_b7b328642ea329b20f38fcbc8c99f44e-390x274.jpg 390w\" sizes=\"auto, (max-width: 1200px) 100vw, 1200px\" \/><\/a><figcaption class=\"wp-element-caption\">Jannik Sinner con il trofeo delle Atp Finals 2025 (Ansa).<\/figcaption><\/figure>\n\n\n<p><strong>Pubblicit\u00e0<\/strong> e <strong>sponsorizzazioni<\/strong>, invece, restano molto basse: appena 1 milione di euro dai fornitori ufficiali (<strong>Joma<\/strong> e <strong>Bmw<\/strong> su tutti) e circa 3 milioni dagli sponsor istituzionali (<strong>Joma<\/strong> e <strong>Italgas<\/strong> principalmente). Oltre l\u201980 per cento del valore della produzione \u00e8 reinvestito per lo sviluppo del settore tennis e padel, con 182 milioni nel 2024 che arriveranno oltre quota 200 milioni nel 2025.<\/p>\n\n\n<figure class=\"wp-block-image size-large\"><a href=\"https:\/\/www.lettera43.it\/galleria\/1290445\/1212617\"><img data-has-syndication-rights=\"1\" data-portal-copyright=\"Lettera43\" data-licensor-name=\"Lettera43\" decoding=\"async\" width=\"1024\" height=\"682\" src=\"https:\/\/www.lettera43.it\/wp-content\/uploads\/2025\/05\/Binaghi-si-gode-la-grandeur-degli-Internazionali-di-Roma-con-un-occhio-alla-partita-per-il-Coni--1024x682.jpg\" alt=\"Angelo Binaghi affairs: ma \u00e8 la Federtennis o un fondo di venture capital?\" class=\"wp-image-1212617 lazyload\" title=\"Angelo Binaghi affairs: ma \u00e8 la Federtennis o un fondo di venture capital?\" data-src=\"https:\/\/www.lettera43.it\/wp-content\/uploads\/2025\/05\/Binaghi-si-gode-la-grandeur-degli-Internazionali-di-Roma-con-un-occhio-alla-partita-per-il-Coni--1024x682.jpg\" loading=\"lazy\" data-has-syndication-rights=\"1\" data-licensor-name=\"Lettera43\" srcset=\"https:\/\/www.lettera43.it\/wp-content\/uploads\/2025\/05\/Binaghi-si-gode-la-grandeur-degli-Internazionali-di-Roma-con-un-occhio-alla-partita-per-il-Coni--1024x682.jpg 1024w, https:\/\/www.lettera43.it\/wp-content\/uploads\/2025\/05\/Binaghi-si-gode-la-grandeur-degli-Internazionali-di-Roma-con-un-occhio-alla-partita-per-il-Coni--800x533.jpg 800w, https:\/\/www.lettera43.it\/wp-content\/uploads\/2025\/05\/Binaghi-si-gode-la-grandeur-degli-Internazionali-di-Roma-con-un-occhio-alla-partita-per-il-Coni--768x512.jpg 768w, https:\/\/www.lettera43.it\/wp-content\/uploads\/2025\/05\/Binaghi-si-gode-la-grandeur-degli-Internazionali-di-Roma-con-un-occhio-alla-partita-per-il-Coni-.jpg 1200w\" sizes=\"auto, (max-width: 1024px) 100vw, 1024px\" \/><\/a><figcaption class=\"wp-element-caption\">Frecce tricolori al Foro Italico (Ansa)<\/figcaption><\/figure>\n\n\n<p>La sola organizzazione degli Internazionali di tennis di Roma costa quasi 40 milioni di euro all\u2019anno, mentre le Nitto Atp finals di Torino comportano per la Federtennis un esborso attorno ai 60 milioni di euro. Per ospitare, infine, le finali di Coppa Davis a Bologna la Federazione italiana deve versare a <strong>Itf<\/strong> (la <strong>Federtennis internazionale<\/strong>) una fee di circa 15 milioni di euro all\u2019anno.<\/p>\n\n\n\n<h2 class=\"wp-block-heading\">Oltre 1,2 milioni di tesserati in Italia (ma si contano anche gli scolari&#8230;)<\/h2>\n\n\n\n<p>In questo processo di <strong>espansione<\/strong> del tennis come fenomeno di massa (trainato dai successi e dalla popolarit\u00e0 di <strong>Jannik Sinner<\/strong>), la Federazione vanta oltre 1,2 milioni di tesserati in Italia. Con un&#8217;avvertenza, tuttavia: la stampa di settore, infatti, fa sempre notare che ci sono 813 mila scolari avvicinati dal programma <strong>Racchette in classe<\/strong>, opportunamente tesserati (attraverso i club che ricevono in dono un contributo economico) e che invece non dovrebbero essere conteggiati tra i praticanti solo perch\u00e9 impugnano una racchetta come attivit\u00e0 scolastica.<\/p>\n\n\n\n<h2 class=\"wp-block-heading\">Gli investimenti sul canale SuperTennis e l&#8217;accordo con Sky Sport<\/h2>\n\n\n\n<p>Detto ci\u00f2, comunque, veniamo alle pi\u00f9 recenti operazioni messe in piedi da Binaghi: l\u2019investimento da 6 milioni di euro all\u2019anno per cinque anni per i diritti degli Us Open \u00e8 poi in parte rientrato grazie all\u2019accordo con <strong>Sky Sport<\/strong>, che trasmette, in sub-concessione, il torneo anche in <strong>pay<\/strong>, mentre il canale SuperTennis lo fa in chiaro. Sky ha ceduto a SuperTennis i diritti sui <strong>tornei femminili Wta<\/strong> e l\u2019archivio Atp per le partite dell\u2019anno precedente. Inoltre SuperTennis nel 2024 ha pure acquistato i diritti tiv\u00f9 della Coppa Davis e della <strong>Billie Jean King cup<\/strong> dal 2025 al 2028. E infatti SuperTennis, nel 2025, ha raggiunto una media di share dello 0,35 per cento nelle 24 ore (era allo 0,20 per cento nel 2024), superando <strong>Sportitalia<\/strong>, ferma allo 0,32 per cento di share.<\/p>\n\n\n\n<h2 class=\"wp-block-heading\">Una quota nell\u2019acquisizione de <em>La Stampa<\/em>: c&#8217;\u00e8 dietro Chiara Appendino&#8230;<\/h2>\n\n\n\n<p>C\u2019\u00e8 poi l\u2019operazione con i soci di Sae per l\u2019acquisizione de <em>La Stampa<\/em>: dietro c\u2019\u00e8 lo zampino di <strong>Chiara Appendino<\/strong>, vicepresidente della Fitp ed ex <strong>sindaca<\/strong> di <strong>Torino<\/strong>. Naturale che, con le Atp Finals a Torino ancora per qualche anno, sia utile controllare da vicino il quotidiano pi\u00f9 importante della citt\u00e0. Inoltre la Sae, tra le altre testate locali, \u00e8 anche editore de <em>La Nuova Sardegna<\/em>, e il <strong>sardo<\/strong> Binaghi ha sempre un occhio di riguardo sulle faccende dell\u2019isola.<\/p>\n\n\n<figure class=\"wp-block-image size-full\"><a href=\"https:\/\/www.lettera43.it\/galleria\/1290445\/1284965\"><img data-has-syndication-rights=\"1\" data-portal-copyright=\"Lettera43\" data-licensor-name=\"Lettera43\" decoding=\"async\" width=\"1200\" height=\"800\" src=\"https:\/\/www.lettera43.it\/wp-content\/uploads\/2026\/02\/Conte-e-quellossessione-paraleghista-per-la-sicurezza-er.jpg\" alt=\"Angelo Binaghi affairs: ma \u00e8 la Federtennis o un fondo di venture capital?\" class=\"wp-image-1284965 lazyload\" title=\"Angelo Binaghi affairs: ma \u00e8 la Federtennis o un fondo di venture capital?\" data-src=\"https:\/\/www.lettera43.it\/wp-content\/uploads\/2026\/02\/Conte-e-quellossessione-paraleghista-per-la-sicurezza-er.jpg\" loading=\"lazy\" data-has-syndication-rights=\"1\" data-licensor-name=\"Lettera43\" srcset=\"https:\/\/www.lettera43.it\/wp-content\/uploads\/2026\/02\/Conte-e-quellossessione-paraleghista-per-la-sicurezza-er.jpg 1200w, https:\/\/www.lettera43.it\/wp-content\/uploads\/2026\/02\/Conte-e-quellossessione-paraleghista-per-la-sicurezza-er-800x533.jpg 800w, https:\/\/www.lettera43.it\/wp-content\/uploads\/2026\/02\/Conte-e-quellossessione-paraleghista-per-la-sicurezza-er-390x260.jpg 390w\" sizes=\"auto, (max-width: 1200px) 100vw, 1200px\" \/><\/a><figcaption class=\"wp-element-caption\">Chiara Appendino (Ansa).<\/figcaption><\/figure>\n\n\n<p>Infine, il ritorno di un torneo Atp a Milano dal giugno del 2028. Sar\u00e0 un 250, quindi senza i campionissimi (che giocheranno solo i 500 al <strong>Queen\u2019s di Londra<\/strong> o ad <strong>Halle<\/strong>), e sull\u2019erba, in preparazione a <strong>Wimbledon<\/strong>. Dovr\u00e0 ritagliarsi spazio tra gli altri tornei di Stoccarda, \u2019s-Hertogenbosch, Maiorca e Eastbourne, in calendario a giugno. Anni fa si studi\u00f2 l\u2019ipotesi di portare un torneo Atp 250 su erba all\u2019interno del parco di <strong>Monza<\/strong>, utilizzando le strutture dell\u2019<strong>autodromo<\/strong>. Arrivarono addirittura i giardinieri di Wimbledon per fare da consulenti, ma non accadde nulla (a Monza adesso si gioca un Atp 125 in aprile su terra rossa).<\/p>\n\n\n\n<h2 class=\"wp-block-heading\">A Milano si costruiranno nuove strutture<\/h2>\n\n\n\n<p>Nel giugno 2028 il tennis Atp di livello, comunque, sbarcher\u00e0 di nuovo a Milano, dove l\u2019ultimo torneo importante, il <strong>Milan Indoor<\/strong>, si era giocato nel 2005 (dal 2006 \u00e8 rimasto un <strong>Atp Challenger 75<\/strong> all\u2019<strong>Aspria Harbour club<\/strong> di Milano, a fine giugno, su terra). E l&#8217;amministrazione comunale, secondo indiscrezioni raccolte da <em>Lettera43<\/em>, costruir\u00e0 delle strutture fisse e permanenti, con tutti i campi in erba. Si stanno anche individuando delle aree per un nuovo centro federale. Le ipotesi al vaglio sono la ex <strong>Maura<\/strong>, nella parte non edificabile; l&#8217;ex <strong>Lido<\/strong>; e una terza area in <strong>Bonfadini<\/strong>.<\/p>\n","protected":false},"excerpt":{"rendered":"<p>Visto che i bilanci grondano di ricavi, la federazione si \u00e8 lanciata in una serie di investimenti spericolati. Tra acquisizione di diritti tiv\u00f9, shopping di tornei Atp e persino una quota nell&#8217;acquisizione de La Stampa.<\/p>\n","protected":false},"author":4,"featured_media":0,"comment_status":"closed","ping_status":"closed","sticky":false,"template":"","format":"standard","meta":{"om_disable_all_campaigns":false,"_monsterinsights_skip_tracking":false,"_monsterinsights_sitenote_active":false,"_monsterinsights_sitenote_note":"","_monsterinsights_sitenote_category":0,"footnotes":""},"categories":[25],"tags":[],"class_list":["post-825861","post","type-post","status-publish","format-standard","hentry","category-economia"],"aioseo_notices":[],"_links":{"self":[{"href":"https:\/\/nugnes.com\/index.php?rest_route=\/wp\/v2\/posts\/825861","targetHints":{"allow":["GET"]}}],"collection":[{"href":"https:\/\/nugnes.com\/index.php?rest_route=\/wp\/v2\/posts"}],"about":[{"href":"https:\/\/nugnes.com\/index.php?rest_route=\/wp\/v2\/types\/post"}],"author":[{"embeddable":true,"href":"https:\/\/nugnes.com\/index.php?rest_route=\/wp\/v2\/users\/4"}],"replies":[{"embeddable":true,"href":"https:\/\/nugnes.com\/index.php?rest_route=%2Fwp%2Fv2%2Fcomments&post=825861"}],"version-history":[{"count":1,"href":"https:\/\/nugnes.com\/index.php?rest_route=\/wp\/v2\/posts\/825861\/revisions"}],"predecessor-version":[{"id":825862,"href":"https:\/\/nugnes.com\/index.php?rest_route=\/wp\/v2\/posts\/825861\/revisions\/825862"}],"wp:attachment":[{"href":"https:\/\/nugnes.com\/index.php?rest_route=%2Fwp%2Fv2%2Fmedia&parent=825861"}],"wp:term":[{"taxonomy":"category","embeddable":true,"href":"https:\/\/nugnes.com\/index.php?rest_route=%2Fwp%2Fv2%2Fcategories&post=825861"},{"taxonomy":"post_tag","embeddable":true,"href":"https:\/\/nugnes.com\/index.php?rest_route=%2Fwp%2Fv2%2Ftags&post=825861"}],"curies":[{"name":"wp","href":"https:\/\/api.w.org\/{rel}","templated":true}]}}