{"id":825908,"date":"2026-03-10T11:10:59","date_gmt":"2026-03-10T11:10:59","guid":{"rendered":"http:\/\/nugnes.com\/?guid=49d178bb99fa4e7c1f535faaabcbde24"},"modified":"2026-03-10T11:10:59","modified_gmt":"2026-03-10T11:10:59","slug":"la-guerra-mobilita-coldiretti-esposti-in-procura-contro-gli-speculatori","status":"publish","type":"post","link":"https:\/\/nugnes.com\/?p=825908","title":{"rendered":"La guerra mobilita Coldiretti, esposti in Procura contro gli speculatori"},"content":{"rendered":"<p>AGI - <strong>Coldiretti <\/strong>si <strong>mobilita <\/strong>per denunciare l'impatto sulle imprese della guerra in<strong> Medio Oriente <\/strong>e annuncia una <strong>raffica <\/strong>di <strong>esposti<\/strong> in tutte le Procure italiane contro \"le<strong> speculazioni sul gasolio agricolo<\/strong>\". Intanto il governo con il ministro <strong>Francesco Lollobrigida<\/strong>, presente alla <strong>manifestazione nazionale di Palermo<\/strong>, si impegna a mettere in campo \"<strong>ogni risposta<\/strong>\" a tutela del settore.&nbsp;<\/p>\n<h2>Coldiretti si mobilita a Palermo, \"fiori nei cannoni\"&nbsp;<\/h2>\n<p>\"<strong>Mettete dei fiori nei vostri cannoni<\/strong>...\" era la \"Proposta\" sanremese dei Giganti, nel 1967, alla vigilia dell'irrequieto '68. Ma \u00e8 proprio il settore del&nbsp;<strong>florovivaismo<\/strong>, quello&nbsp;<strong>siciliano<\/strong>&nbsp;in particolare, a essere tra i pi\u00f9 colpiti dalla&nbsp;<strong>guerra nel Golfo<\/strong>.&nbsp;Nel pieno delle spedizioni verso il&nbsp;<strong>Medio Oriente<\/strong>, dalla&nbsp;<strong>Sicilia<\/strong>&nbsp;sarebbero dovuti partire oltre mille&nbsp;<strong>container<\/strong>&nbsp;diretti a<strong> Dubai,<\/strong> Arabia Saudita e Kuwait, ma le consegne sono state annullate e rinviate a data da destinarsi.<\/p>\n<p>\"Si tratta di uno&nbsp;<strong>stop improvviso<\/strong>&nbsp;che arriva nel momento pi\u00f9 delicato per le nostre&nbsp;<strong>esportazioni<\/strong>\", spiega Mario Faro, presidente della Consulta Nazionale Florovivaismo di <strong>Coldiretti.<\/strong> \"Molte aziende avevano gi\u00e0 programmato le spedizioni e preparato le forniture per i&nbsp;<strong>mercati del Golfo<\/strong>. Il blocco rischia di provocare&nbsp;<strong>perdite economiche<\/strong>&nbsp;molto pesanti per tutto il comparto\".<\/p>\n<h2>Il florovivaismo nel 'mirino' della guerra&nbsp;<\/h2>\n<p>A rendere la situazione ancora pi\u00f9 pesante c'\u00e8 la beffa dell'aumento dei&nbsp;<strong>costi di produzione<\/strong>: stanno gi\u00e0 salendo i prezzi di&nbsp;<strong>vasi in plastica<\/strong>&nbsp;e&nbsp;<strong>impianti di irrigazione<\/strong>, a causa della carenza di&nbsp;<strong>materie prime<\/strong>&nbsp;provenienti proprio dai Paesi del Golfo. \"Oltre al danno delle esportazioni ferme - aggiunge Faro - stiamo registrando anche un&nbsp;<strong>aumento dei costi<\/strong>&nbsp;lungo tutta la&nbsp;<strong>filiera produttiva<\/strong>. Plastica, materiali tecnici e componenti per l'irrigazione stanno diventando pi\u00f9 cari e difficili da reperire\".<\/p>\n<p>\"Per molte&nbsp;<strong>imprese florovivaistiche siciliane<\/strong>&nbsp;- conclude Faro - il Medio Oriente rappresenta un&nbsp;<strong>mercato strategico<\/strong>. Se la situazione non si sbloccher\u00e0 rapidamente, il rischio \u00e8 di compromettere una parte significativa della&nbsp;<strong>stagione commerciale<\/strong>\".<\/p>\n<h2>La denuncia contro le speculazioni&nbsp;<\/h2>\n<p>Oltre all'aumento dei&nbsp;<strong>costi di produzione<\/strong>, con il prezzo del&nbsp;<strong>gasolio agricolo<\/strong>&nbsp;alle stelle che ha portato la&nbsp;<strong>Coldiretti<\/strong>&nbsp;a presentare&nbsp;<strong>denuncia in procura<\/strong>&nbsp;contro le&nbsp;<strong>speculazioni<\/strong>, anche il&nbsp;<strong>blocco dei traffici commerciali<\/strong>&nbsp;legato alla&nbsp;<strong>guerra in Iran<\/strong>&nbsp;sta gi\u00e0 causando gravi danni all'<strong>export<\/strong>, a partire dai&nbsp;<strong>mercati mediorientali<\/strong>&nbsp;dove il valore complessivo delle&nbsp;<strong>vendite agroalimentari tricolori<\/strong>&nbsp;ammonta a oltre 2 miliardi di euro.<\/p>\n<p>Tremila gli&nbsp;<strong>agricoltori<\/strong>&nbsp;a&nbsp;<strong>Palermo<\/strong>, riuniti al <strong>Teatro Politeama <\/strong>e in una struttura adiacente, assieme al presidente di Coldiretti, Ettore Prandini, al segretario generale Vincenzo Gesmundo, al presidente di Coldiretti Sicilia, Francesco Ferreri, e al ministro Lollobrigida.<\/p>\n<div>\n \n<\/div>\n<h2>Preoccupano i prodotti deperibili&nbsp;<\/h2>\n<p>A preoccupare sono soprattutto i&nbsp;<strong>prodotti deperibili<\/strong>, a partire da&nbsp;<strong>florovivaismo<\/strong>&nbsp;e&nbsp;<strong>ortofrutta<\/strong>. Le&nbsp;<strong>mele<\/strong>&nbsp;trovano nei mercati dell'area una piazza importante, con il 13% del valore dell'export, mentre lo&nbsp;<strong>stop al traffico marittimo nel Golfo<\/strong>&nbsp;arriva proprio nel momento clou della&nbsp;<strong>campagna floricola<\/strong>, con circa mille&nbsp;<strong>container<\/strong>&nbsp;destinati ai&nbsp;<strong>Paesi del Medio Oriente<\/strong>&nbsp;e ordini gi\u00e0 in portafoglio che stanno subendo una brusca frenata. Alcune&nbsp;<strong>spedizioni<\/strong>&nbsp;in viaggio sono state deviate verso l'India, con il rischio di compromettere la&nbsp;<strong>qualit\u00e0 dei prodotti<\/strong>.<\/p>\n<p>A pesare sono anche le scelte delle principali&nbsp;<strong>compagnie di navigazione<\/strong>&nbsp;che evitano il&nbsp;<strong>Canale di Suez<\/strong>, allungando&nbsp;<strong>tempi e costi delle rotte<\/strong>. Intanto si registrano&nbsp;<strong>aumenti<\/strong>&nbsp;annunciati dai fornitori di&nbsp;<strong>materie plastiche<\/strong>&nbsp;per vasi e impianti di irrigazione, mentre continuano a salire i prezzi di&nbsp;<strong>gasolio<\/strong>&nbsp;ed&nbsp;<strong>energia<\/strong>&nbsp;anche per effetto di&nbsp;<strong>manovre speculative<\/strong>.<\/p>\n<p>Proprio ieri Coldiretti ha presentato un&nbsp;<strong>esposto<\/strong>&nbsp;alla Procura della Repubblica di Roma e alla Guardia di finanza contro gli&nbsp;<strong>aumenti ingiustificati del gasolio agricolo<\/strong>, mentre crescono anche le tensioni sul fronte dei&nbsp;<strong>fertilizzanti<\/strong>.<\/p>\n<h2>La lotta per tutelare il Made in Italy&nbsp;<\/h2>\n<p>La mobilitazione di Palermo rilancia inoltre la battaglia contro la norma dell'ultima trasformazione del&nbsp;<strong>codice doganale<\/strong>&nbsp;che consente a prodotti stranieri di diventare formalmente&nbsp;<strong>Made in Italy<\/strong>&nbsp;dopo una minima lavorazione. \u00c8 il caso di <strong>petti di pollo <\/strong>sudamericani impanati, cosce di maiale olandesi o danesi vendute come prosciutti italiani, carciofini egiziani sott'olio o succhi di frutta che acquisiscono l'etichetta italiana per l'export.<\/p>\n<p>Una pratica che penalizza anche le&nbsp;<strong>eccellenze siciliane<\/strong>&nbsp;apprezzate da tutto il mondo come&nbsp;<strong>arance<\/strong>,&nbsp;<strong>limoni<\/strong>,&nbsp;<strong>pistacchi<\/strong>&nbsp;e&nbsp;<strong>mandorle<\/strong>&nbsp;e che si estende a mozzarelle con latte estero, sughi con concentrato cinese o pasta con grano canadese. Per questo Coldiretti chiede l'obbligo di&nbsp;<strong>etichettatura d'origine<\/strong>&nbsp;per tutti i prodotti in vendita nell'<strong>Unione europea<\/strong>.<\/p>\n<h2>Lollobrigida: in campo ogni risposta per sostenere gli agricoltori&nbsp;<\/h2>\n<p>In queste ore stiamo affrontando una&nbsp;<strong>questione di carattere internazionale<\/strong>&nbsp;molto rilevante che non dipende da noi, di cui subiamo le conseguenze, e ovviamente il&nbsp;<strong>governo<\/strong>&nbsp;sta <strong>mettendo in campo tutte le risposte necessarie<\/strong> per venire incontro ai nostri&nbsp;<strong>agricoltori<\/strong>\", spiega il&nbsp;<strong>ministro all'Agricoltura<\/strong>,&nbsp;<strong>Francesco Lollobrigida<\/strong>.<\/p>\n<p>\"Il governo - ha aggiunto il ministro - in tanti momenti di difficolt\u00e0 \u00e8 intervenuto sostenendo le&nbsp;<strong>aziende colpite<\/strong>, in ogni situazione emergenziale, anche con&nbsp;<strong>fondi di carattere strutturale<\/strong>. Quasi un miliardo da&nbsp;<strong>fondi Pnrr<\/strong>&nbsp;arriver\u00e0 in&nbsp;<strong>Sicilia<\/strong>, sviluppando sempre pi\u00f9 il&nbsp;<strong>settore agricolo<\/strong>. E si \u00e8 agito anche per la&nbsp;<strong>promozione dei prodotti<\/strong>, comprese le straordinarie&nbsp;<strong>arance siciliane<\/strong>&nbsp;che oggi viaggiano nelle grandi compagnie, proteggendole dalla&nbsp;<strong>concorrenza sleale<\/strong>. L'Italia \u00e8 l'unico Paese europeo, poi, a mantenere l'incentivo, quasi un miliardo, per il&nbsp;<strong>gasolio agricolo<\/strong>\".<\/p>\n<h2>\"Colpiremo duramente gli speculatori\"&nbsp;<\/h2>\n<p>\"Le associazioni\" hanno segnalato gli&nbsp;<strong>aumenti ingiustificati di carburanti<\/strong>&nbsp;\"alla&nbsp;<strong>guardia di finanza<\/strong>&nbsp;e al ministero competente che sta inviando&nbsp;<strong>controlli e verifiche<\/strong>&nbsp;per evitare ogni forma&nbsp;<strong>speculativa<\/strong>. Chi approfitta di queste situazioni per speculare, deve essere colpito senza alcun tipo di riguardo\", ha aggiunto<strong>&nbsp;Lollobrigida<\/strong>. \"Il governo - ha spiegato il ministro - in tanti momenti di difficolt\u00e0 \u00e8 intervenuto sostenendo le&nbsp;<strong>aziende colpite<\/strong>, in ogni situazione emergenziale, anche con&nbsp;<strong>fondi di carattere strutturale<\/strong>. Quasi un miliardo da&nbsp;<strong>fondi Pnrr<\/strong>&nbsp;arriver\u00e0 in&nbsp;<strong>Sicilia<\/strong>, sviluppando sempre pi\u00f9 il&nbsp;<strong>settore agricolo<\/strong>. E si \u00e8 agito anche per la&nbsp;<strong>promozione dei prodotti<\/strong>, comprese le straordinarie&nbsp;<strong>arance siciliane<\/strong>&nbsp;che oggi viaggiano nelle grandi compagnie, proteggendole dalla&nbsp;<strong>concorrenza sleale<\/strong>. L'Italia \u00e8 l'unico Paese europeo, poi, a mantenere l'incentivo, quasi un miliardo, per il&nbsp;<strong>gasolio agricolo<\/strong>\".<\/p>\n<h2>Prandini, decisivo tenere sotto controllo i prezzi&nbsp;<\/h2>\n<p>\"\u00c8 vergognoso quello che sta avvenendo in termini&nbsp;<strong>speculativi<\/strong>: sappiamo che nei prossimi mesi potrebbero esserci degli&nbsp;<strong>aumenti<\/strong>, ma \u00e8 chiaro che quello che \u00e8 avvenuto invece in questi giorni \u00e8 solo&nbsp;<strong>speculazione<\/strong>, per questo abbiamo denunciato quanto sta accadendo. Tenere sotto controllo i&nbsp;<strong>prezzi<\/strong>&nbsp;significa dare una risposta a tutti i&nbsp;<strong>cittadini<\/strong>\", tuona <strong>Prandini<\/strong>.<\/p>\n<p>\"La tempestivit\u00e0 e la velocit\u00e0 nel cercare di dare risposte, diventa determinante per mantenere la&nbsp;<strong>crescita economica<\/strong>&nbsp;che l'<strong>agroalimentare<\/strong>&nbsp;e tutta l'<strong>agricoltura<\/strong>&nbsp;fino a oggi sono riusciti a garantire\", ha aggiunto. Per Prandini \"serve essere coraggiosi nel presentare&nbsp;<strong>denunce chiare<\/strong>, rispetto a quelli che sono i corpi e gli&nbsp;<strong>organi di controllo<\/strong>. Ed \u00e8 quello che Coldiretti ha voluto fare a tutela dei&nbsp;<strong>consumatori<\/strong>&nbsp;dei cittadini, ma soprattutto dei nostri&nbsp;<strong>imprenditori<\/strong>, presentando ieri un&nbsp;<strong>esposto<\/strong>&nbsp;alla&nbsp;<strong>procura<\/strong>&nbsp;e alla&nbsp;<strong>guardia di finanza di Roma<\/strong>&nbsp;per fare piena luce sulle&nbsp;<strong>speculazioni sul gasolio agricolo<\/strong>\".&nbsp;<\/p>\n<h2>\"Raffica di esposti alle Procure di tutta Italia\"&nbsp;<\/h2>\n<p>&nbsp;\"La guerra alle porte dell'Europa&nbsp;\u00e8 gi\u00e0 entrata nelle case degli italiani e nelle aziende agricole - ragiona il segretario generale di Coldiretti, Vincenzo Gesmundo, intervenendo sui riflessi economici del conflitto internazionale sul comparto agricolo - sta gi\u00e0 producendo effetti concreti a partire dall'aumento dei costi energetici e dalle distorsioni nella logistica che incidono direttamente sulla competitivit\u00e0 del settore. Per questo ieri a Roma, oggi in Sicilia e in tutte le procure competenti d'Italia presentiamo un esposto contro le <strong>speculazioni sul gasolio agricolo<\/strong>. Denuncia che oggi abbiamo anche consegnato al ministro Lollobrigida durante la nostra manifestazione\".<\/p>\n<h2>&nbsp;<\/h2>\n<p>&nbsp;<\/p>","protected":false},"excerpt":{"rendered":"<p>AGI &#8211; Coldiretti si mobilita per denunciare l&#8217;impatto sulle imprese della guerra in Medio Oriente e annuncia una raffica di esposti in tutte le Procure italiane contro &#8220;le speculazioni sul gasolio agricolo&#8221;. Intanto il governo con il ministro Francesco&#8230;<\/p>\n","protected":false},"author":298,"featured_media":0,"comment_status":"closed","ping_status":"closed","sticky":false,"template":"","format":"standard","meta":{"om_disable_all_campaigns":false,"_monsterinsights_skip_tracking":false,"_monsterinsights_sitenote_active":false,"_monsterinsights_sitenote_note":"","_monsterinsights_sitenote_category":0,"footnotes":""},"categories":[10,1531],"tags":[],"class_list":["post-825908","post","type-post","status-publish","format-standard","hentry","category-cronaca","category-komposer"],"aioseo_notices":[],"_links":{"self":[{"href":"https:\/\/nugnes.com\/index.php?rest_route=\/wp\/v2\/posts\/825908","targetHints":{"allow":["GET"]}}],"collection":[{"href":"https:\/\/nugnes.com\/index.php?rest_route=\/wp\/v2\/posts"}],"about":[{"href":"https:\/\/nugnes.com\/index.php?rest_route=\/wp\/v2\/types\/post"}],"author":[{"embeddable":true,"href":"https:\/\/nugnes.com\/index.php?rest_route=\/wp\/v2\/users\/298"}],"replies":[{"embeddable":true,"href":"https:\/\/nugnes.com\/index.php?rest_route=%2Fwp%2Fv2%2Fcomments&post=825908"}],"version-history":[{"count":1,"href":"https:\/\/nugnes.com\/index.php?rest_route=\/wp\/v2\/posts\/825908\/revisions"}],"predecessor-version":[{"id":825909,"href":"https:\/\/nugnes.com\/index.php?rest_route=\/wp\/v2\/posts\/825908\/revisions\/825909"}],"wp:attachment":[{"href":"https:\/\/nugnes.com\/index.php?rest_route=%2Fwp%2Fv2%2Fmedia&parent=825908"}],"wp:term":[{"taxonomy":"category","embeddable":true,"href":"https:\/\/nugnes.com\/index.php?rest_route=%2Fwp%2Fv2%2Fcategories&post=825908"},{"taxonomy":"post_tag","embeddable":true,"href":"https:\/\/nugnes.com\/index.php?rest_route=%2Fwp%2Fv2%2Ftags&post=825908"}],"curies":[{"name":"wp","href":"https:\/\/api.w.org\/{rel}","templated":true}]}}