{"id":825912,"date":"2026-03-11T11:58:00","date_gmt":"2026-03-11T11:58:00","guid":{"rendered":"https:\/\/www.lettera43.it\/?p=1290742"},"modified":"2026-03-11T11:58:00","modified_gmt":"2026-03-11T11:58:00","slug":"williams-davila-e-americo-de-grazia-chi-sono-i-dissidenti-di-origine-italiana-liberati-in-venezuela","status":"publish","type":"post","link":"https:\/\/nugnes.com\/?p=825912","title":{"rendered":"Williams Davila e Americo De Grazia, chi sono i dissidenti di origine italiana liberati in Venezuela"},"content":{"rendered":"\n<p>I dissidenti italo-venezuelani <strong>Williams Davila<\/strong> e <strong>Americo De Grazia<\/strong> hanno ottenuto la piena <strong>libert\u00e0<\/strong> grazie alla nuova <strong>legge di amnistia<\/strong>, dopo essere stati <strong>detenuti<\/strong> dall&#8217;agosto 2024 nell&#8217;ambito delle proteste seguite alla contestata rielezione di <strong>Nicolas Maduro<\/strong>. I due politici, rispettivamente di 74 e 66 anni, hanno confermato il loro rilascio tramite i loro account Instagram e X. Entrambi erano stati sottoposti a misure cautelari tra luglio e agosto 2025 dopo essere stati rinchiusi per svariati mesi nel famigerato carcere <strong>El Helicodide <\/strong>di<strong> Caracas<\/strong>.<br>\u00abRibadisco ancora una volta il mio impegno nei confronti di tutti i venezuelani affinch\u00e9 contribuiscano, attraverso i miei sforzi, al ripristino della democrazia, della libert\u00e0 e della sovranit\u00e0\u00bb, ha scritto De Grazia. Anche D\u00e1vila ha assicurato che continuer\u00e0 a lavorare per la liberazione di tutti i prigionieri politici. <\/p>\n\n\n\n<figure class=\"wp-block-embed is-type-rich is-provider-twitter wp-block-embed-twitter\"><div class=\"wp-block-embed__wrapper\">\n<blockquote class=\"twitter-tweet\" data-width=\"500\" data-dnt=\"true\"><p lang=\"es\" dir=\"ltr\">Hoy me otorgaron la amnistia. En la 3era va la vencida. Reafirmo una vez mas mi compromiso con TODOS los venezolanos por contribuir con mi esfuerzo, a la restitucion de la democracia, la libertad y la soberania. Gracias por la SOLIDARIDAD. <a href=\"https:\/\/t.co\/zo1X8m4zgy\">https:\/\/t.co\/zo1X8m4zgy<\/a><\/p>&mdash; Americo De Grazia (@AmericoDeGrazia) <a href=\"https:\/\/twitter.com\/AmericoDeGrazia\/status\/2031092590796320986?ref_src=twsrc%5Etfw\">March 9, 2026<\/a><\/blockquote><script async src=\"https:\/\/platform.twitter.com\/widgets.js\" charset=\"utf-8\"><\/script>\n<\/div><\/figure>\n\n\n\n<h2 class=\"wp-block-heading\">Chi \u00e8 Williams Davila<\/h2>\n\n\n\n<p>Williams Davila \u00e8<strong> ex governatore<\/strong> dello stato venezuelano di <strong>Merida<\/strong>, ex deputato di opposizione e membro del comitato scientifico dell\u2019<strong>Istituto Milton Friedman<\/strong>.<strong> <\/strong>\u00c8 stato arrestato ad agosto 2024 poche ore dopo aver rilasciato un&#8217;<strong>intervista all\u2019<em>Adnkronos<\/em><\/strong> nella quale si era appellato alla premier Meloni chiedendo sostegno \u00abaffinch\u00e9 la sovranit\u00e0 popolare potesse essere rispettata\u00bb in Venezuela.<\/p>\n\n\n\n<h2 class=\"wp-block-heading\">Chi \u00e8 Americo De Grazia<\/h2>\n\n\n\n<p>Americo De Grazia \u00e8 stato sindaco di <strong>Piar<\/strong>, nello stato di Bol\u00edvar, per due mandati, oltre che <strong>parlamentare dell&#8217;Assemblea nazionale<\/strong> del Venezuela eletto nelle fila del partito dell&#8217;Unit\u00e0 Nazionale. Durante la crisi presidenziale del 2019 ha sostenuto <strong>Juan Guaid\u00f3<\/strong>, vedendosi revocata l&#8217;immunit\u00e0 parlamentare in quanto ritenuto <strong>oppositore del regime<\/strong>. A seguito di ci\u00f2, ha cercato e ottenuto <strong>protezione<\/strong> presso l\u2019Ambasciata d&#8217;Italia a Caracas e, successivamente, \u00e8 riuscito a fuggire dal Venezuela. Tornato nel Paese, \u00e8 stato <strong>arrestato ad agosto 2024 <\/strong>quando Maduro represse con la forza le proteste per i brogli alle elezioni presidenziali.<\/p>\n\n\n\n<p><\/p>\n\n\n\n<p><\/p>\n","protected":false},"excerpt":{"rendered":"<p>Erano stati arrestati ad agosto 2024 nell&#8217;ambito delle proteste seguite alla contestata rielezione di Nicolas Maduro.<\/p>\n","protected":false},"author":4,"featured_media":0,"comment_status":"closed","ping_status":"closed","sticky":false,"template":"","format":"standard","meta":{"om_disable_all_campaigns":false,"_monsterinsights_skip_tracking":false,"_monsterinsights_sitenote_active":false,"_monsterinsights_sitenote_note":"","_monsterinsights_sitenote_category":0,"footnotes":""},"categories":[20,1612],"tags":[],"class_list":["post-825912","post","type-post","status-publish","format-standard","hentry","category-esteri","category-ultima-ora"],"aioseo_notices":[],"_links":{"self":[{"href":"https:\/\/nugnes.com\/index.php?rest_route=\/wp\/v2\/posts\/825912","targetHints":{"allow":["GET"]}}],"collection":[{"href":"https:\/\/nugnes.com\/index.php?rest_route=\/wp\/v2\/posts"}],"about":[{"href":"https:\/\/nugnes.com\/index.php?rest_route=\/wp\/v2\/types\/post"}],"author":[{"embeddable":true,"href":"https:\/\/nugnes.com\/index.php?rest_route=\/wp\/v2\/users\/4"}],"replies":[{"embeddable":true,"href":"https:\/\/nugnes.com\/index.php?rest_route=%2Fwp%2Fv2%2Fcomments&post=825912"}],"version-history":[{"count":1,"href":"https:\/\/nugnes.com\/index.php?rest_route=\/wp\/v2\/posts\/825912\/revisions"}],"predecessor-version":[{"id":825913,"href":"https:\/\/nugnes.com\/index.php?rest_route=\/wp\/v2\/posts\/825912\/revisions\/825913"}],"wp:attachment":[{"href":"https:\/\/nugnes.com\/index.php?rest_route=%2Fwp%2Fv2%2Fmedia&parent=825912"}],"wp:term":[{"taxonomy":"category","embeddable":true,"href":"https:\/\/nugnes.com\/index.php?rest_route=%2Fwp%2Fv2%2Fcategories&post=825912"},{"taxonomy":"post_tag","embeddable":true,"href":"https:\/\/nugnes.com\/index.php?rest_route=%2Fwp%2Fv2%2Ftags&post=825912"}],"curies":[{"name":"wp","href":"https:\/\/api.w.org\/{rel}","templated":true}]}}