{"id":825916,"date":"2026-03-11T10:49:00","date_gmt":"2026-03-11T10:49:00","guid":{"rendered":"https:\/\/www.lettera43.it\/?p=1290721"},"modified":"2026-03-11T10:49:00","modified_gmt":"2026-03-11T10:49:00","slug":"meloni-al-franco-parenti-di-milano-bufera-social-e-insulti-alla-direttrice","status":"publish","type":"post","link":"https:\/\/nugnes.com\/?p=825916","title":{"rendered":"Meloni al Franco Parenti di Milano, bufera social e insulti alla direttrice"},"content":{"rendered":"\n<p>Una raffica di polemiche ha travolto il <strong>Teatro Franco Parenti di Milano<\/strong> dopo l&#8217;annuncio della presenza della <strong>premier Giorgia Meloni<\/strong> a un evento nell&#8217;ambito della campagna per il s\u00ec la referendum sulla giustizia del 22 e 23 marzo. Nel mirino \u00e8 finita la <strong>direttrice Andr\u00e9e Ruth Shammah<\/strong>, accusata di aver aperto le porte alla destra. In poco tempo, sotto al suo post Facebook sono comparsi centinaia di commenti negativi e insulti. Sul caso \u00e8 intervenuto anche il presidente del Senato Ignazio La Russa.<\/p>\n\n\n\n<iframe src=\"https:\/\/www.facebook.com\/plugins\/post.php?href=https%3A%2F%2Fwww.facebook.com%2Fandreeruth.shammah.3%2Fposts%2Fpfbid02cATuBvmFvjwMpP7kDJuNNcu1vbFASe666eEKj2GBToAfVSgeRSV4zhQH3YHsVKEMl&#038;show_text=true&#038;width=500\" width=\"500\" height=\"321\" style=\"border:none;overflow:hidden\" scrolling=\"no\" frameborder=\"0\" allowfullscreen=\"true\" allow=\"autoplay; clipboard-write; encrypted-media; picture-in-picture; web-share\"><\/iframe>\n\n\n\n<h2 class=\"wp-block-heading\">I commenti su Facebook: \u00abSpazio profanato dalla destra\u00bb<\/h2>\n\n\n\n<p>\u00abI <strong>fascisti<\/strong> al Pier Lombardo. Tristezza infinita\u2026 Franco Parenti ne sarebbe <strong>disgustato<\/strong>\u00bb, ha scritto un utente evocando la figura dell\u2019attore e fondatore dello spazio culturale. \u00abA destra destra, nascostamente, e neppure troppo, fascista al Franco Parenti! Davvero: sipario\u00bb, o ancora \u00abChiss\u00e0 cosa avrebbe detto Bertolt Brecht. O Vladimir Vladimirovi\u010d Majakovskij. O Jean Genet\u00bb. Ma anche \u00abInvitare la <strong>sponsor di quel &#8220;liberale&#8221; di Orban<\/strong> \u00e8 il segno dei nostri tempi\u00bb, \u00abChe dispiacere vedere il Parenti diventare <strong>ribalta di una imbonitrice <\/strong>come la premier\u00bb, \u00abPovero Franco Parenti <strong>vedere profanato il suo teatro dalla destra<\/strong> che lui ha sempre combattuto\u00bb. Sono solo alcuni dei commenti comparsi sotto il post criticando la scelta di ospitare, gioved\u00ec 12 marzo 2026, la leader di Fratelli d&#8217;Italia. <\/p>\n\n\n\n<h2 class=\"wp-block-heading\">La replica: \u00abIl teatro \u00e8 un luogo aperto al confronto\u00bb<\/h2>\n\n\n\n<p>Shammah ha replicato difendendo la scelta in nome del <strong>pluralismo<\/strong> e del<strong> confronto pubblico<\/strong>: \u00abPerch\u00e9 dovrei rifiutare al presidente del Consiglio di venire a parlare in un luogo aperto al confronto? Nelle nostre sale sono stati <strong>ospitati a pagamento molti incontri pubblici<\/strong>. Lo abbiamo dato a Renzi, a Calenda, lo diamo a La Malfa per discutere del referendum. L\u2019unico al quale forse direi di no, anche se pagasse molto, sarebbe Conte, perch\u00e9 credo che semini odio in tutte le direzioni. Ma forse mi sbaglio e potrei pensarci prima di impedire un <strong>libero dibattito<\/strong>\u00bb. In un&#8217;intervista al Corriere, ha aggiunto che \u00abil teatro ha <strong>sempre tenute aperte le sue porte<\/strong>, anche nei momenti pi\u00f9 difficili\u00bb. Lo stesso Franco Parenti \u00abmise in scena un\u2019opera di George Bernard Shaw, autore di destra, perch\u00e9 uno dei suoi principi era che <strong>bisogna sempre guardare alle ragioni dell\u2019altro<\/strong>. <em>L\u2019Unit\u00e0<\/em> si arrabbi\u00f2 tantissimo. Ci fu una polemica feroce\u00bb.<\/p>\n\n\n<figure class=\"wp-block-image aligncenter size-full\"><a href=\"https:\/\/www.lettera43.it\/galleria\/1290721\/1290739\"><img data-has-syndication-rights=\"1\" data-portal-copyright=\"Lettera43\" data-licensor-name=\"Lettera43\" decoding=\"async\" width=\"800\" height=\"1200\" src=\"https:\/\/www.lettera43.it\/wp-content\/uploads\/2026\/03\/Meloni-al-Franco-Parenti-di-Milano-bufera-social-e-insulti-alla-direttrice.jpg\" alt=\"Meloni al Franco Parenti di Milano, bufera social e insulti alla direttrice\" class=\"wp-image-1290739 lazyload\" title=\"Meloni al Franco Parenti di Milano, bufera social e insulti alla direttrice\" data-src=\"https:\/\/www.lettera43.it\/wp-content\/uploads\/2026\/03\/Meloni-al-Franco-Parenti-di-Milano-bufera-social-e-insulti-alla-direttrice.jpg\" loading=\"lazy\" data-has-syndication-rights=\"1\" data-licensor-name=\"Lettera43\" srcset=\"https:\/\/www.lettera43.it\/wp-content\/uploads\/2026\/03\/Meloni-al-Franco-Parenti-di-Milano-bufera-social-e-insulti-alla-direttrice.jpg 800w, https:\/\/www.lettera43.it\/wp-content\/uploads\/2026\/03\/Meloni-al-Franco-Parenti-di-Milano-bufera-social-e-insulti-alla-direttrice-390x585.jpg 390w\" sizes=\"auto, (max-width: 800px) 100vw, 800px\" \/><\/a><figcaption class=\"wp-element-caption\">Andr\u00e9e Ruth Shammah (Ansa).<\/figcaption><\/figure>\n\n\n<h2 class=\"wp-block-heading\">Interviene anche La Russa: \u00abSolidariet\u00e0 a Shammah, condanno con forza l&#8217;odio politico\u00bb<\/h2>\n\n\n\n<p>Sulla vicenda \u00e8 intervenuto anche il presidente del Senato <strong>Ignazio La Russa<\/strong>: \u00abRivolgo la mia sincera e affettuosa solidariet\u00e0 ad Andr\u00e9e Ruth Shammah, direttrice del Teatro Parenti di Milano. Come lei stessa ha dichiarato, il teatro \u00e8<strong> luogo di confronto<\/strong>, tanto che il Teatro Parenti, negli anni, ha ospitato <strong>partiti e figure politiche di ogni colore<\/strong>. Chiederle o intimarle di impedire l\u2019evento del prossimo 12 marzo, e farlo anche con insulti, \u00e8 sintomo di un odio politico che condanno con forza\u00bb.<\/p>\n","protected":false},"excerpt":{"rendered":"<p>Valanga di critiche sul teatro che ospiter\u00e0 un evento per il s\u00ec al referendum con presente la premier. \u00abI fascisti al Pier Lombardo, tristezza infinita\u00bb. La replica: \u00abLuogo aperto al confronto, sono venuti esponenti di altri partiti\u00bb.<\/p>\n","protected":false},"author":4,"featured_media":0,"comment_status":"closed","ping_status":"closed","sticky":false,"template":"","format":"standard","meta":{"om_disable_all_campaigns":false,"_monsterinsights_skip_tracking":false,"_monsterinsights_sitenote_active":false,"_monsterinsights_sitenote_note":"","_monsterinsights_sitenote_category":0,"footnotes":""},"categories":[745,1612],"tags":[],"class_list":["post-825916","post","type-post","status-publish","format-standard","hentry","category-attualita","category-ultima-ora"],"aioseo_notices":[],"_links":{"self":[{"href":"https:\/\/nugnes.com\/index.php?rest_route=\/wp\/v2\/posts\/825916","targetHints":{"allow":["GET"]}}],"collection":[{"href":"https:\/\/nugnes.com\/index.php?rest_route=\/wp\/v2\/posts"}],"about":[{"href":"https:\/\/nugnes.com\/index.php?rest_route=\/wp\/v2\/types\/post"}],"author":[{"embeddable":true,"href":"https:\/\/nugnes.com\/index.php?rest_route=\/wp\/v2\/users\/4"}],"replies":[{"embeddable":true,"href":"https:\/\/nugnes.com\/index.php?rest_route=%2Fwp%2Fv2%2Fcomments&post=825916"}],"version-history":[{"count":2,"href":"https:\/\/nugnes.com\/index.php?rest_route=\/wp\/v2\/posts\/825916\/revisions"}],"predecessor-version":[{"id":825957,"href":"https:\/\/nugnes.com\/index.php?rest_route=\/wp\/v2\/posts\/825916\/revisions\/825957"}],"wp:attachment":[{"href":"https:\/\/nugnes.com\/index.php?rest_route=%2Fwp%2Fv2%2Fmedia&parent=825916"}],"wp:term":[{"taxonomy":"category","embeddable":true,"href":"https:\/\/nugnes.com\/index.php?rest_route=%2Fwp%2Fv2%2Fcategories&post=825916"},{"taxonomy":"post_tag","embeddable":true,"href":"https:\/\/nugnes.com\/index.php?rest_route=%2Fwp%2Fv2%2Ftags&post=825916"}],"curies":[{"name":"wp","href":"https:\/\/api.w.org\/{rel}","templated":true}]}}