{"id":825918,"date":"2026-03-11T09:59:02","date_gmt":"2026-03-11T09:59:02","guid":{"rendered":"https:\/\/www.lettera43.it\/?p=1290707"},"modified":"2026-03-11T09:59:02","modified_gmt":"2026-03-11T09:59:02","slug":"meloni-in-senato-non-vogliamo-entrare-in-guerra-piu-tasse-per-chi-specula-sui-carburanti","status":"publish","type":"post","link":"https:\/\/nugnes.com\/?p=825918","title":{"rendered":"Meloni in Senato: \u00abNon vogliamo entrare in guerra, pi\u00f9 tasse per chi specula sui carburanti\u00bb"},"content":{"rendered":"\n<p><strong>Giorgia Meloni <\/strong>ha tenuto in <strong>Senato<\/strong> le <strong>comunicazioni<\/strong> in vista del Consiglio europeo e sulla <strong>crisi in Medio Oriente<\/strong>. \u00abNon vogliamo entrare in guerra, qui <strong>non c&#8217;\u00e8 un governo complice di decisioni altrui<\/strong>, n\u00e9 tanto meno isolato in Europa, n\u00e9 colpevole di conseguenze economiche che la crisi pu\u00f2 avere su cittadini e imprese\u00bb, ha detto la premier. \u00abTutte cose che ho sentito dire in questi giorni e che non fanno giustizia dell&#8217;impegno portato avanti in questo delicato quadrante della geopolitica e che abbiamo intensificato in questi giorni\u00bb.<\/p>\n\n\n\n<h2 class=\"wp-block-heading\">\u00abIntervento di Usa e Israele fuori dal diritto internazionale\u00bb<\/h2>\n\n\n\n<p>\u00abIo mi auguro sinceramente che la crisi in corso possa essere affrontata anche con uno <strong>spirito costruttivo e di coesione<\/strong>, sottraendo la discussione a una polarizzazione politica che banalizzando non aiuta nessuno a ragionare con profondit\u00e0\u00bb, ha aggiunto. Ribadendo che quello di Stati Uniti e Israele in Iran \u00e8 \u00abun intervento a cui <strong>l&#8217;Italia non prende parte<\/strong> e non intende prendere parte\u00bb, ha anche evidenziato come sia stata una mossa da collocare \u00abin un contesto di crisi del sistema internazionale nel quale le minacce diventano sempre pi\u00f9 spaventose e si moltiplicano gli interventi unilaterali condotti <strong>fuori dal perimetro del diritto internazionale<\/strong>\u00bb.<\/p>\n\n\n<figure class=\"wp-block-image aligncenter size-full\"><a href=\"https:\/\/www.lettera43.it\/galleria\/1290707\/1290719\"><img data-has-syndication-rights=\"1\" data-portal-copyright=\"Lettera43\" data-licensor-name=\"Lettera43\" decoding=\"async\" width=\"1200\" height=\"800\" src=\"https:\/\/www.lettera43.it\/wp-content\/uploads\/2026\/03\/Meloni-in-Senato-Non-vogliamo-entrare-in-guerra-piu-tasse-per-chi-specula-sui-carburanti.jpg\" alt=\"Meloni in Senato: \u00abNon vogliamo entrare in guerra, pi\u00f9 tasse per chi specula sui carburanti\u00bb\" class=\"wp-image-1290719 lazyload\" title=\"Meloni in Senato: \u00abNon vogliamo entrare in guerra, pi\u00f9 tasse per chi specula sui carburanti\u00bb\" data-src=\"https:\/\/www.lettera43.it\/wp-content\/uploads\/2026\/03\/Meloni-in-Senato-Non-vogliamo-entrare-in-guerra-piu-tasse-per-chi-specula-sui-carburanti.jpg\" loading=\"lazy\" data-has-syndication-rights=\"1\" data-licensor-name=\"Lettera43\" srcset=\"https:\/\/www.lettera43.it\/wp-content\/uploads\/2026\/03\/Meloni-in-Senato-Non-vogliamo-entrare-in-guerra-piu-tasse-per-chi-specula-sui-carburanti.jpg 1200w, https:\/\/www.lettera43.it\/wp-content\/uploads\/2026\/03\/Meloni-in-Senato-Non-vogliamo-entrare-in-guerra-piu-tasse-per-chi-specula-sui-carburanti-800x533.jpg 800w, https:\/\/www.lettera43.it\/wp-content\/uploads\/2026\/03\/Meloni-in-Senato-Non-vogliamo-entrare-in-guerra-piu-tasse-per-chi-specula-sui-carburanti-390x260.jpg 390w\" sizes=\"auto, (max-width: 1200px) 100vw, 1200px\" \/><\/a><figcaption class=\"wp-element-caption\">Giorgia Meloni (Ansa).<\/figcaption><\/figure>\n\n\n<h2 class=\"wp-block-heading\">\u00abAuspicabile compattarsi, mi auguro che l&#8217;Italia parli con una sola voce\u00bb<\/h2>\n\n\n\n<p>Quindi un appello all&#8217;unit\u00e0: \u00abQui c&#8217;\u00e8 il governo italiano chiamato a affrontare uno dei tornanti pi\u00f9 complessi e preferimmo non farlo da soli. \u00c8 sempre auspicabile una nazione come la nostra sappia <strong>compattarsi<\/strong>. Uno scenario come questo impone a tutte le classi dirigenti lucidit\u00e0 e capacit\u00e0 di adattare le proprie decisioni. \u00c8 possibile e io l&#8217;ho fatto, da unica leader di opposizione, durante l&#8217;attacco all&#8217;Ucraina. Si pu\u00f2 fare<strong> senza rinunciare a nulla della propria identit\u00e0 politica<\/strong>, mi auguro che lo spirito possa essere accolto perch\u00e9 l&#8217;Italia possa <strong>parlare con una sola voce<\/strong>\u00bb. <\/p>\n\n\n\n<h2 class=\"wp-block-heading\">\u00abPronti ad aumentare le tasse a chi specula\u00bb<\/h2>\n\n\n\n<p>Riguardo all&#8217;attuale <strong>aumento dei prezzi dei carburanti<\/strong>, il messaggio che Meloni ha lanciato \u00abagli italiani ma anche a chi dovesse pensare di sfruttare questa situazione per arricchirsi sulla pelle dei cittadini e delle imprese\u00bb \u00e8 di rimanere prudenti, perch\u00e9 \u00abfaremo tutto quello che possiamo per <strong>impedire che si speculi <\/strong>sulla crisi compreso, se necessario, <strong>recuperare i proventi della speculazione<\/strong> con una <strong>maggiore tassazione<\/strong> delle aziende che ne fossero responsabili\u00bb.<\/p>\n","protected":false},"excerpt":{"rendered":"<p>Il governo italiano non \u00e8 complice di decisioni altrui, ha detto la premier durante le comunicazioni sulla crisi in Medio Oriente. \u00abAuspicabile compattarsi, mi auguro che l&#8217;Italia parli con una sola voce\u00bb. Le sue dichiarazioni.<\/p>\n","protected":false},"author":4,"featured_media":0,"comment_status":"closed","ping_status":"closed","sticky":false,"template":"","format":"standard","meta":{"om_disable_all_campaigns":false,"_monsterinsights_skip_tracking":false,"_monsterinsights_sitenote_active":false,"_monsterinsights_sitenote_note":"","_monsterinsights_sitenote_category":0,"footnotes":""},"categories":[15,1612],"tags":[],"class_list":["post-825918","post","type-post","status-publish","format-standard","hentry","category-politica","category-ultima-ora"],"aioseo_notices":[],"_links":{"self":[{"href":"https:\/\/nugnes.com\/index.php?rest_route=\/wp\/v2\/posts\/825918","targetHints":{"allow":["GET"]}}],"collection":[{"href":"https:\/\/nugnes.com\/index.php?rest_route=\/wp\/v2\/posts"}],"about":[{"href":"https:\/\/nugnes.com\/index.php?rest_route=\/wp\/v2\/types\/post"}],"author":[{"embeddable":true,"href":"https:\/\/nugnes.com\/index.php?rest_route=\/wp\/v2\/users\/4"}],"replies":[{"embeddable":true,"href":"https:\/\/nugnes.com\/index.php?rest_route=%2Fwp%2Fv2%2Fcomments&post=825918"}],"version-history":[{"count":1,"href":"https:\/\/nugnes.com\/index.php?rest_route=\/wp\/v2\/posts\/825918\/revisions"}],"predecessor-version":[{"id":825919,"href":"https:\/\/nugnes.com\/index.php?rest_route=\/wp\/v2\/posts\/825918\/revisions\/825919"}],"wp:attachment":[{"href":"https:\/\/nugnes.com\/index.php?rest_route=%2Fwp%2Fv2%2Fmedia&parent=825918"}],"wp:term":[{"taxonomy":"category","embeddable":true,"href":"https:\/\/nugnes.com\/index.php?rest_route=%2Fwp%2Fv2%2Fcategories&post=825918"},{"taxonomy":"post_tag","embeddable":true,"href":"https:\/\/nugnes.com\/index.php?rest_route=%2Fwp%2Fv2%2Ftags&post=825918"}],"curies":[{"name":"wp","href":"https:\/\/api.w.org\/{rel}","templated":true}]}}