{"id":825932,"date":"2026-03-11T13:00:05","date_gmt":"2026-03-11T13:00:05","guid":{"rendered":"https:\/\/www.lettera43.it\/?p=1290759"},"modified":"2026-03-11T13:00:05","modified_gmt":"2026-03-11T13:00:05","slug":"venezi-direttrice-musicale-della-fenice-si-dimette-il-consigliere-del-mic-tortato","status":"publish","type":"post","link":"https:\/\/nugnes.com\/?p=825932","title":{"rendered":"Venezi direttrice musicale della Fenice, si dimette il consigliere del MiC Tortato"},"content":{"rendered":"\n<p><strong>Alessandro Tortato<\/strong>, consigliere d&#8217;indirizzo della Fondazione Teatro La Fenice nominato dal ministero della Cultura a gennaio del 2025, <strong>si \u00e8 dimesso <\/strong>all&#8217;indomani del <a href=\"https:\/\/www.lettera43.it\/beatrice-venezi-via-libera-nomina-direttore-musicale-fenice\/\"  rel=\"noreferrer noopener\">voto consultivo con cui \u00e8 stata confermata la nomina<\/a> di <strong>Beatrice Venezi <\/strong>a <strong>direttrice musicale<\/strong>. \u00abA questo punto \u00e8 evidente che la questione si \u00e8 fatta meramente politica e che, di conseguenza, non c&#8217;\u00e8 alcun bisogno di avere un musicista tra i consiglieri. Quindi me ne vado\u00bb, ha annunciato sui social.<\/p>\n\n\n\n<iframe src=\"https:\/\/www.facebook.com\/plugins\/post.php?href=https%3A%2F%2Fwww.facebook.com%2Falessandro.tortato.5%2Fposts%2Fpfbid0gJQAgQpGzNYwJcbfMwFeVaKhS5asbD7MHqmpgUcp2yfQTr7tmGESCG76CMHyavfel&#038;show_text=true&#038;width=500\" width=\"500\" height=\"565\" style=\"border:none;overflow:hidden\" scrolling=\"no\" frameborder=\"0\" allowfullscreen=\"true\" allow=\"autoplay; clipboard-write; encrypted-media; picture-in-picture; web-share\"><\/iframe>\n\n\n\n<h2 class=\"wp-block-heading\">Le critiche al sovrintendente Colabianchi<\/h2>\n\n\n\n<p>In un lungo post, Tortato ha ripercorso i vari capitoli di \u00abquesto vero e proprio feuilleton tutto italiano\u00bb, criticando innanzitutto l&#8217;operato del <strong>Nicola Colabianchi<\/strong>. La nomina di Venezi, ha specificato, \u00e8 del tutto legittima: \u00abSi pu\u00f2 essere in disaccordo, protestare, parlare di prassi violata, ma \u00e8 lecita. Non \u00e8 altrettanto lecito, o perlomeno corretto, che Colabianchi faccia sapere che la nomina \u00e8 stata approvata all\u2019unanimit\u00e0 dal <strong>Consiglio d\u2019indirizzo<\/strong>, cosa mai avvenuta\u00bb.<\/p>\n\n\n\n<h2 class=\"wp-block-heading\">Il dito puntato contro i sindacati<\/h2>\n\n\n\n<p>Tortato ha puntato poi il dito contro i <strong>sindacati<\/strong>, che lo hanno duramente criticato durante il braccio di ferro sul <strong>welfare<\/strong>: \u00abVisto che stiamo parlando della Fenice e non della bocciofila di Maerne (che non esiste, cos\u00ec non offendo nessuno), era assolutamente sensato sospendere il pagamento di quell\u2019erogazione liberale (da 850 mila euro, <em>ndr<\/em>) sin quando non si avesse avuto la certezza che quei soldi sarebbero entrati in cassa\u00bb.<\/p>\n\n\n<figure class=\"wp-block-image size-full\"><a href=\"https:\/\/www.lettera43.it\/galleria\/1290759\/1290766\"><img data-has-syndication-rights=\"1\" data-portal-copyright=\"Lettera43\" data-licensor-name=\"Lettera43\" decoding=\"async\" width=\"1200\" height=\"800\" src=\"https:\/\/www.lettera43.it\/wp-content\/uploads\/2026\/03\/Imagoeconomica_2647999.jpg\" alt=\"Venezi direttrice musicale della Fenice, si dimette il consigliere del MiC Tortato\" class=\"wp-image-1290766 lazyload\" title=\"Venezi direttrice musicale della Fenice, si dimette il consigliere del MiC Tortato\" data-src=\"https:\/\/www.lettera43.it\/wp-content\/uploads\/2026\/03\/Imagoeconomica_2647999.jpg\" loading=\"lazy\" data-has-syndication-rights=\"1\" data-licensor-name=\"Lettera43\" srcset=\"https:\/\/www.lettera43.it\/wp-content\/uploads\/2026\/03\/Imagoeconomica_2647999.jpg 1200w, https:\/\/www.lettera43.it\/wp-content\/uploads\/2026\/03\/Imagoeconomica_2647999-800x533.jpg 800w, https:\/\/www.lettera43.it\/wp-content\/uploads\/2026\/03\/Imagoeconomica_2647999-390x260.jpg 390w\" sizes=\"auto, (max-width: 1200px) 100vw, 1200px\" \/><\/a><figcaption class=\"wp-element-caption\">Beatrice Venezi (Imagoeconomica).<\/figcaption><\/figure>\n\n\n<h2 class=\"wp-block-heading\">L&#8217;attacco a Venezi, non per il suo curriculum<\/h2>\n\n\n\n<p>Poi il duro attacco a Venezi: \u00abSe la nomina \u00e8 stata assolutamente lecita, non \u00e8 lecito da parte sua &#8211; o per lo meno non \u00e8 da me accettabile &#8211; parlare pubblicamente della Fenice come di un \u201c<strong>teatro con gestione anarchica<\/strong>\u201d\u00bb. Inoltre, scrive Tortato, \u00e8 \u00abinopportuno abbracciare una persona che ha appena dichiarato pubblicamente che orchestrali e coristi del \u201csuo\u201d teatro sono \u201cpippe il cui massimo titolo \u00e8 il battesimo\u201d\u00bb. In questo caso il riferimento \u00e8 al giornalista <strong>Andrea Ruggieri<\/strong>. E poi: \u00abAltrettanto fuori luogo sono le dichiarazioni sul <strong>pubblico veneziano <\/strong>composto da ottantenni. Davanti a tutto questo, mi immaginavo almeno una presa di posizione da parte della governance del Teatro a cui appartengo. Al contrario, ieri, ancora in barba allo Statuto, si \u00e8 voluto far pronunciare nuovamente il Consiglio di indirizzo sulla nomina di Venezi a direttore musicale del Teatro\u00bb.<\/p>\n","protected":false},"excerpt":{"rendered":"<p>\u00abLa questione \u00e8 politica, quindi me ne vado\u00bb, ha annunciato sui social dopo dopo il via libera del Consiglio d\u2019indirizzo, ripercorrendo poi i vari capitoli di \u00abquesto vero e proprio feuilleton tutto italiano\u00bb.<\/p>\n","protected":false},"author":4,"featured_media":0,"comment_status":"closed","ping_status":"closed","sticky":false,"template":"","format":"standard","meta":{"om_disable_all_campaigns":false,"_monsterinsights_skip_tracking":false,"_monsterinsights_sitenote_active":false,"_monsterinsights_sitenote_note":"","_monsterinsights_sitenote_category":0,"footnotes":""},"categories":[31,1612],"tags":[],"class_list":["post-825932","post","type-post","status-publish","format-standard","hentry","category-cultura","category-ultima-ora"],"aioseo_notices":[],"_links":{"self":[{"href":"https:\/\/nugnes.com\/index.php?rest_route=\/wp\/v2\/posts\/825932","targetHints":{"allow":["GET"]}}],"collection":[{"href":"https:\/\/nugnes.com\/index.php?rest_route=\/wp\/v2\/posts"}],"about":[{"href":"https:\/\/nugnes.com\/index.php?rest_route=\/wp\/v2\/types\/post"}],"author":[{"embeddable":true,"href":"https:\/\/nugnes.com\/index.php?rest_route=\/wp\/v2\/users\/4"}],"replies":[{"embeddable":true,"href":"https:\/\/nugnes.com\/index.php?rest_route=%2Fwp%2Fv2%2Fcomments&post=825932"}],"version-history":[{"count":2,"href":"https:\/\/nugnes.com\/index.php?rest_route=\/wp\/v2\/posts\/825932\/revisions"}],"predecessor-version":[{"id":825956,"href":"https:\/\/nugnes.com\/index.php?rest_route=\/wp\/v2\/posts\/825932\/revisions\/825956"}],"wp:attachment":[{"href":"https:\/\/nugnes.com\/index.php?rest_route=%2Fwp%2Fv2%2Fmedia&parent=825932"}],"wp:term":[{"taxonomy":"category","embeddable":true,"href":"https:\/\/nugnes.com\/index.php?rest_route=%2Fwp%2Fv2%2Fcategories&post=825932"},{"taxonomy":"post_tag","embeddable":true,"href":"https:\/\/nugnes.com\/index.php?rest_route=%2Fwp%2Fv2%2Ftags&post=825932"}],"curies":[{"name":"wp","href":"https:\/\/api.w.org\/{rel}","templated":true}]}}