{"id":825934,"date":"2026-03-11T12:40:22","date_gmt":"2026-03-11T12:40:22","guid":{"rendered":"https:\/\/www.lettera43.it\/?p=1290757"},"modified":"2026-03-11T12:40:22","modified_gmt":"2026-03-11T12:40:22","slug":"la-spagna-ha-rimosso-il-suo-ambasciatore-in-israele","status":"publish","type":"post","link":"https:\/\/nugnes.com\/?p=825934","title":{"rendered":"La Spagna ha rimosso il suo ambasciatore in Israele"},"content":{"rendered":"\n<p>La <strong>Spagna<\/strong> ha deciso di <strong>rimuovere<\/strong> il suo <strong>ambasciatore in Israele Ana Salomon P\u00e9rez<\/strong>, declassando la rappresentanza diplomatica a Tel Aviv a <strong>incaricata d&#8217;affari<\/strong>. Lo riporta la gazzetta ufficiale di mercoled\u00ec 11 marzo 2026. La decisione pone l&#8217;ambasciata spagnola in Israele nella stessa situazione dell&#8217;<strong>ambasciata israeliana in Spagna<\/strong>, guidata da un incaricato d&#8217;affari (Dana Erlich) da quando il governo Netanyahu ha richiamato il suo ambasciatore, <strong>Rodica Radian-Gord\u00f3n<\/strong>, nel maggio 2024. <\/p>\n\n\n\n<h2 class=\"wp-block-heading\">Il governo spagnolo dovr\u00e0 cercare l&#8217;approvazione di Israele se vorr\u00e0 nominare un nuovo ambasciatore<\/h2>\n\n\n\n<p>Salomon P\u00e9rez era stata <strong>richiamata<\/strong> per consultazioni a settembre 2025 in segno di protesta contro le dichiarazioni del ministro degli Esteri israeliano <strong>Gideon Saar<\/strong> che aveva definito il governo spagnolo \u00ab<strong>antisemita<\/strong>\u00bb. Da allora si trovava in Spagna. Il suo licenziamento non \u00e8 correlato alle sue prestazioni, hanno sottolineato fonti diplomatiche. La decisione, motivata politicamente, aggrava la crisi diplomatica tra i due Paesi e implica che la Spagna dovr\u00e0 nominare un <strong>nuovo ambasciatore<\/strong> e cercare l&#8217;<strong>approvazione delle autorit\u00e0 israeliane <\/strong>quando vorr\u00e0 normalizzare le relazioni e ripristinare il massimo livello di rappresentanza nello Stato ebraico. Non \u00e8 ancora chiaro se ci\u00f2 avverr\u00e0 a breve, dato che continuano le critiche della Spagna a Netanyahu per l&#8217;<strong>attacco all&#8217;Iran<\/strong> e la<strong> nuova offensiva in Libano<\/strong>.<\/p>\n","protected":false},"excerpt":{"rendered":"<p>Al suo posto un incaricato d&#8217;affari, come successo per l&#8217;ambasciata israeliana in Spagna. Quando il governo di Sanchez vorr\u00e0 nominare un nuovo rappresentante, dovr\u00e0 cercare l&#8217;approvazione delle autorit\u00e0 ebraiche.<\/p>\n","protected":false},"author":4,"featured_media":0,"comment_status":"closed","ping_status":"closed","sticky":false,"template":"","format":"standard","meta":{"om_disable_all_campaigns":false,"_monsterinsights_skip_tracking":false,"_monsterinsights_sitenote_active":false,"_monsterinsights_sitenote_note":"","_monsterinsights_sitenote_category":0,"footnotes":""},"categories":[20,1612],"tags":[],"class_list":["post-825934","post","type-post","status-publish","format-standard","hentry","category-esteri","category-ultima-ora"],"aioseo_notices":[],"_links":{"self":[{"href":"https:\/\/nugnes.com\/index.php?rest_route=\/wp\/v2\/posts\/825934","targetHints":{"allow":["GET"]}}],"collection":[{"href":"https:\/\/nugnes.com\/index.php?rest_route=\/wp\/v2\/posts"}],"about":[{"href":"https:\/\/nugnes.com\/index.php?rest_route=\/wp\/v2\/types\/post"}],"author":[{"embeddable":true,"href":"https:\/\/nugnes.com\/index.php?rest_route=\/wp\/v2\/users\/4"}],"replies":[{"embeddable":true,"href":"https:\/\/nugnes.com\/index.php?rest_route=%2Fwp%2Fv2%2Fcomments&post=825934"}],"version-history":[{"count":1,"href":"https:\/\/nugnes.com\/index.php?rest_route=\/wp\/v2\/posts\/825934\/revisions"}],"predecessor-version":[{"id":825935,"href":"https:\/\/nugnes.com\/index.php?rest_route=\/wp\/v2\/posts\/825934\/revisions\/825935"}],"wp:attachment":[{"href":"https:\/\/nugnes.com\/index.php?rest_route=%2Fwp%2Fv2%2Fmedia&parent=825934"}],"wp:term":[{"taxonomy":"category","embeddable":true,"href":"https:\/\/nugnes.com\/index.php?rest_route=%2Fwp%2Fv2%2Fcategories&post=825934"},{"taxonomy":"post_tag","embeddable":true,"href":"https:\/\/nugnes.com\/index.php?rest_route=%2Fwp%2Fv2%2Ftags&post=825934"}],"curies":[{"name":"wp","href":"https:\/\/api.w.org\/{rel}","templated":true}]}}