{"id":825950,"date":"2026-03-11T15:11:21","date_gmt":"2026-03-11T15:11:21","guid":{"rendered":"https:\/\/www.lettera43.it\/?p=1290722"},"modified":"2026-03-11T15:11:21","modified_gmt":"2026-03-11T15:11:21","slug":"universita-di-brescia-il-caso-della-ricercatrice-ostacolata-per-ragioni-politiche","status":"publish","type":"post","link":"https:\/\/nugnes.com\/?p=825950","title":{"rendered":"Universit\u00e0 di Brescia, il caso della ricercatrice ostacolata per ragioni politiche"},"content":{"rendered":"\n<p>Ufficialmente, i <strong>fondi<\/strong> erano esauriti. Ufficiosamente, non hanno voluto assegnarglieli. Dietro al bla bla burocratico sulla <strong>mancanza di risorse<\/strong>, al Dicatam dell\u2019<strong><a href=\"https:\/\/www.lettera43.it\/universita-brescia-concorso-su-misura-non-vinto-predestinato\/\"  rel=\"noreferrer noopener\">Universit\u00e0 di Brescia<\/a><\/strong>, cio\u00e8 il Dipartimento di Ingegneria civile, Architettura, Territorio, Ambiente e Matematica, si \u00e8 consumato un altro &#8211; l&#8217;ennesimo &#8211; capitolo di una gestione dipartimentale che si potrebbe definire (quantomeno) creativa. Dopo <a href=\"https:\/\/www.lettera43.it\/universita-brescia-giallo-concorso-ombra-fondazione-poliambulanza\/\"  rel=\"noreferrer noopener\">i guai con la facolt\u00e0 di <strong>Medicina<\/strong><\/a>, ora \u00e8 scoppiato il caso di una <strong>ricercatrice<\/strong> di <strong>Ingegneria<\/strong>.<\/p>\n\n\n\n<h2 class=\"wp-block-heading\">Quel ritardo che oggi appare tutt&#8217;altro che casuale<\/h2>\n\n\n\n<p>I fatti in sintesi. A dicembre 2024, mentre il <strong>rettore<\/strong> annunciava 12 progressioni di carriera finanziate dal <strong>Piano straordinario ministeriale<\/strong> e i direttori degli altri dipartimenti si affrettavano a interpellare i propri ricercatori abilitati, al Dicatam c\u2019era il silenzio stampa. Come ha scritto nelle sue riflessioni inoltrate ai colleghi, la professoressa, unica candidata del suo settore, non \u00e8 mai stata contattata ufficialmente dal direttore. \u00c8 venuta a conoscenza della possibilit\u00e0 di ottenere il posto ad aprile 2025, dopo qualche telefonata con i colleghi. Un ritardo che oggi, a conti fatti, appare tutt&#8217;altro che casuale.<\/p>\n\n\n\n<h2 class=\"wp-block-heading\">Ma come, il settore di Geotecnica non era \u00abin sofferenza\u00bb?<\/h2>\n\n\n\n<p>Alla fine il direttore ha decretato che il settore di <strong>Geotecnica<\/strong> non avesse bisogno di un nuovo professore associato perch\u00e9 le ore di didattica erano gi\u00e0 coperte. Peccato che al Dicatam questa &#8220;contabilit\u00e0&#8221; sembri variare a seconda dell&#8217;obiettivo. Solo due anni fa, il Dipartimento chiedeva con urgenza un <strong>nuovo ricercatore<\/strong> proprio perch\u00e9 il settore era \u00abin sofferenza\u00bb.<\/p>\n\n\n\n<h2 class=\"wp-block-heading\">Una scelta che sembra politica, non economica<\/h2>\n\n\n\n<p>Oggi, per <strong>negare la promozione<\/strong> alla ricercatrice, quella stessa sofferenza \u00e8 per\u00f2 magicamente sparita. Per ottenere nuovi posti nel 2023, la Geologia applicata veniva conteggiata nelle necessit\u00e0 del settore. Per ostacolare la carriera alla prof nel 2025, due anni dopo, la Geologia \u00e8 diventata un corpo estraneo da non conteggiare. Eppure promuovere la ricercatrice sarebbe costato appena 0,2 punti organico &#8211; cio\u00e8 l&#8217;unit\u00e0 di misura utilizzata dal ministero per definire il budget assunzionale annuale delle universit\u00e0, basata sul costo del personale -, meno di quanto gi\u00e0 si spende per il suo <strong>stipendio<\/strong>. Ma il Dipartimento ha preferito rincorrere soluzioni esterne e bandi precari. Una scelta <strong>politica<\/strong>, non <strong>economica<\/strong>.<\/p>\n\n\n\n<h2 class=\"wp-block-heading\">Le risorse pubbliche non servirebbero per \u00absistemare situazioni personali\u00bb<\/h2>\n\n\n\n<p>La verit\u00e0 \u00e8 emersa nelle stanze chiuse del Consiglio di luglio 2025. Nonostante i professori ordinari avessero inizialmente dato parere favorevole all&#8217;unanimit\u00e0, il direttore ha scelto unilateralmente di non mettere la proposta al voto. Le parole usate, riferite e citate nelle memorie, sono all\u2019incirca queste: le risorse pubbliche non servirebbero per \u00ab<strong>sistemare situazioni personali<\/strong>\u00bb. I fondi sono stati dichiarati esauriti il 21 luglio, ma per la ricercatrice la porta era stata sbarrata molto prima. Tra le pieghe di un&#8217;inerzia amministrativa che ha tutto il sapore di una ritorsione professionale.<\/p>\n","protected":false},"excerpt":{"rendered":"<p>A Geotecnica serviva una risorsa perch\u00e9 il settore era in sofferenza. Ma poi i fondi necessari all&#8217;assunzione sono magicamente spariti. Una scelta che per\u00f2 non sembra economica. E qualcuno parla gi\u00e0 di ritorsione&#8230;<\/p>\n","protected":false},"author":4,"featured_media":0,"comment_status":"closed","ping_status":"closed","sticky":false,"template":"","format":"standard","meta":{"om_disable_all_campaigns":false,"_monsterinsights_skip_tracking":false,"_monsterinsights_sitenote_active":false,"_monsterinsights_sitenote_note":"","_monsterinsights_sitenote_category":0,"footnotes":""},"categories":[745],"tags":[],"class_list":["post-825950","post","type-post","status-publish","format-standard","hentry","category-attualita"],"aioseo_notices":[],"_links":{"self":[{"href":"https:\/\/nugnes.com\/index.php?rest_route=\/wp\/v2\/posts\/825950","targetHints":{"allow":["GET"]}}],"collection":[{"href":"https:\/\/nugnes.com\/index.php?rest_route=\/wp\/v2\/posts"}],"about":[{"href":"https:\/\/nugnes.com\/index.php?rest_route=\/wp\/v2\/types\/post"}],"author":[{"embeddable":true,"href":"https:\/\/nugnes.com\/index.php?rest_route=\/wp\/v2\/users\/4"}],"replies":[{"embeddable":true,"href":"https:\/\/nugnes.com\/index.php?rest_route=%2Fwp%2Fv2%2Fcomments&post=825950"}],"version-history":[{"count":1,"href":"https:\/\/nugnes.com\/index.php?rest_route=\/wp\/v2\/posts\/825950\/revisions"}],"predecessor-version":[{"id":825951,"href":"https:\/\/nugnes.com\/index.php?rest_route=\/wp\/v2\/posts\/825950\/revisions\/825951"}],"wp:attachment":[{"href":"https:\/\/nugnes.com\/index.php?rest_route=%2Fwp%2Fv2%2Fmedia&parent=825950"}],"wp:term":[{"taxonomy":"category","embeddable":true,"href":"https:\/\/nugnes.com\/index.php?rest_route=%2Fwp%2Fv2%2Fcategories&post=825950"},{"taxonomy":"post_tag","embeddable":true,"href":"https:\/\/nugnes.com\/index.php?rest_route=%2Fwp%2Fv2%2Ftags&post=825950"}],"curies":[{"name":"wp","href":"https:\/\/api.w.org\/{rel}","templated":true}]}}