{"id":825954,"date":"2026-03-11T14:36:12","date_gmt":"2026-03-11T14:36:12","guid":{"rendered":"https:\/\/www.lettera43.it\/?p=1290803"},"modified":"2026-03-11T14:36:12","modified_gmt":"2026-03-11T14:36:12","slug":"polemiche-su-gratteri-per-la-minaccia-al-foglio-dopo-il-referendum-con-voi-faremo-i-conti","status":"publish","type":"post","link":"https:\/\/nugnes.com\/?p=825954","title":{"rendered":"Polemiche su Gratteri per la minaccia al Foglio: \u00abDopo il referendum con voi faremo i conti\u00bb"},"content":{"rendered":"\n<p>Non si placano le polemiche intorno al <strong>referendum sulla giustizia<\/strong>. Al centro della scena c&#8217;\u00e8 di nuovo il procuratore di Napoli <strong>Nicola Gratteri<\/strong>, questa volta per l&#8217;avvertimento da lui lanciato al quotidiano<em> Il Foglio<\/em>. Interpellato dal giornale circa le sue dichiarazioni su<strong> Sal Da Vinci <\/strong>in una trasmissione di La7, in cui il magistrato aveva affermato che il cantante del &#8220;Per sempre s\u00ec&#8221; avrebbe in realt\u00e0 votato no al referendum (falso), ha dichiarato: \u00abEra tutto uno scherzo, ridevo con il presentatore\u00bb. Incalzato dalla giornalista sul fatto che il vincitore di Sanremo ha dovuto smentire, Gratteri \u00e8 arrivato alle <strong>minacce<\/strong>: \u00abSenta, con voi del <em>Foglio<\/em>\u2026 Se dovete <strong>speculare<\/strong> e <strong>diffamare<\/strong> persino su Sal Da Vinci, fate pure. Fatelo. Non \u00e8 un problema. Tanto, dopo il referendum, con voi del <em>Foglio<\/em> <strong>faremo i conti<\/strong>, nel senso che<strong> tireremo una rete<\/strong>\u00bb. Di fronte a queste parole, il quotidiano diretto da <strong>Claudio Cerasa<\/strong> chieder\u00e0 l&#8217;intervento di <strong>Fnsi<\/strong> (Federazione nazionale stampa italiana) e <strong>Odg<\/strong> (Ordine dei giornalisti) in nome dell&#8217;<strong>articolo 21 della Costituzione<\/strong> che sancisce la libert\u00e0 di manifestazione del pensiero con la parola, lo scritto e ogni altro mezzo di diffusione e stabilisce che la stampa non pu\u00f2 essere soggetta ad autorizzazioni o censure.<\/p>\n\n\n\n<h2 class=\"wp-block-heading\">Presidente Fnsi: \u00abGratteri smentisca o si scusi\u00bb<\/h2>\n\n\n\n<p>Il presidente della Fnsi <strong>Vittorio Di Trapani<\/strong>, interpellato dall&#8217;<em>Adnkronos,<\/em> ha dichiarato che le affermazioni del procuratore di Napoli \u00abnon fanno onore alla sua storia, alla storia di chi ha pagato e paga in prima persona la lotta contro ogni forma di illegalit\u00e0 e minacce\u00bb. Quindi, ha continuato, \u00ab<strong>Gratteri smentisca o si scusi<\/strong> per le sue parole rivolte al <em>Foglio<\/em>. Alludere a conti da fare e a non meglio precisate reti \u00e8 <strong>incompatibile con la difesa della libert\u00e0 di stampa<\/strong>. Il suo dovere di magistrato \u00e8 tutelarla, non intimidirla\u00bb. E ancora: \u00abGratteri farebbe bene a rendersi conto che queste uscite sono anche i <strong>migliori assist offerti a chi vuole delegittimare la magistratura<\/strong> in vista del referendum. E invece la Costituzione si difende sempre. E tutta. Tanto l&#8217;indipendenza della magistratura quanto la libert\u00e0 di stampa sancita dall&#8217;articolo 21\u00bb.<\/p>\n\n\n\n<h2 class=\"wp-block-heading\">Segretaria generale Fnsi: \u00abMinacce gravi che violano la Costituzione\u00bb<\/h2>\n\n\n\n<p>Gli ha fatto eco <strong>Alessandra Costante<\/strong>, segretaria generale della Federazione: \u00abHo letto le parole di Gratteri al <em>Foglio<\/em> e contro il <em>Foglio<\/em> e mi hanno colpito. <strong>Non si possono accettare <\/strong>violazioni all&#8217;articolo 21 della Costituzione neppure dai magistrati, neppure da un professionista come Gratteri che con le sue inchieste ha alzato il velo su molte operazioni della &#8216;ndrangheta. \u00c8 grave la minaccia. In Italia c&#8217;\u00e8 una <strong>legge sulla diffamazione <\/strong>chiara, se uno si ritiene diffamato querela. Punto. Le reti non attengono alla giurisprudenza italiana e soprattutto le minacce, anche velate, violano l&#8217;articolo 21 della Costituzione\u00bb. <\/p>\n\n\n\n<h2 class=\"wp-block-heading\">Tajani (Fi): \u00abAtto gravissimo, inaccettabile da un magistrato\u00bb<\/h2>\n\n\n\n<p>Sul caso si \u00e8 espressa anche la politica, con un coro unanime di solidariet\u00e0 nei confronti del quotidiano. Cos\u00ec<strong> Antonio Tajani<\/strong>, vicepremier e leader di <strong>Forza Italia<\/strong>: \u00abVoglio esprimere solidariet\u00e0 al quotidiano <em>Il Foglio<\/em> per le gravi minacce subite dal procuratore Gratteri. Un <strong>atto gravissimo<\/strong> che lede la libert\u00e0 di stampa. \u00c8 <strong>inaccettabile<\/strong> che un magistrato cerchi di <strong>censurare l\u2019informazione<\/strong>, che rivolga <strong>intimidazioni<\/strong>, paventando <strong>ritorsioni<\/strong>, nei confronti di giornalisti colpevoli soltanto di fare il proprio lavoro. Un <strong>cattivo esempio<\/strong>, in contrasto anche con l\u2019appello del presidente della Repubblica al rispetto dei toni e del libero pensiero\u00bb.<\/p>\n\n\n\n<figure class=\"wp-block-embed is-type-rich is-provider-twitter wp-block-embed-twitter\"><div class=\"wp-block-embed__wrapper\">\n<blockquote class=\"twitter-tweet\" data-width=\"500\" data-dnt=\"true\"><p lang=\"it\" dir=\"ltr\">Voglio esprimere solidariet\u00e0 al quotidiano <a href=\"https:\/\/twitter.com\/ilfoglio_it?ref_src=twsrc%5Etfw\">@ilfoglio_it<\/a> per le gravi minacce subite dal procuratore Gratteri. Un atto gravissimo che lede la libert\u00e0 di stampa. \u00c8 inaccettabile che un magistrato cerchi di censurare l\u2019informazione, che rivolga intimidazioni, paventando ritorsioni,\u2026<\/p>&mdash; Antonio Tajani (@Antonio_Tajani) <a href=\"https:\/\/twitter.com\/Antonio_Tajani\/status\/2031690434620076079?ref_src=twsrc%5Etfw\">March 11, 2026<\/a><\/blockquote><script async src=\"https:\/\/platform.twitter.com\/widgets.js\" charset=\"utf-8\"><\/script>\n<\/div><\/figure>\n\n\n\n<h2 class=\"wp-block-heading\">Paita (Iv): \u00abParole non tollerabili e indegne di un dibattito democratico\u00bb<\/h2>\n\n\n\n<p>Anche da<strong> Italia viva<\/strong> \u00e8 arrivata vicinanza al giornale, con la senatrice <strong>Raffaella Paita<\/strong>, capogruppo al Senato, che ha affermato: \u00abEsprimo solidariet\u00e0 alla redazione del <em>Foglio<\/em>. Le parole del procuratore Gratteri, denunciate dal direttore Cerasa, <strong>non sono tollerabili<\/strong>. &#8220;Tanto dopo il referendum con voi faremo i conti&#8221; non \u00e8 una frase degna del dibattito democratico. La libera stampa \u00e8 un valore da difendere\u00bb.<\/p>\n\n\n\n<h2 class=\"wp-block-heading\">Filini (Fdi): \u00abDichiarazioni imbarazzanti, preoccupati per la libert\u00e0 di stampa\u00bb<\/h2>\n\n\n\n<p>Per <strong>Fratelli d&#8217;Italia <\/strong>si \u00e8 espresso il deputato <strong>Francesco Filini<\/strong>, responsabile nazionale del programma: \u00abMinacciare un giornalista soltanto perch\u00e9 fa il proprio lavoro \u00e8 sempre <strong>grave<\/strong>, ma se queste minacce giungono da un magistrato di primo piano come \u00e8 Nicola Gratteri la circostanza \u00e8 ancora pi\u00f9 <strong>preoccupante<\/strong>. Purtroppo Gratteri non \u00e8 nuovo, da quando ha deciso di sostenere il No al referendum, a dichiarazioni a dir poco <strong>imbarazzanti<\/strong>. Non vorremmo utilizzare il frasario di chi oggi a sinistra sta con il No al referendum, ma dinanzi a questi atteggiamenti non possiamo non dirci <strong>preoccupati<\/strong> per la libert\u00e0 di stampa\u00bb.<\/p>\n\n\n\n<h2 class=\"wp-block-heading\">Calenda (Az): \u00abGratteri fuori controllo, va sospeso\u00bb<\/h2>\n\n\n\n<p>Critiche al magistrato anche da parte del<strong> segretario di Azione Carlo Calenda<\/strong>: \u00abGratteri \u00e8 chiaramente<strong> fuori controllo<\/strong>. Oggi minaccia<em> Il Foglio <\/em>apertamente. Un magistrato che minaccia un giornale \u00e8 da <strong>sospensione immediata<\/strong>. Esattamente quanto un capo di gabinetto del ministero della Giustizia che insulta i magistrati. Fateci una cortesia, mettetevi da parte entrambi. E torniamo a parlare di contenuti. Bartolozzi e Gratteri\u00bb. Il riferimento \u00e8 alle <a href=\"https:\/\/www.lettera43.it\/magistratura-plotone-esecuzione-bufera-bartolozzi-interviene-anm\/\">dichiarazioni di <strong>Giusi Bartolozzi<\/strong><\/a>, capo di gabinetto del Guardasigilli, che ha invitato a votare s\u00ec al referendum per \u00abtoglierci di mezzo la magistratura, che sono plotoni di esecuzione\u00bb.<\/p>\n\n\n\n<figure class=\"wp-block-embed is-type-rich is-provider-twitter wp-block-embed-twitter\"><div class=\"wp-block-embed__wrapper\">\n<blockquote class=\"twitter-tweet\" data-width=\"500\" data-dnt=\"true\"><p lang=\"it\" dir=\"ltr\">Gratteri e\u2019 chiaramente fuori controllo. Oggi minaccia <a href=\"https:\/\/twitter.com\/ilfoglio_it?ref_src=twsrc%5Etfw\">@ilfoglio_it<\/a> apertamente. Un magistrato che minaccia un giornale e\u2019 da sospensione immediata. Esattamente quanto un capo di gabinetto della Ministero della giustizia che insulta i magistrati. Fateci una cortesia: mettetevi da\u2026 <a href=\"https:\/\/t.co\/RGSMuw5V72\">https:\/\/t.co\/RGSMuw5V72<\/a><\/p>&mdash; Carlo Calenda (@CarloCalenda) <a href=\"https:\/\/twitter.com\/CarloCalenda\/status\/2031668334710665310?ref_src=twsrc%5Etfw\">March 11, 2026<\/a><\/blockquote><script async src=\"https:\/\/platform.twitter.com\/widgets.js\" charset=\"utf-8\"><\/script>\n<\/div><\/figure>\n\n\n\n<h2 class=\"wp-block-heading\">Picierno (Pd): \u00abIronia tossica e aggressiva che non fa onore alla magistratura italiana\u00bb<\/h2>\n\n\n\n<p>Questo, infine, il commento di <strong>Pina Piciern<\/strong>o, vicepresidente del Parlamento europeo del <strong>Partito democratico<\/strong>: \u00abLe parole del procuratore di Napoli Nicola Gratteri rivolte al <em>Foglio<\/em> sono gravi. <strong>Intimidire un giornale<\/strong>, lasciar presagire un possibile regolamento di conti giudiziario dopo il voto e ricorrere a un\u2019<strong>ironia tossica e aggressiva<\/strong> non fa onore alla magistratura italiana. In una fase cos\u00ec delicata dovremmo invece recuperare una dimensione di confronto alta e costituente, degna della Carta costituzionale che abbiamo. Solidariet\u00e0 al direttore Claudio Cerasa e tutta la redazione\u00bb.<\/p>\n\n\n\n<figure class=\"wp-block-embed is-type-rich is-provider-twitter wp-block-embed-twitter\"><div class=\"wp-block-embed__wrapper\">\n<blockquote class=\"twitter-tweet\" data-width=\"500\" data-dnt=\"true\"><p lang=\"it\" dir=\"ltr\">Le parole del Procuratore di Napoli, Nicola Gratteri, rivolte a <a href=\"https:\/\/twitter.com\/ilfoglio_it?ref_src=twsrc%5Etfw\">@ilfoglio_it<\/a> sono molto gravi: intimidire un giornale, lasciar presagire un possibile regolamento di conti giudiziario dopo il voto e ricorrere a un\u2019ironia tossica e aggressiva non fa onore alla magistratura\u2026<\/p>&mdash; Pina Picierno (@pinapic) <a href=\"https:\/\/twitter.com\/pinapic\/status\/2031721990998872434?ref_src=twsrc%5Etfw\">March 11, 2026<\/a><\/blockquote><script async src=\"https:\/\/platform.twitter.com\/widgets.js\" charset=\"utf-8\"><\/script>\n<\/div><\/figure>\n\n\n\n<h2 class=\"wp-block-heading\">Gratteri contrattacca: \u00abSo cosa significa essere un bersaglio, sto valutando la querela\u00bb<\/h2>\n\n\n\n<p>Dopo le condanne bipartisan, Gratteri \u00e8 passato al contrattacco. Raggiunto dall\u2019<em>Ansa <\/em>ha infatti detto: \u00abAppena avr\u00f2 un po&#8217; di tempo valuter\u00f2 se agire nei confronti di quei giornali che ritengo abbiano leso la mia immagine, con <strong>querela <\/strong>o con <strong>citazione civile<\/strong>\u00bb. E poi: \u00abSe l&#8217;espressione da me utilizzata in una forma concisa (con <em>Il Foglio<\/em>, <em>ndr<\/em>) non andava bene mi dispiace. Gradirei non essere strumentalizzato ancora una volta. Perch\u00e9 io, tutti i giorni, da mesi, vengo minacciato di denunce, procedimenti disciplinari. Posso ipotizzare di farmi risarcire? O secondo una parte politica le regole valgono per tutti e non per me?\u00bb.<\/p>\n","protected":false},"excerpt":{"rendered":"<p>L&#8217;avvertimento in una telefonata con una giornalista che chiedeva spiegazioni circa le sue esternazioni su Sal Da Vinci e il suo voto sulla giustizia. Fnsi: \u00abParole che violano l&#8217;articolo 21\u00bb. Solidariet\u00e0 bipartisan al quotidiano.<\/p>\n","protected":false},"author":4,"featured_media":0,"comment_status":"closed","ping_status":"closed","sticky":false,"template":"","format":"standard","meta":{"om_disable_all_campaigns":false,"_monsterinsights_skip_tracking":false,"_monsterinsights_sitenote_active":false,"_monsterinsights_sitenote_note":"","_monsterinsights_sitenote_category":0,"footnotes":""},"categories":[745,1612],"tags":[],"class_list":["post-825954","post","type-post","status-publish","format-standard","hentry","category-attualita","category-ultima-ora"],"aioseo_notices":[],"_links":{"self":[{"href":"https:\/\/nugnes.com\/index.php?rest_route=\/wp\/v2\/posts\/825954","targetHints":{"allow":["GET"]}}],"collection":[{"href":"https:\/\/nugnes.com\/index.php?rest_route=\/wp\/v2\/posts"}],"about":[{"href":"https:\/\/nugnes.com\/index.php?rest_route=\/wp\/v2\/types\/post"}],"author":[{"embeddable":true,"href":"https:\/\/nugnes.com\/index.php?rest_route=\/wp\/v2\/users\/4"}],"replies":[{"embeddable":true,"href":"https:\/\/nugnes.com\/index.php?rest_route=%2Fwp%2Fv2%2Fcomments&post=825954"}],"version-history":[{"count":1,"href":"https:\/\/nugnes.com\/index.php?rest_route=\/wp\/v2\/posts\/825954\/revisions"}],"predecessor-version":[{"id":825955,"href":"https:\/\/nugnes.com\/index.php?rest_route=\/wp\/v2\/posts\/825954\/revisions\/825955"}],"wp:attachment":[{"href":"https:\/\/nugnes.com\/index.php?rest_route=%2Fwp%2Fv2%2Fmedia&parent=825954"}],"wp:term":[{"taxonomy":"category","embeddable":true,"href":"https:\/\/nugnes.com\/index.php?rest_route=%2Fwp%2Fv2%2Fcategories&post=825954"},{"taxonomy":"post_tag","embeddable":true,"href":"https:\/\/nugnes.com\/index.php?rest_route=%2Fwp%2Fv2%2Ftags&post=825954"}],"curies":[{"name":"wp","href":"https:\/\/api.w.org\/{rel}","templated":true}]}}