{"id":825962,"date":"2026-03-12T07:39:48","date_gmt":"2026-03-12T07:39:48","guid":{"rendered":"https:\/\/www.lettera43.it\/?p=1290836"},"modified":"2026-03-12T07:39:48","modified_gmt":"2026-03-12T07:39:48","slug":"la-crisi-dellordine-di-malta-volontari-in-rivolta-e-gran-cancelliere-nel-mirino","status":"publish","type":"post","link":"https:\/\/nugnes.com\/?p=825962","title":{"rendered":"La crisi dell\u2019Ordine di Malta: volontari in rivolta e Gran Cancelliere nel mirino"},"content":{"rendered":"\n<p>Dentro il <strong>Sovrano Militare Ordine di Malta<\/strong> si sta aprendo una crisi senza fine che coinvolge diplomazia, finanze e strutture operative. Nel mirino c\u2019\u00e8 la linea politica del Gran Cancelliere, il Duca <strong>Riccardo Patern\u00f2 di Montecupo<\/strong>. Negli ultimi mesi diverse testate giornalistiche \u2014 tra cui <em>Lettera43<\/em>, oltre a <em>Il Fatto Quotidiano<\/em> e <em>Il Messaggero<\/em> \u2014 hanno sollevato interrogativi sulla <a href=\"https:\/\/www.lettera43.it\/come-ordine-malta-perso-anima-viaggi-lusso-nepotismo\/\"  rel=\"noreferrer noopener\">gestione dell\u2019Ordine<\/a>. Parallelamente, nell&#8217;organizzazione della rete sul territorio italiano si \u00e8 aperta una frattura sempre pi\u00f9 evidente. Le dimissioni in blocco dei membri della Sala operativa nazionale del <strong>Cisom<\/strong> (il Corpo italiano di soccorso dell&#8217;Ordine di Malta, cio\u00e8 i volontari impegnati nei soccorsi e nella protezione civile) e il rinvio delle <strong>elezioni interne<\/strong> hanno portato alla luce un malessere che da tempo attraversa <strong>volontari<\/strong> e membri associativi, con accuse nei confronti dei vertici di <strong>scarsa trasparenza<\/strong> nelle decisioni e di forte concentrazione del potere decisionale.<\/p>\n\n\n\n<h2 class=\"wp-block-heading\">La concentrazione di ruoli nelle mani del Principe Lorenzo Borghese<\/h2>\n\n\n\n<p>Tra i casi pi\u00f9 discussi c&#8217;\u00e8 per esempio quello del Principe <strong>Lorenzo Borghese<\/strong>, legato da una lunga amicizia con il Gran Cancelliere e attualmente titolare di incarichi di grande rilievo: ministro d\u2019Ambasciata in <strong>Giordania<\/strong> e presidente dell\u2019<strong>Acismom<\/strong>, la principale struttura associativa italiana dell\u2019Ordine. Una concentrazione di ruoli difficilmente conciliabile con lo spirito dell&#8217;Ordine e in netto contrasto con le sue regole costituzionali. Nessuno entra dall&#8217;esterno, le poltrone passano da un membro della cerchia ristretta all&#8217;altro, addirittura anche tra persone che hanno un legame familiare.<\/p>\n\n\n<figure class=\"wp-block-image size-full\"><a href=\"https:\/\/www.lettera43.it\/galleria\/1290836\/1290900\"><img data-has-syndication-rights=\"1\" data-portal-copyright=\"Lettera43\" data-licensor-name=\"Lettera43\" decoding=\"async\" width=\"1024\" height=\"682\" src=\"https:\/\/www.lettera43.it\/wp-content\/uploads\/2026\/03\/La-crisi-dellOrdine-di-Malta-volontari-in-rivolta-e-Gran-Cancelliere-nel-mirino-1.jpg\" alt=\"La crisi dell\u2019Ordine di Malta: volontari in rivolta e Gran Cancelliere nel mirino\" class=\"wp-image-1290900 lazyload\" title=\"La crisi dell\u2019Ordine di Malta: volontari in rivolta e Gran Cancelliere nel mirino\" data-src=\"https:\/\/www.lettera43.it\/wp-content\/uploads\/2026\/03\/La-crisi-dellOrdine-di-Malta-volontari-in-rivolta-e-Gran-Cancelliere-nel-mirino-1.jpg\" loading=\"lazy\" data-has-syndication-rights=\"1\" data-licensor-name=\"Lettera43\" srcset=\"https:\/\/www.lettera43.it\/wp-content\/uploads\/2026\/03\/La-crisi-dellOrdine-di-Malta-volontari-in-rivolta-e-Gran-Cancelliere-nel-mirino-1.jpg 1024w, https:\/\/www.lettera43.it\/wp-content\/uploads\/2026\/03\/La-crisi-dellOrdine-di-Malta-volontari-in-rivolta-e-Gran-Cancelliere-nel-mirino-1-800x533.jpg 800w, https:\/\/www.lettera43.it\/wp-content\/uploads\/2026\/03\/La-crisi-dellOrdine-di-Malta-volontari-in-rivolta-e-Gran-Cancelliere-nel-mirino-1-390x260.jpg 390w\" sizes=\"auto, (max-width: 1024px) 100vw, 1024px\" \/><\/a><figcaption class=\"wp-element-caption\">Lorenzo Borghese (foto Imagoeconomica).<\/figcaption><\/figure>\n\n\n<h2 class=\"wp-block-heading\">Il nodo delle elezioni interne dell\u2019Acismom rinviate<\/h2>\n\n\n\n<p>Uno degli episodi che ha contribuito ad aumentare le fibrillazioni riguarda il <strong>rinvio delle elezioni interne<\/strong> dell\u2019Acismom, previste originariamente per la fine del 2025. La consultazione era stata inizialmente spostata a gennaio 2026, ma non si \u00e8 svolta. E al momento non \u00e8 stata fissata una nuova data. Una decisione che, secondo diversi membri dell\u2019Ordine, ha congelato un passaggio considerato cruciale.<\/p>\n\n\n\n<h2 class=\"wp-block-heading\">La crisi del Cisom e quelle dimissioni in blocco senza precedenti<\/h2>\n\n\n\n<p>Sul piano <strong>operativo<\/strong> la situazione appare ancora pi\u00f9 delicata. L&#8217;Ordine ha infatti dovuto fare i conti con un passo indietro collettivo dei componenti della Sala operativa nazionale del Cisom, snodo centrale nella gestione delle emergenze e nel coordinamento dei volontari. Si tratta di un <strong>episodio senza precedenti<\/strong> per una struttura che rappresenta da anni uno dei principali strumenti operativi dell\u2019Ordine di Malta in Italia.<\/p>\n\n\n<figure class=\"wp-block-image size-full\"><a href=\"https:\/\/www.lettera43.it\/galleria\/1290836\/1290901\"><img data-has-syndication-rights=\"1\" data-portal-copyright=\"Lettera43\" data-licensor-name=\"Lettera43\" decoding=\"async\" width=\"1200\" height=\"776\" src=\"https:\/\/www.lettera43.it\/wp-content\/uploads\/2026\/03\/La-crisi-dellOrdine-di-Malta-volontari-in-rivolta-e-Gran-Cancelliere-nel-mirino-2.jpg\" alt=\"La crisi dell\u2019Ordine di Malta: volontari in rivolta e Gran Cancelliere nel mirino\" class=\"wp-image-1290901 lazyload\" title=\"La crisi dell\u2019Ordine di Malta: volontari in rivolta e Gran Cancelliere nel mirino\" data-src=\"https:\/\/www.lettera43.it\/wp-content\/uploads\/2026\/03\/La-crisi-dellOrdine-di-Malta-volontari-in-rivolta-e-Gran-Cancelliere-nel-mirino-2.jpg\" loading=\"lazy\" data-has-syndication-rights=\"1\" data-licensor-name=\"Lettera43\" srcset=\"https:\/\/www.lettera43.it\/wp-content\/uploads\/2026\/03\/La-crisi-dellOrdine-di-Malta-volontari-in-rivolta-e-Gran-Cancelliere-nel-mirino-2.jpg 1200w, https:\/\/www.lettera43.it\/wp-content\/uploads\/2026\/03\/La-crisi-dellOrdine-di-Malta-volontari-in-rivolta-e-Gran-Cancelliere-nel-mirino-2-800x517.jpg 800w, https:\/\/www.lettera43.it\/wp-content\/uploads\/2026\/03\/La-crisi-dellOrdine-di-Malta-volontari-in-rivolta-e-Gran-Cancelliere-nel-mirino-2-390x252.jpg 390w\" sizes=\"auto, (max-width: 1200px) 100vw, 1200px\" \/><\/a><figcaption class=\"wp-element-caption\">Guido Bertolaso su un mezzo dei volontari dell&#8217;Ordine di Malta ai tempi del coronavirus (foto Ansa).<\/figcaption><\/figure>\n\n\n<h2 class=\"wp-block-heading\">Il malessere serpeggia anche a livello locale<\/h2>\n\n\n\n<p>Il malessere non \u00e8 esploso soltanto a livello nazionale. Nel gruppo Cisom di <strong>Chieti<\/strong>, per esempio, hanno lasciato il loro posto la capogruppo, la vice capogruppo, il tesoriere e tutti i volontari. Anche la guida spirituale, <strong>don Sabatino Fioriti<\/strong>, ha rinunciato all&#8217;incarico. E, secondo quanto riferito da diversi volontari, altre strutture territoriali starebbero valutando decisioni analoghe.<\/p>\n\n\n\n<h2 class=\"wp-block-heading\">Frattura crescente tra i vertici e la rete dei volontari<\/h2>\n\n\n\n<p>Durante un incontro interno che si \u00e8 svolto a <strong>Roma<\/strong> nel fine settimana del 7-8 marzo, molti partecipanti avrebbero espresso preoccupazione per la direzione intrapresa dall\u2019Ordine in Italia. Secondo alcune testimonianze raccolte tra i presenti, il clima della riunione sarebbe stato segnato pi\u00f9 dal tentativo di comprendere e gestire le <strong>frizioni intestine<\/strong> che dalla discussione sulle attivit\u00e0 operative e sulle missioni di soccorso. Un segnale che molti leggono come il sintomo di una frattura crescente tra il vertice istituzionale e una parte significativa del mondo dei volontari.<\/p>\n\n\n<figure class=\"wp-block-image size-full\"><a href=\"https:\/\/www.lettera43.it\/galleria\/1290836\/1290903\"><img data-has-syndication-rights=\"1\" data-portal-copyright=\"Lettera43\" data-licensor-name=\"Lettera43\" decoding=\"async\" width=\"1200\" height=\"800\" src=\"https:\/\/www.lettera43.it\/wp-content\/uploads\/2026\/03\/La-crisi-dellOrdine-di-Malta-volontari-in-rivolta-e-Gran-Cancelliere-nel-mirino-4.jpg\" alt=\"La crisi dell\u2019Ordine di Malta: volontari in rivolta e Gran Cancelliere nel mirino\" class=\"wp-image-1290903 lazyload\" title=\"La crisi dell\u2019Ordine di Malta: volontari in rivolta e Gran Cancelliere nel mirino\" data-src=\"https:\/\/www.lettera43.it\/wp-content\/uploads\/2026\/03\/La-crisi-dellOrdine-di-Malta-volontari-in-rivolta-e-Gran-Cancelliere-nel-mirino-4.jpg\" loading=\"lazy\" data-has-syndication-rights=\"1\" data-licensor-name=\"Lettera43\" srcset=\"https:\/\/www.lettera43.it\/wp-content\/uploads\/2026\/03\/La-crisi-dellOrdine-di-Malta-volontari-in-rivolta-e-Gran-Cancelliere-nel-mirino-4.jpg 1200w, https:\/\/www.lettera43.it\/wp-content\/uploads\/2026\/03\/La-crisi-dellOrdine-di-Malta-volontari-in-rivolta-e-Gran-Cancelliere-nel-mirino-4-800x533.jpg 800w, https:\/\/www.lettera43.it\/wp-content\/uploads\/2026\/03\/La-crisi-dellOrdine-di-Malta-volontari-in-rivolta-e-Gran-Cancelliere-nel-mirino-4-390x260.jpg 390w\" sizes=\"auto, (max-width: 1200px) 100vw, 1200px\" \/><\/a><figcaption class=\"wp-element-caption\">I volontari dell&#8217;Ordine di Malta durante le vaccinazioni contro il Covid (foto Imagoeconomica).<\/figcaption><\/figure>\n\n\n<p>Il Cisom rappresenta da decenni una delle espressioni pi\u00f9 visibili dell\u2019<strong>impegno umanitario<\/strong> dell\u2019Ordine di Malta in Italia, con migliaia di volontari impegnati in interventi di soccorso, assistenza ai <strong>migranti<\/strong>, emergenze sanitarie e protezione civile. Proprio per questo la crisi che sta emergendo nelle ultime settimane viene osservata con crescente attenzione sia all\u2019interno sia all\u2019esterno dell\u2019Ordine.<\/p>\n\n\n\n<h2 class=\"wp-block-heading\">Il rischio che si perda lo storico spirito di servizio<\/h2>\n\n\n\n<p>Molti membri chiedono a gran voce maggiore trasparenza sulle decisioni prese negli ultimi mesi e una rapida definizione dei processi elettivi rimasti sospesi. Perch\u00e9, come osserva un volontario di lungo corso, \u00aboltre alla crisi organizzativa, il rischio \u00e8 che si perda lo <strong>spirito di servizio<\/strong> che ha sempre reso il Cisom una realt\u00e0 unica\u00bb.<\/p>\n\n\n\n<h2 class=\"wp-block-heading\">Patern\u00f2 accusato di sistemare amici e parenti<\/h2>\n\n\n\n<p>Il Gran Cancelliere che sta facendo naufragare l\u2019Ordine di Malta, e cio\u00e8 il gi\u00e0 citato Riccardo Patern\u00f2 di Montecupo, \u00e8 anche l&#8217;uomo che porta uno dei cognomi pi\u00f9 <strong>antichi<\/strong> e <strong>blasonati<\/strong> d&#8217;Italia. La sua famiglia nel corso di una storia millenaria ha ottenuto 170 feudi e il primo titolo principesco di Catania nel 1633. Ora, secondo chi lo accusa, <strong>Patern\u00f2<\/strong> starebbe sfruttando la sua posizione in un Ordine fondato nel 1048 per distribuire passaporti diplomatici agli amici, sistemare i cugini degli amici nelle ambasciate, intascare contanti dalla <strong>Solvea<\/strong> (ossia il\u00a0<strong>rimborso spese<\/strong>\u00a0forfettario in contanti destinato ai membri del\u00a0<strong>Sovrano Consiglio<\/strong>) e volare con <strong>jet privati<\/strong>. Nel frattempo i volontari si autofinanziano per assistere i poveri e sono costretti persino a pagarsi le ambulanze di tasca propria.<\/p>\n\n\n<figure class=\"wp-block-image size-full\"><a href=\"https:\/\/www.lettera43.it\/galleria\/1290836\/1290904\"><img data-has-syndication-rights=\"1\" data-portal-copyright=\"Lettera43\" data-licensor-name=\"Lettera43\" decoding=\"async\" width=\"1200\" height=\"1010\" src=\"https:\/\/www.lettera43.it\/wp-content\/uploads\/2026\/03\/La-crisi-dellOrdine-di-Malta-volontari-in-rivolta-e-Gran-Cancelliere-nel-mirino-5.jpg\" alt=\"La crisi dell\u2019Ordine di Malta: volontari in rivolta e Gran Cancelliere nel mirino\" class=\"wp-image-1290904 lazyload\" title=\"La crisi dell\u2019Ordine di Malta: volontari in rivolta e Gran Cancelliere nel mirino\" data-src=\"https:\/\/www.lettera43.it\/wp-content\/uploads\/2026\/03\/La-crisi-dellOrdine-di-Malta-volontari-in-rivolta-e-Gran-Cancelliere-nel-mirino-5.jpg\" loading=\"lazy\" data-has-syndication-rights=\"1\" data-licensor-name=\"Lettera43\" srcset=\"https:\/\/www.lettera43.it\/wp-content\/uploads\/2026\/03\/La-crisi-dellOrdine-di-Malta-volontari-in-rivolta-e-Gran-Cancelliere-nel-mirino-5.jpg 1200w, https:\/\/www.lettera43.it\/wp-content\/uploads\/2026\/03\/La-crisi-dellOrdine-di-Malta-volontari-in-rivolta-e-Gran-Cancelliere-nel-mirino-5-800x673.jpg 800w, https:\/\/www.lettera43.it\/wp-content\/uploads\/2026\/03\/La-crisi-dellOrdine-di-Malta-volontari-in-rivolta-e-Gran-Cancelliere-nel-mirino-5-390x328.jpg 390w\" sizes=\"auto, (max-width: 1200px) 100vw, 1200px\" \/><\/a><figcaption class=\"wp-element-caption\">Riccardo Patern\u00f2 di Montecupo, Gran Cancelliere dell&#8217;Ordine di Malta (foto Imagoeconomica).<\/figcaption><\/figure>\n\n\n<h2 class=\"wp-block-heading\">Servire i poveri e i malati o servire pi\u00f9 che altro s\u00e9 stessi?<\/h2>\n\n\n\n<p>Un paradosso totale, visto che l&#8217;Ordine nasce per servire i <strong>poveri<\/strong> e i <strong>malati<\/strong> (<em>Obsequium Pauperum<\/em> \u00e8 il motto che rappresenta il suo pilastro spirituale), ma in verit\u00e0 i capi attuali sembrano pi\u00f9 preoccupati di servire s\u00e9 stessi. L&#8217;Ordine di Malta ha 900 anni di storia e una reputazione internazionale unica, eppure secondo i suoi detrattori viene gestito come un club privato per una cerchia di sodali.<\/p>\n\n\n\n<h2 class=\"wp-block-heading\">Diverse lettere gi\u00e0 recapitate sul tavolo di papa Leone XIV<\/h2>\n\n\n\n<p>Lo slogan <em>Tuitio Fidei<\/em>, cio\u00e8 <strong>difesa della fede<\/strong>, stride oltretutto con la decisione di nominare ambasciatori in violazione della dottrina cattolica (cio\u00e8 <strong>divorziati<\/strong> e <strong>risposati<\/strong>). L&#8217;aspetto forse pi\u00f9 grave \u00e8 che tutto questo avviene sotto gli occhi del <strong>Vaticano<\/strong>, segnalato da nunzi e ambasciatori, con alcune lettere gi\u00e0 recapitate sul tavolo di <strong>papa Leone XIV<\/strong>. La domanda che rimane aperta \u00e8 sempre la stessa: la <strong>Santa Sede<\/strong> avr\u00e0 il coraggio di intervenire davvero? O prevarr\u00e0 &#8211; come spesso accade &#8211; la diplomazia del silenzio?<\/p>\n\n\n<figure class=\"wp-block-image size-full\"><a href=\"https:\/\/www.lettera43.it\/galleria\/1290836\/1272672\"><img data-has-syndication-rights=\"1\" data-portal-copyright=\"Lettera43\" data-licensor-name=\"Lettera43\" decoding=\"async\" width=\"1200\" height=\"806\" src=\"https:\/\/www.lettera43.it\/wp-content\/uploads\/2025\/12\/Imagoeconomica_2557919.jpg\" alt=\"La crisi dell\u2019Ordine di Malta: volontari in rivolta e Gran Cancelliere nel mirino\" class=\"wp-image-1272672 lazyload\" title=\"La crisi dell\u2019Ordine di Malta: volontari in rivolta e Gran Cancelliere nel mirino\" data-src=\"https:\/\/www.lettera43.it\/wp-content\/uploads\/2025\/12\/Imagoeconomica_2557919.jpg\" loading=\"lazy\" data-has-syndication-rights=\"1\" data-licensor-name=\"Lettera43\" srcset=\"https:\/\/www.lettera43.it\/wp-content\/uploads\/2025\/12\/Imagoeconomica_2557919.jpg 1200w, https:\/\/www.lettera43.it\/wp-content\/uploads\/2025\/12\/Imagoeconomica_2557919-800x537.jpg 800w, https:\/\/www.lettera43.it\/wp-content\/uploads\/2025\/12\/Imagoeconomica_2557919-390x262.jpg 390w\" sizes=\"auto, (max-width: 1200px) 100vw, 1200px\" \/><\/a><figcaption class=\"wp-element-caption\">Papa Leone XIV (Imagoeconomica).<\/figcaption><\/figure>","protected":false},"excerpt":{"rendered":"<p>Dimissioni a catena ed elezioni interne rinviate: nelle strutture sul territorio monta il malcontento. A partire dal Cisom, il Corpo italiano di soccorso. E la gestione Patern\u00f2 \u00e8 accusata di favori ad amici e parenti e scarsa trasparenza. Il papa avr\u00e0 il coraggio di intervenire?<\/p>\n","protected":false},"author":57,"featured_media":0,"comment_status":"closed","ping_status":"closed","sticky":false,"template":"","format":"standard","meta":{"om_disable_all_campaigns":false,"_monsterinsights_skip_tracking":false,"_monsterinsights_sitenote_active":false,"_monsterinsights_sitenote_note":"","_monsterinsights_sitenote_category":0,"footnotes":""},"categories":[745],"tags":[],"class_list":["post-825962","post","type-post","status-publish","format-standard","hentry","category-attualita"],"aioseo_notices":[],"_links":{"self":[{"href":"https:\/\/nugnes.com\/index.php?rest_route=\/wp\/v2\/posts\/825962","targetHints":{"allow":["GET"]}}],"collection":[{"href":"https:\/\/nugnes.com\/index.php?rest_route=\/wp\/v2\/posts"}],"about":[{"href":"https:\/\/nugnes.com\/index.php?rest_route=\/wp\/v2\/types\/post"}],"author":[{"embeddable":true,"href":"https:\/\/nugnes.com\/index.php?rest_route=\/wp\/v2\/users\/57"}],"replies":[{"embeddable":true,"href":"https:\/\/nugnes.com\/index.php?rest_route=%2Fwp%2Fv2%2Fcomments&post=825962"}],"version-history":[{"count":1,"href":"https:\/\/nugnes.com\/index.php?rest_route=\/wp\/v2\/posts\/825962\/revisions"}],"predecessor-version":[{"id":825963,"href":"https:\/\/nugnes.com\/index.php?rest_route=\/wp\/v2\/posts\/825962\/revisions\/825963"}],"wp:attachment":[{"href":"https:\/\/nugnes.com\/index.php?rest_route=%2Fwp%2Fv2%2Fmedia&parent=825962"}],"wp:term":[{"taxonomy":"category","embeddable":true,"href":"https:\/\/nugnes.com\/index.php?rest_route=%2Fwp%2Fv2%2Fcategories&post=825962"},{"taxonomy":"post_tag","embeddable":true,"href":"https:\/\/nugnes.com\/index.php?rest_route=%2Fwp%2Fv2%2Ftags&post=825962"}],"curies":[{"name":"wp","href":"https:\/\/api.w.org\/{rel}","templated":true}]}}