{"id":825975,"date":"2026-03-12T08:21:06","date_gmt":"2026-03-12T08:21:06","guid":{"rendered":"http:\/\/nugnes.com\/?guid=d94c8580b157dd7c54beda4c6db03491"},"modified":"2026-03-12T08:21:06","modified_gmt":"2026-03-12T08:21:06","slug":"rubano-farmaci-oncologici-in-ospedale-nel-reggino-2","status":"publish","type":"post","link":"https:\/\/nugnes.com\/?p=825975","title":{"rendered":"Rubano farmaci oncologici in ospedale nel Reggino"},"content":{"rendered":"<p>AGI - C\u2019\u00e8 un danno che supera il valore contabile delle <strong>fiale sottratte<\/strong> e che colpisce direttamente la <strong>continuit\u00e0 terapeutica<\/strong> di chi lotta contro le <strong>patologie pi\u00f9 gravi<\/strong>. Il <strong>furto sistematico di medicinali salvavita<\/strong> presso l\u2019ospedale \"Tiberio Evoli\" non \u00e8 stato soltanto un reato contro il <strong>patrimonio pubblico<\/strong>, ma un attacco alla <strong>sicurezza dei protocolli di cura<\/strong>. Ogni <strong>fiala biologica o chemioterapica<\/strong> rimossa illegalmente dai frigoriferi della <strong>farmacia ospedaliera<\/strong> rappresenta, di fatto, un <strong>trattamento negato o ritardato<\/strong> per un <strong>paziente oncologico<\/strong>.<\/p>\n<p>Proprio su questo scenario si \u00e8 concentrata l'azione dei <strong>Carabinieri della Compagnia di Melito Porto Salvo<\/strong>, che all'alba di oggi hanno dato esecuzione a un'<strong>ordinanza di custodia cautelare in carcere<\/strong> emessa dal <strong>gip del Tribunale di Reggio Calabria<\/strong>, su richiesta della locale <strong>Procura della Repubblica<\/strong>. I destinatari del provvedimento sono soggetti ritenuti responsabili, a vario titolo, di <strong>furto aggravato di farmaci oncologici, chemioterapici e biologici ad alto costo<\/strong> sottratti dalla <strong>farmacia ospedaliera<\/strong> dell'Ospedale 'Tiberio Evoli' di Melito Porto Salvo.<\/p>\n<h2>Il bilancio economico e operativo<\/h2>\n<p>L\u2019entit\u00e0 del <strong>saccheggio<\/strong> \u00e8 imponente. Le <strong>indagini<\/strong> hanno permesso di quantificare la <strong>perdita per il servizio sanitario regionale<\/strong> in una cifra che scuote i bilanci della <strong>sanit\u00e0 pubblica<\/strong>: Valore: oltre <strong>1,2 milioni di euro<\/strong>. Non si \u00e8 trattato di una razzia isolata, ma di un\u2019<strong>erosione costante delle scorte<\/strong>, mirata a colpire <strong>molecole sofisticate<\/strong> che richiedono <strong>procedure di conservazione rigorose<\/strong> e che vantano un <strong>mercato nero<\/strong> estremamente lucroso, data l'altissima domanda e il <strong>costo proibitivo dei canali legali<\/strong>.<\/p>\n<h2>L'attivit\u00e0 investigativa<\/h2>\n<p>L'<strong>attivit\u00e0 dell'Arma<\/strong> ha permesso di ricostruire il <strong>modus operandi<\/strong> dei responsabili, che agivano all'interno di una delle <strong>strutture sanitarie pi\u00f9 delicate<\/strong> della <strong>provincia reggina<\/strong>. L'operazione rappresenta l'esito di una complessa <strong>attivit\u00e0 investigativa<\/strong> condotta dal <strong>Nucleo Operativo della Compagnia Carabinieri di Melito Porto Salvo<\/strong> e coordinata dalla <strong>Procura della Repubblica di Reggio Calabria<\/strong>.<\/p>\n<h2>Le indagini e i prossimi passi<\/h2>\n<p>Il lavoro degli <strong>inquirenti<\/strong> si \u00e8 concentrato per mesi sul <strong>monitoraggio dei flussi dei medicinali<\/strong>, incrociando i dati degli ordini con le <strong>giacenze effettive<\/strong> e analizzando i <strong>varchi di sicurezza<\/strong> della <strong>farmacia ospedaliera<\/strong>. Il coordinamento della <strong>Procura reggina<\/strong> ha permesso di chiudere il cerchio attorno ai <strong>presunti autori del furto<\/strong>, interrompendo una <strong>filiera criminale<\/strong> che speculava sulla necessit\u00e0 dei <strong>farmaci biologici di ultima generazione<\/strong>.<\/p>\n<h2>La destinazione dei farmaci rubati<\/h2>\n<p>Resta ora da chiarire la <strong>destinazione finale<\/strong> di questa imponente quantit\u00e0 di <strong>farmaci oncologici<\/strong>. Il sospetto \u00e8 che la merce fosse destinata a <strong>canali di distribuzione paralleli<\/strong>, privati o esteri, dove la <strong>tracciabilit\u00e0<\/strong> viene sacrificata in nome del <strong>profitto<\/strong>.<\/p>","protected":false},"excerpt":{"rendered":"<p>AGI &#8211; C\u2019\u00e8 un danno che supera il valore contabile delle fiale sottratte e che colpisce direttamente la continuit\u00e0 terapeutica di chi lotta contro le patologie pi\u00f9 gravi. Il furto sistematico di medicinali salvavita presso l\u2019ospedale &#8220;Tiberio Evoli&#8221; non&#8230;<\/p>\n","protected":false},"author":298,"featured_media":0,"comment_status":"closed","ping_status":"closed","sticky":false,"template":"","format":"standard","meta":{"om_disable_all_campaigns":false,"_monsterinsights_skip_tracking":false,"_monsterinsights_sitenote_active":false,"_monsterinsights_sitenote_note":"","_monsterinsights_sitenote_category":0,"footnotes":""},"categories":[10,1531],"tags":[],"class_list":["post-825975","post","type-post","status-publish","format-standard","hentry","category-cronaca","category-komposer"],"aioseo_notices":[],"_links":{"self":[{"href":"https:\/\/nugnes.com\/index.php?rest_route=\/wp\/v2\/posts\/825975","targetHints":{"allow":["GET"]}}],"collection":[{"href":"https:\/\/nugnes.com\/index.php?rest_route=\/wp\/v2\/posts"}],"about":[{"href":"https:\/\/nugnes.com\/index.php?rest_route=\/wp\/v2\/types\/post"}],"author":[{"embeddable":true,"href":"https:\/\/nugnes.com\/index.php?rest_route=\/wp\/v2\/users\/298"}],"replies":[{"embeddable":true,"href":"https:\/\/nugnes.com\/index.php?rest_route=%2Fwp%2Fv2%2Fcomments&post=825975"}],"version-history":[{"count":1,"href":"https:\/\/nugnes.com\/index.php?rest_route=\/wp\/v2\/posts\/825975\/revisions"}],"predecessor-version":[{"id":825977,"href":"https:\/\/nugnes.com\/index.php?rest_route=\/wp\/v2\/posts\/825975\/revisions\/825977"}],"wp:attachment":[{"href":"https:\/\/nugnes.com\/index.php?rest_route=%2Fwp%2Fv2%2Fmedia&parent=825975"}],"wp:term":[{"taxonomy":"category","embeddable":true,"href":"https:\/\/nugnes.com\/index.php?rest_route=%2Fwp%2Fv2%2Fcategories&post=825975"},{"taxonomy":"post_tag","embeddable":true,"href":"https:\/\/nugnes.com\/index.php?rest_route=%2Fwp%2Fv2%2Ftags&post=825975"}],"curies":[{"name":"wp","href":"https:\/\/api.w.org\/{rel}","templated":true}]}}