{"id":826029,"date":"2026-03-13T02:22:00","date_gmt":"2026-03-13T02:22:00","guid":{"rendered":"http:\/\/nugnes.com\/?guid=9196546741f7f53aad7d29a19672cc1f"},"modified":"2026-03-13T02:22:00","modified_gmt":"2026-03-13T02:22:00","slug":"le-cinque-giornate-di-milano-al-via-le-celebrazioni-con-mostre-visite-guidate-e-concerti","status":"publish","type":"post","link":"https:\/\/nugnes.com\/?p=826029","title":{"rendered":"Le Cinque Giornate di Milano, al via le celebrazioni con mostre, visite guidate e concerti"},"content":{"rendered":"<p>AGI - Dal 18 al 22 marzo <strong>Milano<\/strong> celebra il <strong>178\u00b0 anniversario delle Cinque Giornate<\/strong>, l'<strong>insurrezione popolare del marzo 1848<\/strong> che segn\u00f2 uno dei momenti pi\u00f9 importanti della <strong>storia risorgimentale italiana<\/strong> e che valse alla citt\u00e0 la prima delle due <strong>Medaglie d'Oro al Valor Militare<\/strong>.<\/p>\n<p>Nei giorni della ricorrenza il <strong>Comune di Milano<\/strong>, insieme a <strong>musei<\/strong>, <strong>istituzioni culturali<\/strong>, <strong>luoghi della memoria<\/strong> e <strong>associazioni cittadine<\/strong>, propone un <strong>ricco programma di iniziative<\/strong> tra <strong>visite guidate<\/strong>, <strong>conferenze<\/strong>, <strong>concerti<\/strong>, <strong>percorsi storici<\/strong>, <strong>mostre documentarie<\/strong> e <strong>attivit\u00e0 per famiglie<\/strong>. L'obiettivo \u00e8 raccontare vicende e protagonisti delle giornate che segnarono la lotta per la <strong>libert\u00e0 e l'indipendenza di Milano<\/strong> dalla <strong>dominazione austroungarica<\/strong>.<\/p>\n<h2>Le celebrazioni e i luoghi simbolo<\/h2>\n<p>Le celebrazioni si apriranno il 18 marzo alle ore 11 con la <strong>commemorazione dei caduti<\/strong> presso il <strong>Monumento alle Cinque Giornate<\/strong> (piazza Cinque Giornate) alla presenza delle <strong>autorit\u00e0 cittadine<\/strong>. Durante la cerimonia, come da tradizione, il <strong>Primo Tricolore<\/strong> sar\u00e0 consegnato simbolicamente ai cadetti della <strong>Scuola Militare Teuli\u00e9<\/strong>, in ricordo della loro partecipazione alle giornate del 1848. Il programma coinvolger\u00e0 <strong>14 luoghi simbolici della citt\u00e0<\/strong>, tra cui il <strong>Monumento alle Cinque Giornate<\/strong>, il <strong>Museo del Risorgimento<\/strong>, il <strong>Cimitero Monumentale<\/strong>, <strong>Palazzo Morando<\/strong>, la <strong>GAM - Galleria d'Arte Moderna<\/strong>, l'<strong>Archivio di Stato<\/strong>, la <strong>Scuola Militare Teuli\u00e9<\/strong>, la <strong>Chiesa di San Celso<\/strong> e altri <strong>spazi culturali cittadini<\/strong>. La maggior parte delle iniziative \u00e8 <strong>gratuita<\/strong>, con prenotazione.<\/p>\n<h2>Mostre e visite guidate tra il 14 e il 22 marzo<\/h2>\n<p>Ad aprire il calendario, dal 14 al 21 marzo, sar\u00e0 la <strong>mostra documentaria<\/strong> allestita all'<strong>Archivio di Stato di Milano<\/strong> (via Senato 10) che, attraverso documenti conservati nei fondi archivistici dell'istituto, racconta la <strong>vittoria, la repressione e la costruzione della memoria delle Cinque Giornate<\/strong>. Gli allievi della <strong>Scuola Militare Teuli\u00e9<\/strong> accompagneranno i visitatori alla scoperta delle fonti e dei protagonisti degli eventi del 1848. Dal 18 al 22 marzo sar\u00e0 inoltre possibile partecipare alle <strong>visite guidate<\/strong> dedicate al <strong>Monumento alle Cinque Giornate<\/strong>, realizzato da Giuseppe Grandi e recentemente restaurato, uno dei simboli pi\u00f9 significativi della <strong>memoria risorgimentale milanese<\/strong>. Nelle stesse giornate le sale di <strong>Palazzo Moriggia - Museo del Risorgimento<\/strong> (via Borgonuovo 23) accoglieranno gli allievi della <strong>Scuola Militare Teuli\u00e9<\/strong> che guideranno il pubblico con approfondimenti dedicati al <strong>Primo Tricolore<\/strong> e al ruolo svolto dai <strong>cadetti<\/strong> durante l'<strong>insurrezione del 1848<\/strong>. Sempre al <strong>Museo del Risorgimento<\/strong> sar\u00e0 proposta una <strong>visita guidata<\/strong> alla mostra dedicata alla contessa <strong>Clara Maffei<\/strong>, figura centrale del <strong>Risorgimento milanese<\/strong> e protagonista di un celebre salotto culturale che fu luogo di incontro e confronto politico dell'epoca. A <strong>Palazzo Reale<\/strong> sar\u00e0 invece presentata una <strong>serie podcast<\/strong> dedicata alla principessa <strong>Cristina Trivulzio di Belgiojoso<\/strong>, giornalista e patriota tra le figure pi\u00f9 rappresentative del <strong>Risorgimento<\/strong>.<\/p>\n<h2>Gli appuntamenti del 19 marzo<\/h2>\n<p>Il 19 marzo il <strong>Museo del Risorgimento<\/strong> far\u00e0 da cornice alla presentazione del volume \"Il corpo degli eroi. Medici e patrioti in un carteggio di Adelaide Cairoli (1862-1871)\", dedicato al rapporto tra <strong>medicina, patriottismo e memoria risorgimentale<\/strong>. Nella stessa giornata la <strong>Galleria d'Arte Moderna - GAM<\/strong> (via Palestro 16) proporr\u00e0 una <strong>visita guidata<\/strong> dedicata allo scultore <strong>Giuseppe Grandi<\/strong> e al movimento della <strong>Scapigliatura<\/strong>. Sempre il 19 marzo la <strong>Fondazione IRCCS Ca' Granda - Ospedale Maggiore Policlinico<\/strong> (via Francesco Sforza 32) aprir\u00e0 straordinariamente al pubblico la <strong>cripta<\/strong> che tra il 1848 e il 1895 custod\u00ec i resti dei <strong>caduti delle Cinque Giornate<\/strong>, sepolti durante i giorni della battaglia quando non era possibile raggiungere i cimiteri suburbani. Nello stesso luogo il <strong>LABANOF - Laboratorio di Antropologia e Odontologia Forense dell'Universit\u00e0 degli Studi di Milano<\/strong> proporr\u00e0 un appuntamento che unisce <strong>ricerca scientifica, letture storiche e performance artistiche<\/strong> dedicate alle <strong>vittime dell'insurrezione<\/strong>.<\/p>\n<h2>Eventi del 20 e 21 marzo<\/h2>\n<p>Il 20 marzo il <strong>Museo del Risorgimento<\/strong> dedicher\u00e0 un incontro al recente <strong>restauro del Monumento alle Cinque Giornate<\/strong>, con un approfondimento sulle metodologie adottate e sui risultati dell'intervento realizzato a oltre centotrent'anni dalla sua inaugurazione. Il 21 marzo la citt\u00e0 sar\u00e0 animata da diverse iniziative tra <strong>musei e luoghi storici<\/strong>: a <strong>Palazzo Morando<\/strong> (via Sant'Andrea 6) la <strong>visita letteraria \"Voci del Passato - Speciale Cinque Giornate\"<\/strong> far\u00e0 rivivere le atmosfere della <strong>Milano ottocentesca<\/strong> attraverso testi, testimonianze e racconti dei protagonisti delle <strong>giornate rivoluzionarie<\/strong>; al <strong>Museo del Risorgimento<\/strong> prender\u00e0 avvio il <strong>percorso guidato \"Nelle vie delle Cinque Giornate\"<\/strong>, che collega il museo ai <strong>luoghi simbolo dell'insurrezione<\/strong>. In programma anche <strong>attivit\u00e0 dedicate ai pi\u00f9 piccoli<\/strong>, tra cui il laboratorio \"Bianco, rosso e verde\" per scoprire l'origine e il significato del <strong>Tricolore<\/strong>.<\/p>\n<h2>Il 22 marzo: da Carlo Cattaneo al Primo Tricolore<\/h2>\n<p>Il 22 marzo al <strong>Cimitero Monumentale<\/strong> un appuntamento tra <strong>storia e letture<\/strong> sar\u00e0 dedicato alla figura di <strong>Carlo Cattaneo<\/strong>, protagonista politico e intellettuale delle <strong>Cinque Giornate<\/strong>. I suoi resti mortali riposano nel <strong>Famedio<\/strong> nel sarcofago marmoreo con lo stemma di Milano posto accanto a quello di <strong>Alessandro Manzoni<\/strong>, uno dei luoghi pi\u00f9 simbolici della <strong>memoria civile della citt\u00e0<\/strong>. Nella stessa giornata il <strong>Museo del Risorgimento<\/strong> proporr\u00e0 anche un <strong>percorso storico-musicale<\/strong> dedicato all'atmosfera culturale e sonora della <strong>Milano del 1848<\/strong>. Tra i luoghi coinvolti nelle celebrazioni vi sar\u00e0 anche la storica <strong>Scuola Militare Teuli\u00e9<\/strong> (corso Italia 58) dove sar\u00e0 esposto il <strong>Primo Tricolore del 1848<\/strong>, il vessillo che durante l'<strong>insurrezione milanese<\/strong> sventol\u00f2 sulla guglia pi\u00f9 alta del Duomo accanto alla Madonnina. La bandiera, custodita dalla scuola in memoria del sostegno che gli allievi dell'allora Collegio dei Cadetti offrirono ai cittadini insorti, sar\u00e0 visitabile nella sede di corso Italia. L'edificio storico aprir\u00e0 inoltre le porte alla citt\u00e0 durante le <strong>Giornate FAI di Primavera<\/strong> del 21 e 22 marzo, offrendo la possibilit\u00e0 di visitare gli spazi della scuola e vedere da vicino il <strong>Tricolore<\/strong>. Gli allievi saranno presenti anche al <strong>Museo del Risorgimento<\/strong> per accompagnare il pubblico con approfondimenti sul ruolo dei <strong>cadetti<\/strong> durante le <strong>Cinque Giornate<\/strong>. Un altro luogo significativo sar\u00e0 la <strong>Chiesa di Santa Maria dei Miracoli presso San Celso<\/strong> (corso Italia), il cui campanile durante le <strong>Cinque Giornate<\/strong> fu utilizzato dagli insorti come punto di osservazione sulle <strong>truppe austriache<\/strong>: dal 18 al 21 marzo sono previste <strong>visite alla chiesa<\/strong>, mentre il 22 marzo si terr\u00e0 un incontro dedicato al <strong>restauro del campanile<\/strong> nell'ambito delle <strong>Giornate FAI di Primavera<\/strong>.<\/p>\n<h2>Il festival 5 giornate: musica contemporanea<\/h2>\n<p>Il calendario delle iniziative comprende infine anche diversi <strong>appuntamenti musicali<\/strong> riuniti nel \"<strong>Festival 5 Giornate<\/strong>\", con <strong>concerti e recital<\/strong> dedicati alla <strong>musica contemporanea<\/strong> in vari luoghi della citt\u00e0. All'<strong>ADI Design Museum<\/strong> (piazza Compasso d'Oro 1) sono in programma <strong>esibizioni solistiche e concerti<\/strong> con musiche di compositori del Novecento e contemporanei; il <strong>Museo del Novecento<\/strong> (piazza Duomo 8) accoglier\u00e0 un <strong>concerto del New Made Ensemble<\/strong> con brani di autori italiani viventi, mentre alla <strong>Casa Museo Spazio Tadini<\/strong> (via Niccol\u00f2 Jommelli 24) si susseguiranno <strong>recital e concerti<\/strong> con solisti ed ensemble - tra cui il New Made Ensemble e il duo di chitarre Atzori-Brunini - oltre a un <strong>incontro-concerto<\/strong> con il compositore <strong>Alessandro Solbiati<\/strong>. Il festival propone cos\u00ec un <strong>percorso musicale diffuso<\/strong> che affianca alla <strong>memoria storica delle Cinque Giornate<\/strong> una <strong>proposta culturale contemporanea<\/strong>.<\/p>\n<h2>Rievocazione storica al parco Formentano<\/h2>\n<p>Il programma si concluder\u00e0 il 28 marzo al <strong>Parco Formentano<\/strong> (largo Marinai d'Italia), dove il <strong>Municipio 4<\/strong> organizza una <strong>rievocazione storica<\/strong> con figuranti in costume e simulazioni dedicate agli <strong>episodi finali dell'insurrezione milanese<\/strong>.<\/p>","protected":false},"excerpt":{"rendered":"<p>AGI &#8211; Dal 18 al 22 marzo Milano celebra il 178\u00b0 anniversario delle Cinque Giornate, l&#8217;insurrezione popolare del marzo 1848 che segn\u00f2 uno dei momenti pi\u00f9 importanti della storia risorgimentale italiana e che valse alla citt\u00e0 la prima delle due Medaglie &#8230;<\/p>\n","protected":false},"author":298,"featured_media":0,"comment_status":"closed","ping_status":"closed","sticky":false,"template":"","format":"standard","meta":{"om_disable_all_campaigns":false,"_monsterinsights_skip_tracking":false,"_monsterinsights_sitenote_active":false,"_monsterinsights_sitenote_note":"","_monsterinsights_sitenote_category":0,"footnotes":""},"categories":[10],"tags":[],"class_list":["post-826029","post","type-post","status-publish","format-standard","hentry","category-cronaca"],"aioseo_notices":[],"_links":{"self":[{"href":"https:\/\/nugnes.com\/index.php?rest_route=\/wp\/v2\/posts\/826029","targetHints":{"allow":["GET"]}}],"collection":[{"href":"https:\/\/nugnes.com\/index.php?rest_route=\/wp\/v2\/posts"}],"about":[{"href":"https:\/\/nugnes.com\/index.php?rest_route=\/wp\/v2\/types\/post"}],"author":[{"embeddable":true,"href":"https:\/\/nugnes.com\/index.php?rest_route=\/wp\/v2\/users\/298"}],"replies":[{"embeddable":true,"href":"https:\/\/nugnes.com\/index.php?rest_route=%2Fwp%2Fv2%2Fcomments&post=826029"}],"version-history":[{"count":1,"href":"https:\/\/nugnes.com\/index.php?rest_route=\/wp\/v2\/posts\/826029\/revisions"}],"predecessor-version":[{"id":826030,"href":"https:\/\/nugnes.com\/index.php?rest_route=\/wp\/v2\/posts\/826029\/revisions\/826030"}],"wp:attachment":[{"href":"https:\/\/nugnes.com\/index.php?rest_route=%2Fwp%2Fv2%2Fmedia&parent=826029"}],"wp:term":[{"taxonomy":"category","embeddable":true,"href":"https:\/\/nugnes.com\/index.php?rest_route=%2Fwp%2Fv2%2Fcategories&post=826029"},{"taxonomy":"post_tag","embeddable":true,"href":"https:\/\/nugnes.com\/index.php?rest_route=%2Fwp%2Fv2%2Ftags&post=826029"}],"curies":[{"name":"wp","href":"https:\/\/api.w.org\/{rel}","templated":true}]}}