{"id":826031,"date":"2026-03-13T07:41:20","date_gmt":"2026-03-13T07:41:20","guid":{"rendered":"http:\/\/nugnes.com\/?guid=6c0b3bc207d279ce5953f2ae8d7cdcbf"},"modified":"2026-03-13T11:30:11","modified_gmt":"2026-03-13T11:30:11","slug":"morto-bruno-contrada-lex-007-nella-guerra-di-mafia","status":"publish","type":"post","link":"https:\/\/nugnes.com\/?p=826031","title":{"rendered":"Morto Bruno Contrada, l&#8217;ex 007 nella guerra di mafia"},"content":{"rendered":"<p>AGI - \u00c8 <strong>morto Bruno Contrada<\/strong>, aveva 94 anni. Ex numero tre del <strong>Sisde<\/strong> negli anni pi\u00f9 violenti della guerra di <strong>mafia a Palermo<\/strong>, \u00e8 stato al centro di una vicenda giudiziaria controversa che ha diviso l'opinione pubblica in innocentisti e colpevolisti e che ha portato prima a una condanna a 10 anni per concorso esterno in associazione mafiosa (Contrada scont\u00f2 8 anni della pena) e successivamente alla revoca della stessa condanna dopo un pronunciamento della Corte europea dei diritti umani (Cedu) e a <strong>un risarcimento per l'ex poliziotto.&nbsp;<\/strong><\/p>\n<p>Bruno Contrada \u00e8 morto ieri sera poco prima di mezzanotte. Lo apprende l'AGI da fonti della famiglia.<strong> I funerali si terranno a Palermo luned\u00ec&nbsp;alle 10.30 nella chiesa di San Tommaso D'Aquino. <\/strong>\"Rimarrai sempre nei nostri cuori, nonno Bruno\", hanno lasciato scritto i nipoti nel libro delle condoglianze, dove appongono le loro firme coloro che vanno a rendere omaggio a Contrada. Parenti e amici continuano a recarsi nella casa del super poliziotto che a settembre avrebbe compiuto 95 anni.<\/p>\n<h2>Il superpoliziotto tra condanne e misteri<\/h2>\n<p>Combattente fino alla fine, sospettato fin quasi agli ultimi giorni di vita. L'occasione pi\u00f9 recente in cui si era parlato di Bruno Contrada, napoletano ma da mezzo secolo a Palermo era stata l'inchiesta sul depistaggio Piersanti Mattarella, nella quale era indagato l'ex prefetto Filippo Piritore, tornato libero nei giorni scorsi dopo una pronuncia della Cassazione sui suoi arresti domiciliari: era sparito il guanto usato dai killer dell'ex presidente della Regione siciliana e oggi<strong> Piritore \u00e8 sotto accusa <\/strong>per aver cercato di sviare le indagini su questa storia.<\/p>\n<p>Ma con chi aveva detto di aver parlato di quel misterioso guanto, Piritore, quando era un giovane funzionario della Squadra mobile? \"Con Bruno Contrada\", aveva risposto nel settembre e nell'ottobre 2024 ai pm di Palermo. Chiamato in causa - non sempre a proposito - per mille vicende, legate agli anni di piombo siciliani, i '70 e gli '80 in particolare, Contrada <strong>\u00e8 morto comunque da uomo libero<\/strong>, dopo avere scontato otto anni tra carcere e arresti domiciliari. Sempre a inseguire le sue contraddizioni per\u00f2, e quelle di un intero Paese <strong>nella lotta, spesso borderline, alla mafia.&nbsp;<\/strong><\/p>","protected":false},"excerpt":{"rendered":"<p>AGI &#8211; \u00c8 morto Bruno Contrada, aveva 94 anni. Ex numero tre del Sisde negli anni pi\u00f9 violenti della guerra di mafia a Palermo, \u00e8 stato al centro di una vicenda giudiziaria controversa che ha diviso l&#8217;opinione pubblica in innocentisti e colpevolisti e ch&#8230;<\/p>\n","protected":false},"author":298,"featured_media":0,"comment_status":"closed","ping_status":"closed","sticky":false,"template":"","format":"standard","meta":{"om_disable_all_campaigns":false,"_monsterinsights_skip_tracking":false,"_monsterinsights_sitenote_active":false,"_monsterinsights_sitenote_note":"","_monsterinsights_sitenote_category":0,"footnotes":""},"categories":[10,1531],"tags":[],"class_list":["post-826031","post","type-post","status-publish","format-standard","hentry","category-cronaca","category-komposer"],"aioseo_notices":[],"_links":{"self":[{"href":"https:\/\/nugnes.com\/index.php?rest_route=\/wp\/v2\/posts\/826031","targetHints":{"allow":["GET"]}}],"collection":[{"href":"https:\/\/nugnes.com\/index.php?rest_route=\/wp\/v2\/posts"}],"about":[{"href":"https:\/\/nugnes.com\/index.php?rest_route=\/wp\/v2\/types\/post"}],"author":[{"embeddable":true,"href":"https:\/\/nugnes.com\/index.php?rest_route=\/wp\/v2\/users\/298"}],"replies":[{"embeddable":true,"href":"https:\/\/nugnes.com\/index.php?rest_route=%2Fwp%2Fv2%2Fcomments&post=826031"}],"version-history":[{"count":4,"href":"https:\/\/nugnes.com\/index.php?rest_route=\/wp\/v2\/posts\/826031\/revisions"}],"predecessor-version":[{"id":826051,"href":"https:\/\/nugnes.com\/index.php?rest_route=\/wp\/v2\/posts\/826031\/revisions\/826051"}],"wp:attachment":[{"href":"https:\/\/nugnes.com\/index.php?rest_route=%2Fwp%2Fv2%2Fmedia&parent=826031"}],"wp:term":[{"taxonomy":"category","embeddable":true,"href":"https:\/\/nugnes.com\/index.php?rest_route=%2Fwp%2Fv2%2Fcategories&post=826031"},{"taxonomy":"post_tag","embeddable":true,"href":"https:\/\/nugnes.com\/index.php?rest_route=%2Fwp%2Fv2%2Ftags&post=826031"}],"curies":[{"name":"wp","href":"https:\/\/api.w.org\/{rel}","templated":true}]}}