{"id":826033,"date":"2026-03-13T08:44:28","date_gmt":"2026-03-13T08:44:28","guid":{"rendered":"https:\/\/www.lettera43.it\/?p=1291227"},"modified":"2026-03-13T08:44:28","modified_gmt":"2026-03-13T08:44:28","slug":"un-soldato-francese-e-morto-in-un-attacco-su-erbil","status":"publish","type":"post","link":"https:\/\/nugnes.com\/?p=826033","title":{"rendered":"Un soldato francese \u00e8 morto in un attacco su Erbil"},"content":{"rendered":"\n<p>Un <strong>soldato francese <\/strong>ha perso la vita in un attacco aereo sulla base militare di <strong>Erbil<\/strong>, nel<strong> Kurdistan iracheno<\/strong>. La notizia \u00e8 stata confermata dal presidente <strong>Emmanuel Macron<\/strong>. &#8220;Il sottufficiale Arnaud Frion del settimo battaglione di cacciatori alpini di Varces \u00e8 morto per la Francia durante un attacco nella regione di Erbil, in Iraq. Alla sua famiglia, ai suoi fratelli d&#8217;armi, voglio esprimere tutto l&#8217;affetto e la solidariet\u00e0 della Nazione\u00bb, ha scritto il capo dell\u2019Eliseo in una nota diffusa su X. E poi: \u00abMolti dei nostri soldati sono rimasti feriti. La Francia \u00e8 al loro fianco e alle loro famiglie. Questo attacco contro le nostre forze impegnate nella lotta contro <strong>Daesh <\/strong>dal 2015 \u00e8 inaccettabile. La loro presenza in <strong>Iraq <\/strong>rientra strettamente nel quadro della<strong> lotta al terrorismo<\/strong>. La guerra in <strong>Iran <\/strong>non pu\u00f2 giustificare tali attacchi\u00bb.<\/p>\n\n\n\n<blockquote class=\"twitter-tweet\"><p lang=\"fr\" dir=\"ltr\">L\u2019adjudant-chef Arnaud Frion du 7\u00e8me bataillon de chasseurs alpins de Varces est mort pour la France lors d\u2019une attaque dans la r\u00e9gion d\u2019Erbil en Irak.<br><br>\u00c0 sa famille, \u00e0 ses fr\u00e8res d\u2019armes, je veux dire toute l\u2019affection et la solidarit\u00e9 de la Nation.<br><br>Plusieurs de nos militaires\u2026<\/p>&mdash; Emmanuel Macron (@EmmanuelMacron) <a href=\"https:\/\/twitter.com\/EmmanuelMacron\/status\/2032254607695487354?ref_src=twsrc%5Etfw\">March 13, 2026<\/a><\/blockquote> <script async src=\"https:\/\/platform.twitter.com\/widgets.js\" charset=\"utf-8\"><\/script>\n\n\n\n<h2 class=\"wp-block-heading\">L\u2019attacco sarebbe stato condotto con due droni<\/h2>\n\n\n\n<p>Dopo il dispiegamento della <strong>portaerei Charles De Gaulle<\/strong> nel Mediterraneo orientale, la Francia aveva ricevuto minacce dal <strong>gruppo armato filo-iraniano Ashab al-Kahf<\/strong>. L\u2019attacco contro la base della <strong>coalizione internazionale antijihadista <\/strong>guidata dagli Stati Uniti, <a href=\"http:\/\/lettera43.it\/altre-due-esplosioni-erbil-crosetto-attacco-deliberato\/\"  rel=\"noreferrer noopener\">di cui fa parte anche l&#8217;<strong>Italia<\/strong><\/a>, sarebbe stato condotto con due droni. Nel raid sono inoltre rimasti feriti sei soldati.<\/p>\n\n\n\n<blockquote class=\"twitter-tweet\"><p lang=\"fr\" dir=\"ltr\"><img data-has-syndication-rights=\"1\" data-portal-copyright=\"Lettera43\" data-licensor-name=\"Lettera43\" src=\"https:\/\/s.w.org\/images\/core\/emoji\/16.0.1\/72x72\/1f6a8.png\" alt=\"&#x1f6a8;\" class=\"wp-smiley\" style=\"height: 1em; max-height: 1em;\" \/><img data-has-syndication-rights=\"1\" data-portal-copyright=\"Lettera43\" data-licensor-name=\"Lettera43\" src=\"https:\/\/s.w.org\/images\/core\/emoji\/16.0.1\/72x72\/1f1eb-1f1f7.png\" alt=\"&#x1f1eb;&#x1f1f7;\" class=\"wp-smiley\" style=\"height: 1em; max-height: 1em;\" \/><img data-has-syndication-rights=\"1\" data-portal-copyright=\"Lettera43\" data-licensor-name=\"Lettera43\" src=\"https:\/\/s.w.org\/images\/core\/emoji\/16.0.1\/72x72\/1f1ee-1f1f7.png\" alt=\"&#x1f1ee;&#x1f1f7;\" class=\"wp-smiley\" style=\"height: 1em; max-height: 1em;\" \/><img data-has-syndication-rights=\"1\" data-portal-copyright=\"Lettera43\" data-licensor-name=\"Lettera43\" src=\"https:\/\/s.w.org\/images\/core\/emoji\/16.0.1\/72x72\/1f1ee-1f1f6.png\" alt=\"&#x1f1ee;&#x1f1f6;\" class=\"wp-smiley\" style=\"height: 1em; max-height: 1em;\" \/> ALERTE | L\u2019Iran aurait ATTAQU\u00c9 une base militaire fran\u00e7aise en Irak. Six soldats fran\u00e7ais auraient \u00e9t\u00e9 bless\u00e9s. (Rudaw)<a href=\"https:\/\/t.co\/kqBKDYi2I0\">pic.twitter.com\/kqBKDYi2I0<\/a><\/p>&mdash; AlertesInfos (@AlertesInfos) <a href=\"https:\/\/twitter.com\/AlertesInfos\/status\/2032209808766427426?ref_src=twsrc%5Etfw\">March 12, 2026<\/a><\/blockquote> <script async src=\"https:\/\/platform.twitter.com\/widgets.js\" charset=\"utf-8\"><\/script>\n\n\n\n<h2 class=\"wp-block-heading\">Le condoglianze del ministro della Difesa Crosetto<\/h2>\n\n\n\n<p>\u00abA nome mio e di tutta la Difesa italiana esprimo vicinanza alla ministra della Difesa francese Catherine Vautrin e alle Forze Armate francesi per il grave attacco subito a Erbil, Kurdistan iracheno, nel corso del quale ha perso la vita un militare francese e sono rimasti feriti altri suoi commilitoni\u00bb. Lo ha detto <strong>Guido Crosetto<\/strong>, facendo poi le condoglianze alla famiglia del militare caduto.<\/p>\n\n\n\n<blockquote class=\"twitter-tweet\"><p lang=\"it\" dir=\"ltr\">\u201cA nome mio e di tutta la <a href=\"https:\/\/twitter.com\/hashtag\/Difesa?src=hash&amp;ref_src=twsrc%5Etfw\">#Difesa<\/a> italiana esprimo vicinanza al Ministro della Difesa francese <a href=\"https:\/\/twitter.com\/CaVautrin?ref_src=twsrc%5Etfw\">@CaVautrin<\/a> e alle Forze Armate francesi per il grave attacco subito a <a href=\"https:\/\/twitter.com\/hashtag\/Erbil?src=hash&amp;ref_src=twsrc%5Etfw\">#Erbil<\/a>, Kurdistan iracheno, nel corso del quale ha perso la vita un militare francese e sono rimasti feriti altri\u2026 <a href=\"https:\/\/t.co\/syrrXTFzb9\">pic.twitter.com\/syrrXTFzb9<\/a><\/p>&mdash; Ministero Difesa (@MinisteroDifesa) <a href=\"https:\/\/twitter.com\/MinisteroDifesa\/status\/2032340282306371715?ref_src=twsrc%5Etfw\">March 13, 2026<\/a><\/blockquote> <script async src=\"https:\/\/platform.twitter.com\/widgets.js\" charset=\"utf-8\"><\/script>\n","protected":false},"excerpt":{"rendered":"<p>Colpita la base della coalizione antijihadista nel Kurdistan iracheno. Altri sei militari sono rimasti feriti. Macron: \u00abInaccettabile attacco contro le nostre forze impegnate dal 2015 nella lotta all\u2019Isis\u00bb.<\/p>\n","protected":false},"author":4,"featured_media":0,"comment_status":"closed","ping_status":"closed","sticky":false,"template":"","format":"standard","meta":{"om_disable_all_campaigns":false,"_monsterinsights_skip_tracking":false,"_monsterinsights_sitenote_active":false,"_monsterinsights_sitenote_note":"","_monsterinsights_sitenote_category":0,"footnotes":""},"categories":[20,1612],"tags":[],"class_list":["post-826033","post","type-post","status-publish","format-standard","hentry","category-esteri","category-ultima-ora"],"aioseo_notices":[],"_links":{"self":[{"href":"https:\/\/nugnes.com\/index.php?rest_route=\/wp\/v2\/posts\/826033","targetHints":{"allow":["GET"]}}],"collection":[{"href":"https:\/\/nugnes.com\/index.php?rest_route=\/wp\/v2\/posts"}],"about":[{"href":"https:\/\/nugnes.com\/index.php?rest_route=\/wp\/v2\/types\/post"}],"author":[{"embeddable":true,"href":"https:\/\/nugnes.com\/index.php?rest_route=\/wp\/v2\/users\/4"}],"replies":[{"embeddable":true,"href":"https:\/\/nugnes.com\/index.php?rest_route=%2Fwp%2Fv2%2Fcomments&post=826033"}],"version-history":[{"count":1,"href":"https:\/\/nugnes.com\/index.php?rest_route=\/wp\/v2\/posts\/826033\/revisions"}],"predecessor-version":[{"id":826034,"href":"https:\/\/nugnes.com\/index.php?rest_route=\/wp\/v2\/posts\/826033\/revisions\/826034"}],"wp:attachment":[{"href":"https:\/\/nugnes.com\/index.php?rest_route=%2Fwp%2Fv2%2Fmedia&parent=826033"}],"wp:term":[{"taxonomy":"category","embeddable":true,"href":"https:\/\/nugnes.com\/index.php?rest_route=%2Fwp%2Fv2%2Fcategories&post=826033"},{"taxonomy":"post_tag","embeddable":true,"href":"https:\/\/nugnes.com\/index.php?rest_route=%2Fwp%2Fv2%2Ftags&post=826033"}],"curies":[{"name":"wp","href":"https:\/\/api.w.org\/{rel}","templated":true}]}}