{"id":826035,"date":"2026-03-13T08:36:00","date_gmt":"2026-03-13T08:36:00","guid":{"rendered":"https:\/\/www.lettera43.it\/?p=1291206"},"modified":"2026-03-13T08:36:00","modified_gmt":"2026-03-13T08:36:00","slug":"la-russia-alla-biennale-e-il-tic-conformista-della-destra-buttafuoco-ha-ragione","status":"publish","type":"post","link":"https:\/\/nugnes.com\/?p=826035","title":{"rendered":"La Russia alla Biennale e il tic conformista della destra: Buttafuoco ha ragione"},"content":{"rendered":"\n<p>Non sar\u00e0 che la <strong>cultura<\/strong> in <strong>Occidente<\/strong>, da spazio di libero confronto, si sta trasformando sempre pi\u00f9 in un <strong>codice disciplinare<\/strong>, un galateo ideologico dove l\u2019istinto alla <strong>censura<\/strong> \u00e8 ormai parte integrante dei suoi comportamenti? Il dubbio nasce osservando <a href=\"https:\/\/www.lettera43.it\/giuli-buttafuoco-scontro-russia-biennale-venezia-cosa-e-successo\/\"  rel=\"noreferrer noopener\">la polemica tra <strong>Pietrangelo Buttafuoco<\/strong> e <strong>Alessandro Giuli<\/strong><\/a> allargarsi progressivamente <a href=\"https:\/\/www.lettera43.it\/russia-biennale-venezia-giuli-chiede-dimissioni-cda-tamara-gregoretti-buttafuoco\/\"  rel=\"noreferrer noopener\">ad altri attori<\/a>. L\u2019ultima ad aggiungersi \u00e8 stata l\u2019<strong>Unione europea<\/strong> per bocca di quasi tutti i suoi <strong>ministri della Cultura<\/strong>, che non solo stigmatizzano l\u2019ipotesi di riaprire il <strong>padiglione russo<\/strong> alla <strong>Biennale<\/strong>, ma minacciano pure di chiudere i rubinetti dei finanziamenti se l\u2019ente veneziano non recedesse dai suoi propositi.<\/p>\n\n\n\n<h2 class=\"wp-block-heading\">Una curiosa inversione di ruoli in cui \u00e8 scivolata la destra<\/h2>\n\n\n\n<p>Nel frattempo su Buttafuoco si \u00e8 abbattuto un coro di riprovazione. Non unanime per fortuna: alcuni intellettuali che come lui fanno riferimento alla <strong>destra<\/strong> ne hanno preso le difese, rompendo cos\u00ec il fronte pi\u00f9 retrivo di quella parte politica. Resta per\u00f2 la sensazione di assistere a una curiosa inversione di ruoli: una destra arrivata al potere sventolando la bandiera della battaglia al <strong>politicamente corretto<\/strong> finisce per riprodurne, quasi mimeticamente, i riflessi pi\u00f9 <strong>conformisti<\/strong>.<\/p>\n\n\n<figure class=\"wp-block-image size-full\"><a href=\"https:\/\/www.lettera43.it\/galleria\/1291206\/1291230\"><img data-has-syndication-rights=\"1\" data-portal-copyright=\"Lettera43\" data-licensor-name=\"Lettera43\" decoding=\"async\" width=\"1200\" height=\"800\" src=\"https:\/\/www.lettera43.it\/wp-content\/uploads\/2026\/03\/La-Russia-alla-Biennale-e-il-tic-conformista-della-destra-Buttafuoco-ha-ragione-1.jpg\" alt=\"La Russia alla Biennale e il tic conformista della destra: Buttafuoco ha ragione\" class=\"wp-image-1291230 lazyload\" title=\"La Russia alla Biennale e il tic conformista della destra: Buttafuoco ha ragione\" data-src=\"https:\/\/www.lettera43.it\/wp-content\/uploads\/2026\/03\/La-Russia-alla-Biennale-e-il-tic-conformista-della-destra-Buttafuoco-ha-ragione-1.jpg\" loading=\"lazy\" data-has-syndication-rights=\"1\" data-licensor-name=\"Lettera43\" srcset=\"https:\/\/www.lettera43.it\/wp-content\/uploads\/2026\/03\/La-Russia-alla-Biennale-e-il-tic-conformista-della-destra-Buttafuoco-ha-ragione-1.jpg 1200w, https:\/\/www.lettera43.it\/wp-content\/uploads\/2026\/03\/La-Russia-alla-Biennale-e-il-tic-conformista-della-destra-Buttafuoco-ha-ragione-1-800x533.jpg 800w, https:\/\/www.lettera43.it\/wp-content\/uploads\/2026\/03\/La-Russia-alla-Biennale-e-il-tic-conformista-della-destra-Buttafuoco-ha-ragione-1-390x260.jpg 390w\" sizes=\"auto, (max-width: 1200px) 100vw, 1200px\" \/><\/a><figcaption class=\"wp-element-caption\">Il presidente della Biennale di Venezia Pietrangelo Buttafuoco (foto Ansa).<\/figcaption><\/figure>\n\n\n<p>Il padiglione russo ai Giardini della Biennale esiste dal 1914. Centododici anni durante i quali ha attraversato l\u2019intero <strong>Novecento<\/strong> con la sua contabilit\u00e0 di tragedie, rivoluzioni e <strong>guerre mondiali<\/strong>. Eppure fino all\u2019<strong>invasione dell\u2019Ucraina<\/strong> non ha mai cessato di essere ci\u00f2 per cui era nato: un luogo dove l\u2019<strong>arte russa<\/strong> si presenta e confronta con quella degli altri Paesi. Dovremmo davvero tenerlo chiuso perch\u00e9 altrimenti, in una curiosa e per certi versi inedita convergenza tra la destra di governo e <strong>Bruxelles<\/strong>, qualcuno minaccia sanzioni morali e finanziarie?<\/p>\n\n\n\n<h2 class=\"wp-block-heading\">Anche i Greci sospendevano le ostilit\u00e0 durante le Olimpiadi<\/h2>\n\n\n\n<p>Per giustificare la sua scelta, Buttafuoco ha evocato l\u2019idea della Biennale come <strong>luogo di tregua<\/strong>. Una zona franca dove, in un contesto di guerre diffuse, si pu\u00f2 ancora discutere di qualcosa che non abbia a che fare con il crepitio delle <strong>armi<\/strong>. L\u2019idea \u00e8 antica quanto la civilt\u00e0: i <strong>Greci<\/strong> sospendevano le ostilit\u00e0 durante le <strong>Olimpiadi<\/strong>. Ed \u00e8 precisamente ci\u00f2 che ha sempre distinto la cultura dalla politica. Che, invece, sembra sempre pi\u00f9 incline a fare l\u2019opposto: usare la cultura come estensione simbolica dei conflitti che dice di voler fermare.<\/p>\n\n\n\n<h2 class=\"wp-block-heading\">Sull&#8217;artista non pu\u00f2 ricadere la colpa delle nefandezze di uno Stato<\/h2>\n\n\n\n<p>C\u2019\u00e8 una coerenza paradossale in questo meccanismo: si invocano gli ideali pacificatori dell\u2019arte per perpetuare invece la logica dello scontro. Il ministro Giuli ha osservato che l&#8217;arte, quando prodotta in un contesto di <strong>autocrazia<\/strong>, \u00e8 libera solo se \u00e8 dissidente. Frase efficace, apparentemente dalla parte degli <strong>oppressi<\/strong> dai <strong>regimi<\/strong>, ma che segue esattamente la logica che si vorrebbe combattere: quella secondo cui sull\u2019artista, in quanto cittadino di uno Stato, ricade la responsabilit\u00e0 delle sue nefandezze.<\/p>\n\n\n<figure class=\"wp-block-image size-full\"><a href=\"https:\/\/www.lettera43.it\/galleria\/1291206\/1291231\"><img data-has-syndication-rights=\"1\" data-portal-copyright=\"Lettera43\" data-licensor-name=\"Lettera43\" decoding=\"async\" width=\"1200\" height=\"825\" src=\"https:\/\/www.lettera43.it\/wp-content\/uploads\/2026\/03\/La-Russia-alla-Biennale-e-il-tic-conformista-della-destra-Buttafuoco-ha-ragione-2.jpg\" alt=\"La Russia alla Biennale e il tic conformista della destra: Buttafuoco ha ragione\" class=\"wp-image-1291231 lazyload\" title=\"La Russia alla Biennale e il tic conformista della destra: Buttafuoco ha ragione\" data-src=\"https:\/\/www.lettera43.it\/wp-content\/uploads\/2026\/03\/La-Russia-alla-Biennale-e-il-tic-conformista-della-destra-Buttafuoco-ha-ragione-2.jpg\" loading=\"lazy\" data-has-syndication-rights=\"1\" data-licensor-name=\"Lettera43\" srcset=\"https:\/\/www.lettera43.it\/wp-content\/uploads\/2026\/03\/La-Russia-alla-Biennale-e-il-tic-conformista-della-destra-Buttafuoco-ha-ragione-2.jpg 1200w, https:\/\/www.lettera43.it\/wp-content\/uploads\/2026\/03\/La-Russia-alla-Biennale-e-il-tic-conformista-della-destra-Buttafuoco-ha-ragione-2-800x550.jpg 800w, https:\/\/www.lettera43.it\/wp-content\/uploads\/2026\/03\/La-Russia-alla-Biennale-e-il-tic-conformista-della-destra-Buttafuoco-ha-ragione-2-390x268.jpg 390w\" sizes=\"auto, (max-width: 1200px) 100vw, 1200px\" \/><\/a><figcaption class=\"wp-element-caption\">Il ministro della Cultura Alessandro Giuli (foto Ansa).<\/figcaption><\/figure>\n\n\n<p>Da qui al criterio del passaporto come condanna, per cui un pittore di <strong>Mosca<\/strong> o un musicista di <strong>San Pietroburgo<\/strong> devono pagare, con l\u2019esclusione dal consesso internazionale, il prezzo di decisioni prese altrove, il passo \u00e8 breve. Questa storia l\u2019abbiamo gi\u00e0 vista in passato, e non \u00e8 finita particolarmente bene.<\/p>\n\n\n\n<h2 class=\"wp-block-heading\">Un gesto simbolico: Putin non passer\u00e0 certo notti insonni<\/h2>\n\n\n\n<p>Nel gran teatro dell\u2019<strong>indignazione collettiva<\/strong> c\u2019\u00e8 poi un dettaglio che quasi nessuno sembra disposto a ricordare: escludere la Russia dalla Biennale non cambia di una virgola la situazione in Ucraina. Non salva una vita e non restituisce a <strong>Kyiv<\/strong> un metro quadrato del suo territorio. \u00c8 solo un gesto <strong>simbolico<\/strong> che serve soprattutto a far sentire virtuoso chi lo compie. Si pu\u00f2 infatti ragionevolmente supporre che <strong>Vladimir Putin<\/strong> non passer\u00e0 notti insonni tormentato dall\u2019assenza del padiglione russo ai Giardini veneziani.<\/p>\n\n\n<figure class=\"wp-block-image size-full\"><a href=\"https:\/\/www.lettera43.it\/galleria\/1291206\/1284346\"><img data-has-syndication-rights=\"1\" data-portal-copyright=\"Lettera43\" data-licensor-name=\"Lettera43\" decoding=\"async\" width=\"1200\" height=\"740\" src=\"https:\/\/www.lettera43.it\/wp-content\/uploads\/2026\/02\/Imagoeconomica_2630057.jpg\" alt=\"La Russia alla Biennale e il tic conformista della destra: Buttafuoco ha ragione\" class=\"wp-image-1284346 lazyload\" title=\"La Russia alla Biennale e il tic conformista della destra: Buttafuoco ha ragione\" data-src=\"https:\/\/www.lettera43.it\/wp-content\/uploads\/2026\/02\/Imagoeconomica_2630057.jpg\" loading=\"lazy\" data-has-syndication-rights=\"1\" data-licensor-name=\"Lettera43\" srcset=\"https:\/\/www.lettera43.it\/wp-content\/uploads\/2026\/02\/Imagoeconomica_2630057.jpg 1200w, https:\/\/www.lettera43.it\/wp-content\/uploads\/2026\/02\/Imagoeconomica_2630057-800x493.jpg 800w, https:\/\/www.lettera43.it\/wp-content\/uploads\/2026\/02\/Imagoeconomica_2630057-390x241.jpg 390w\" sizes=\"auto, (max-width: 1200px) 100vw, 1200px\" \/><\/a><figcaption class=\"wp-element-caption\">Vladimir Putin (Ansa).<\/figcaption><\/figure>\n\n\n<p>Se qualcosa potesse produrre un effetto, e qui Buttafuoco sembra aver colto il punto, sarebbe semmai il contrario: riaprire quel padiglione nell\u2019ottica di portare a confrontarsi voci provenienti da tutte le zone di guerra significherebbe ricordare che la cultura non nasce per rafforzare le <strong>frontiere<\/strong>, ma per <strong>superarle<\/strong>. La Biennale tornerebbe cos\u00ec a essere uno dei luoghi dove il mondo non si presenta diviso in blocchi precostituiti. E dove l\u2019arte prova ancora a fare ci\u00f2 che la <strong>diplomazia<\/strong>, con conveniente cinismo, ha smesso da tempo di tentare.<\/p>\n","protected":false},"excerpt":{"rendered":"<p>L&#8217;idea di riaprire il padiglione di Mosca a Venezia ha provocato un coro di riprovazione. Per fortuna non unanime. L&#8217;esclusione sarebbe solo un gesto simbolico che serve a far sentire virtuoso chi lo compie. Strano che pure l&#8217;eretico Giuli ceda cos\u00ec al politicamente corretto&#8230;<\/p>\n","protected":false},"author":744,"featured_media":0,"comment_status":"closed","ping_status":"closed","sticky":false,"template":"","format":"standard","meta":{"om_disable_all_campaigns":false,"_monsterinsights_skip_tracking":false,"_monsterinsights_sitenote_active":false,"_monsterinsights_sitenote_note":"","_monsterinsights_sitenote_category":0,"footnotes":""},"categories":[31,1613],"tags":[],"class_list":["post-826035","post","type-post","status-publish","format-standard","hentry","category-cultura","category-i-400-colpi"],"aioseo_notices":[],"_links":{"self":[{"href":"https:\/\/nugnes.com\/index.php?rest_route=\/wp\/v2\/posts\/826035","targetHints":{"allow":["GET"]}}],"collection":[{"href":"https:\/\/nugnes.com\/index.php?rest_route=\/wp\/v2\/posts"}],"about":[{"href":"https:\/\/nugnes.com\/index.php?rest_route=\/wp\/v2\/types\/post"}],"author":[{"embeddable":true,"href":"https:\/\/nugnes.com\/index.php?rest_route=\/wp\/v2\/users\/744"}],"replies":[{"embeddable":true,"href":"https:\/\/nugnes.com\/index.php?rest_route=%2Fwp%2Fv2%2Fcomments&post=826035"}],"version-history":[{"count":1,"href":"https:\/\/nugnes.com\/index.php?rest_route=\/wp\/v2\/posts\/826035\/revisions"}],"predecessor-version":[{"id":826036,"href":"https:\/\/nugnes.com\/index.php?rest_route=\/wp\/v2\/posts\/826035\/revisions\/826036"}],"wp:attachment":[{"href":"https:\/\/nugnes.com\/index.php?rest_route=%2Fwp%2Fv2%2Fmedia&parent=826035"}],"wp:term":[{"taxonomy":"category","embeddable":true,"href":"https:\/\/nugnes.com\/index.php?rest_route=%2Fwp%2Fv2%2Fcategories&post=826035"},{"taxonomy":"post_tag","embeddable":true,"href":"https:\/\/nugnes.com\/index.php?rest_route=%2Fwp%2Fv2%2Ftags&post=826035"}],"curies":[{"name":"wp","href":"https:\/\/api.w.org\/{rel}","templated":true}]}}