{"id":826058,"date":"2026-03-13T14:01:25","date_gmt":"2026-03-13T14:01:25","guid":{"rendered":"https:\/\/www.lettera43.it\/?p=1291333"},"modified":"2026-03-13T14:01:25","modified_gmt":"2026-03-13T14:01:25","slug":"il-si-di-pisapia-al-referendum-e-quel-pignolo-di-cerno-le-pillole-del-giorno","status":"publish","type":"post","link":"https:\/\/nugnes.com\/?p=826058","title":{"rendered":"Il S\u00ec di Pisapia al referendum e quel Pignolo di Cerno: le pillole del giorno"},"content":{"rendered":"\n<p>Finora non si era esposto pubblicamente, poi alla fine ha &#8220;ceduto&#8221;: <strong>Giuliano Pisapia<\/strong>, ex sindaco di Milano (non un ex qualunque visto che nel 2011 riusc\u00ec nell&#8217;impresa di strappare la citt\u00e0 al centrodestra), <strong>voter\u00e0 S\u00ec <\/strong>al <strong>referendum sulla giustizia<\/strong>. Un coming out che per\u00f2 non stupisce. Anzi, all&#8217;ombra del Duomo a qualcuno \u00e8 tornato in mente il padre dell&#8217;ex primo cittadino, quel <strong>Giandomenico Pisapia<\/strong>, giurista e docente universitario, alla guida della commissione ministeriale che nel 1988 elabor\u00f2 il Codice di Procedura penale (entrato in vigore l&#8217;anno successivo) nel quale si introduceva il cosiddetto \u2018modello accusatorio\u2019, del quale per molti militanti del fronte del S\u00ec, la separazione delle carriere prevista dalla riforma Nordio \u00e8 diretta conseguenza. <\/p>\n\n\n<figure class=\"wp-block-image size-full\"><a href=\"https:\/\/www.lettera43.it\/galleria\/1291333\/1291367\"><img data-has-syndication-rights=\"1\" data-portal-copyright=\"Lettera43\" data-licensor-name=\"Lettera43\" decoding=\"async\" width=\"1200\" height=\"809\" src=\"https:\/\/www.lettera43.it\/wp-content\/uploads\/2026\/03\/Il-Si-di-Pisapia-al-referendum-e-quel-Pignolo-di-Cerno-le-pillole-del-giorno-pisa.jpg\" alt=\"Il S\u00ec di Pisapia al referendum e quel Pignolo di Cerno: le pillole del giorno\" class=\"wp-image-1291367 lazyload\" title=\"Il S\u00ec di Pisapia al referendum e quel Pignolo di Cerno: le pillole del giorno\" data-src=\"https:\/\/www.lettera43.it\/wp-content\/uploads\/2026\/03\/Il-Si-di-Pisapia-al-referendum-e-quel-Pignolo-di-Cerno-le-pillole-del-giorno-pisa.jpg\" loading=\"lazy\" data-has-syndication-rights=\"1\" data-licensor-name=\"Lettera43\" srcset=\"https:\/\/www.lettera43.it\/wp-content\/uploads\/2026\/03\/Il-Si-di-Pisapia-al-referendum-e-quel-Pignolo-di-Cerno-le-pillole-del-giorno-pisa.jpg 1200w, https:\/\/www.lettera43.it\/wp-content\/uploads\/2026\/03\/Il-Si-di-Pisapia-al-referendum-e-quel-Pignolo-di-Cerno-le-pillole-del-giorno-pisa-800x539.jpg 800w, https:\/\/www.lettera43.it\/wp-content\/uploads\/2026\/03\/Il-Si-di-Pisapia-al-referendum-e-quel-Pignolo-di-Cerno-le-pillole-del-giorno-pisa-390x263.jpg 390w\" sizes=\"auto, (max-width: 1200px) 100vw, 1200px\" \/><\/a><figcaption class=\"wp-element-caption\">Giandomenico Pisapia (Imagoeconomica).<\/figcaption><\/figure>\n\n\n<p>Non solo. Giuliano Pisapia, prima di entrare a Palazzo Marino e poi all&#8217;Europarlamento nelle file del Pd, fu anche per due legislature <strong>deputato di Rifondazione Comunista <\/strong>e nel 2001 con Giovanni Russo Spena present\u00f2 una proposta di legge per modificare l\u2019articolo 190 dell\u2019ordinamento giudiziario \u00abin tema di distinzione delle funzioni requirenti e giudicanti e di passaggio da una funzione all\u2019altra\u00bb. Infine con Carlo Nordio, nel 2010 scrisse il libro <em>In attesa di Giustizia<\/em> edito da Guerini e Associati in cui si toccavano i temi della separazione delle carriere, del sorteggio, e dell&#8217;Alta corte disciplinare. Insomma, negli anni \u00e8 rimasto coerente. L&#8217;attuale sindaco e suo successore <strong>Beppe Sala<\/strong>, che invece voter\u00e0 No, ha commentato con ambrosiano fairplay. \u00abNon ne abbiamo mai parlato. Anche il mio amico Mazzali (Mirko, consigliere comunale di Sel ai tempi dell&#8217;amministrazione\u00a0Pisapia, <em>ndr.<\/em>) si \u00e8 espresso per il S\u00ec. Rispetto totalmente ogni opinione. Io voter\u00f2 no e parteciper\u00f2 con Schlein all&#8217;evento a Milano settimana prossima. Ma non deve essere una questione ideologica\u00bb.<\/p>\n\n\n<figure class=\"wp-block-image size-full\"><a href=\"https:\/\/www.lettera43.it\/galleria\/1291333\/1291368\"><img data-has-syndication-rights=\"1\" data-portal-copyright=\"Lettera43\" data-licensor-name=\"Lettera43\" decoding=\"async\" width=\"1200\" height=\"801\" src=\"https:\/\/www.lettera43.it\/wp-content\/uploads\/2026\/03\/Il-Si-di-Pisapia-al-referendum-e-quel-Pignolo-di-Cerno-le-pillole-del-giorno-sepa.jpg\" alt=\"Il S\u00ec di Pisapia al referendum e quel Pignolo di Cerno: le pillole del giorno\" class=\"wp-image-1291368 lazyload\" title=\"Il S\u00ec di Pisapia al referendum e quel Pignolo di Cerno: le pillole del giorno\" data-src=\"https:\/\/www.lettera43.it\/wp-content\/uploads\/2026\/03\/Il-Si-di-Pisapia-al-referendum-e-quel-Pignolo-di-Cerno-le-pillole-del-giorno-sepa.jpg\" loading=\"lazy\" data-has-syndication-rights=\"1\" data-licensor-name=\"Lettera43\" srcset=\"https:\/\/www.lettera43.it\/wp-content\/uploads\/2026\/03\/Il-Si-di-Pisapia-al-referendum-e-quel-Pignolo-di-Cerno-le-pillole-del-giorno-sepa.jpg 1200w, https:\/\/www.lettera43.it\/wp-content\/uploads\/2026\/03\/Il-Si-di-Pisapia-al-referendum-e-quel-Pignolo-di-Cerno-le-pillole-del-giorno-sepa-800x534.jpg 800w, https:\/\/www.lettera43.it\/wp-content\/uploads\/2026\/03\/Il-Si-di-Pisapia-al-referendum-e-quel-Pignolo-di-Cerno-le-pillole-del-giorno-sepa-390x260.jpg 390w\" sizes=\"auto, (max-width: 1200px) 100vw, 1200px\" \/><\/a><figcaption class=\"wp-element-caption\">Giuliano Pisapia e Beppe Sala (Ansa).<\/figcaption><\/figure>\n\n\n<h2 class=\"wp-block-heading\">Quel Pignolo di Cerno<\/h2>\n\n\n\n<p>L\u2019<strong>Associazione del Pignolo del Friuli Venezia Giulia<\/strong>, fondata nel 2023 dall&#8217;irlandese Ben Little e presieduta da <strong>Fabio d\u2019Attimis Maniago<\/strong> <strong>Marchi\u00f2<\/strong>, il 20 marzo promuove il <strong>World Pignolo Day<\/strong>, allo Spazio industriale rigenerato Villalta, ex Birrificio Dormisch di Udine. <\/p>\n\n\n\n<blockquote class=\"instagram-media\" data-instgrm-captioned data-instgrm-permalink=\"https:\/\/www.instagram.com\/p\/DVwVhLEDH1D\/?utm_source=ig_embed&amp;utm_campaign=loading\" data-instgrm-version=\"14\" style=\" background:#FFF; border:0; border-radius:3px; box-shadow:0 0 1px 0 rgba(0,0,0,0.5),0 1px 10px 0 rgba(0,0,0,0.15); margin: 1px; max-width:540px; min-width:326px; padding:0; width:99.375%; width:-webkit-calc(100% - 2px); width:calc(100% - 2px);\"><div style=\"padding:16px;\"> <a href=\"https:\/\/www.instagram.com\/p\/DVwVhLEDH1D\/?utm_source=ig_embed&amp;utm_campaign=loading\" style=\" background:#FFFFFF; line-height:0; padding:0 0; text-align:center; text-decoration:none; width:100%;\" > <div style=\" display: flex; flex-direction: row; align-items: center;\"> <div style=\"background-color: #F4F4F4; border-radius: 50%; flex-grow: 0; height: 40px; margin-right: 14px; width: 40px;\"><\/div> <div style=\"display: flex; flex-direction: column; flex-grow: 1; justify-content: center;\"> <div style=\" background-color: #F4F4F4; border-radius: 4px; flex-grow: 0; height: 14px; margin-bottom: 6px; width: 100px;\"><\/div> <div style=\" background-color: #F4F4F4; border-radius: 4px; flex-grow: 0; height: 14px; width: 60px;\"><\/div><\/div><\/div><div style=\"padding: 19% 0;\"><\/div> <div style=\"display:block; height:50px; margin:0 auto 12px; width:50px;\"><svg width=\"50px\" height=\"50px\" viewBox=\"0 0 60 60\" version=\"1.1\" xmlns=\"https:\/\/www.w3.org\/2000\/svg\" xmlns:xlink=\"https:\/\/www.w3.org\/1999\/xlink\"><g stroke=\"none\" stroke-width=\"1\" fill=\"none\" fill-rule=\"evenodd\"><g transform=\"translate(-511.000000, -20.000000)\" fill=\"#000000\"><g><path d=\"M556.869,30.41 C554.814,30.41 553.148,32.076 553.148,34.131 C553.148,36.186 554.814,37.852 556.869,37.852 C558.924,37.852 560.59,36.186 560.59,34.131 C560.59,32.076 558.924,30.41 556.869,30.41 M541,60.657 C535.114,60.657 530.342,55.887 530.342,50 C530.342,44.114 535.114,39.342 541,39.342 C546.887,39.342 551.658,44.114 551.658,50 C551.658,55.887 546.887,60.657 541,60.657 M541,33.886 C532.1,33.886 524.886,41.1 524.886,50 C524.886,58.899 532.1,66.113 541,66.113 C549.9,66.113 557.115,58.899 557.115,50 C557.115,41.1 549.9,33.886 541,33.886 M565.378,62.101 C565.244,65.022 564.756,66.606 564.346,67.663 C563.803,69.06 563.154,70.057 562.106,71.106 C561.058,72.155 560.06,72.803 558.662,73.347 C557.607,73.757 556.021,74.244 553.102,74.378 C549.944,74.521 548.997,74.552 541,74.552 C533.003,74.552 532.056,74.521 528.898,74.378 C525.979,74.244 524.393,73.757 523.338,73.347 C521.94,72.803 520.942,72.155 519.894,71.106 C518.846,70.057 518.197,69.06 517.654,67.663 C517.244,66.606 516.755,65.022 516.623,62.101 C516.479,58.943 516.448,57.996 516.448,50 C516.448,42.003 516.479,41.056 516.623,37.899 C516.755,34.978 517.244,33.391 517.654,32.338 C518.197,30.938 518.846,29.942 519.894,28.894 C520.942,27.846 521.94,27.196 523.338,26.654 C524.393,26.244 525.979,25.756 528.898,25.623 C532.057,25.479 533.004,25.448 541,25.448 C548.997,25.448 549.943,25.479 553.102,25.623 C556.021,25.756 557.607,26.244 558.662,26.654 C560.06,27.196 561.058,27.846 562.106,28.894 C563.154,29.942 563.803,30.938 564.346,32.338 C564.756,33.391 565.244,34.978 565.378,37.899 C565.522,41.056 565.552,42.003 565.552,50 C565.552,57.996 565.522,58.943 565.378,62.101 M570.82,37.631 C570.674,34.438 570.167,32.258 569.425,30.349 C568.659,28.377 567.633,26.702 565.965,25.035 C564.297,23.368 562.623,22.342 560.652,21.575 C558.743,20.834 556.562,20.326 553.369,20.18 C550.169,20.033 549.148,20 541,20 C532.853,20 531.831,20.033 528.631,20.18 C525.438,20.326 523.257,20.834 521.349,21.575 C519.376,22.342 517.703,23.368 516.035,25.035 C514.368,26.702 513.342,28.377 512.574,30.349 C511.834,32.258 511.326,34.438 511.181,37.631 C511.035,40.831 511,41.851 511,50 C511,58.147 511.035,59.17 511.181,62.369 C511.326,65.562 511.834,67.743 512.574,69.651 C513.342,71.625 514.368,73.296 516.035,74.965 C517.703,76.634 519.376,77.658 521.349,78.425 C523.257,79.167 525.438,79.673 528.631,79.82 C531.831,79.965 532.853,80.001 541,80.001 C549.148,80.001 550.169,79.965 553.369,79.82 C556.562,79.673 558.743,79.167 560.652,78.425 C562.623,77.658 564.297,76.634 565.965,74.965 C567.633,73.296 568.659,71.625 569.425,69.651 C570.167,67.743 570.674,65.562 570.82,62.369 C570.966,59.17 571,58.147 571,50 C571,41.851 570.966,40.831 570.82,37.631\"><\/path><\/g><\/g><\/g><\/svg><\/div><div style=\"padding-top: 8px;\"> <div style=\" color:#3897f0; font-family:Arial,sans-serif; font-size:14px; font-style:normal; font-weight:550; line-height:18px;\">Visualizza questo post su Instagram<\/div><\/div><div style=\"padding: 12.5% 0;\"><\/div> <div style=\"display: flex; flex-direction: row; margin-bottom: 14px; align-items: center;\"><div> <div style=\"background-color: #F4F4F4; border-radius: 50%; height: 12.5px; width: 12.5px; transform: translateX(0px) translateY(7px);\"><\/div> <div style=\"background-color: #F4F4F4; height: 12.5px; transform: rotate(-45deg) translateX(3px) translateY(1px); width: 12.5px; flex-grow: 0; margin-right: 14px; margin-left: 2px;\"><\/div> <div style=\"background-color: #F4F4F4; border-radius: 50%; height: 12.5px; width: 12.5px; transform: translateX(9px) translateY(-18px);\"><\/div><\/div><div style=\"margin-left: 8px;\"> <div style=\" background-color: #F4F4F4; border-radius: 50%; flex-grow: 0; height: 20px; width: 20px;\"><\/div> <div style=\" width: 0; height: 0; border-top: 2px solid transparent; border-left: 6px solid #f4f4f4; border-bottom: 2px solid transparent; transform: translateX(16px) translateY(-4px) rotate(30deg)\"><\/div><\/div><div style=\"margin-left: auto;\"> <div style=\" width: 0px; border-top: 8px solid #F4F4F4; border-right: 8px solid transparent; transform: translateY(16px);\"><\/div> <div style=\" background-color: #F4F4F4; flex-grow: 0; height: 12px; width: 16px; transform: translateY(-4px);\"><\/div> <div style=\" width: 0; height: 0; border-top: 8px solid #F4F4F4; border-left: 8px solid transparent; transform: translateY(-4px) translateX(8px);\"><\/div><\/div><\/div> <div style=\"display: flex; flex-direction: column; flex-grow: 1; justify-content: center; margin-bottom: 24px;\"> <div style=\" background-color: #F4F4F4; border-radius: 4px; flex-grow: 0; height: 14px; margin-bottom: 6px; width: 224px;\"><\/div> <div style=\" background-color: #F4F4F4; border-radius: 4px; flex-grow: 0; height: 14px; width: 144px;\"><\/div><\/div><\/a><p style=\" color:#c9c8cd; font-family:Arial,sans-serif; font-size:14px; line-height:17px; margin-bottom:0; margin-top:8px; overflow:hidden; padding:8px 0 7px; text-align:center; text-overflow:ellipsis; white-space:nowrap;\"><a href=\"https:\/\/www.instagram.com\/p\/DVwVhLEDH1D\/?utm_source=ig_embed&amp;utm_campaign=loading\" style=\" color:#c9c8cd; font-family:Arial,sans-serif; font-size:14px; font-style:normal; font-weight:normal; line-height:17px; text-decoration:none;\" >Un post condiviso da Associazione del Pignolo del FVG (@associazione.pignolofvg)<\/a><\/p><\/div><\/blockquote>\n<script async src=\"\/\/www.instagram.com\/embed.js\"><\/script>\n\n\n\n<p>Tra gli ospiti, la giornalista<strong> Giovanna Botteri<\/strong> e <strong>Tommaso Cerno<\/strong> direttore de<em> Il Giornale<\/em> e conduttore di <em>Due di picche<\/em> su Rai2. Il il Pignolo \u00e8 un raro vino rosso, in una terra \u201cbianchista\u201d per eccellenza come il <strong>Friuli Venezia Giulia<\/strong>: la sua presenza \u00e8 documentata dal XIV secolo nei registri monastici dell\u2019Abbazia di Rosazzo, dove veniva definito uno dei vitigni pi\u00f9 pregiati. Dagli Anni 70 \u00e8 stato recuperato grazie alla propagazione di vecchie viti sopravvissute nei chiostri dell\u2019abbazia.<\/p>\n\n\n<figure class=\"wp-block-image size-full\"><a href=\"https:\/\/www.lettera43.it\/galleria\/1291333\/1261464\"><img data-has-syndication-rights=\"1\" data-portal-copyright=\"Lettera43\" data-licensor-name=\"Lettera43\" decoding=\"async\" width=\"1200\" height=\"1041\" src=\"https:\/\/www.lettera43.it\/wp-content\/uploads\/2025\/11\/I-giovani-di-FdI-e-il-pericolo-del-fascismo-ben-pettinato-dove-il-nero-si-traveste-di-rosa-6.jpg\" alt=\"Il S\u00ec di Pisapia al referendum e quel Pignolo di Cerno: le pillole del giorno\" class=\"wp-image-1261464 lazyload\" title=\"Il S\u00ec di Pisapia al referendum e quel Pignolo di Cerno: le pillole del giorno\" data-src=\"https:\/\/www.lettera43.it\/wp-content\/uploads\/2025\/11\/I-giovani-di-FdI-e-il-pericolo-del-fascismo-ben-pettinato-dove-il-nero-si-traveste-di-rosa-6.jpg\" loading=\"lazy\" data-has-syndication-rights=\"1\" data-licensor-name=\"Lettera43\" srcset=\"https:\/\/www.lettera43.it\/wp-content\/uploads\/2025\/11\/I-giovani-di-FdI-e-il-pericolo-del-fascismo-ben-pettinato-dove-il-nero-si-traveste-di-rosa-6.jpg 1200w, https:\/\/www.lettera43.it\/wp-content\/uploads\/2025\/11\/I-giovani-di-FdI-e-il-pericolo-del-fascismo-ben-pettinato-dove-il-nero-si-traveste-di-rosa-6-800x694.jpg 800w, https:\/\/www.lettera43.it\/wp-content\/uploads\/2025\/11\/I-giovani-di-FdI-e-il-pericolo-del-fascismo-ben-pettinato-dove-il-nero-si-traveste-di-rosa-6-390x338.jpg 390w\" sizes=\"auto, (max-width: 1200px) 100vw, 1200px\" \/><\/a><figcaption class=\"wp-element-caption\">Tommaso Cerno (foto Ansa).<\/figcaption><\/figure>\n\n\n<h2 class=\"wp-block-heading\">L&#8217;ex vendoliano Stef\u00e0no da Assoenologi<\/h2>\n\n\n\n<p><a href=\"https:\/\/www.lettera43.it\/meloni-lollobrigida-premiano-re-vino-cotarella\/\"  rel=\"noreferrer noopener\"><strong>Riccardo Cotarella<\/strong>,<\/a> presidente <strong>Assoenologi<\/strong>, \u00e8 il protagonista del forum \u201cVino e Giovani: un incontro tra cultura e responsabilit\u00e0\u201d organizzato dall&#8217;associazione a Palazzo Medici Riccardi a Firenze. Sul palco anche <strong>Dario Nardella<\/strong>, ex sindaco di Firenze, eurodeputato dem e componente della Commissione agricoltura e sviluppo rurale. <\/p>\n\n\n\n<p><strong>LEGGI ANCHE:<\/strong> <a href=\"https:\/\/www.lettera43.it\/vini-bruno-vespa-coldiretti-ascesa-dominga-cotarella\/\"  rel=\"noreferrer noopener\">Dai vini per Bruno Vespa a Coldiretti, ascesa di Dominga Cotarella<\/a><\/p>\n\n\n\n<p>Il dibattito \u00e8 moderato dal giornalista di La7 Andrea Pancani. Immancabile <strong>Dario Stef\u00e0no<\/strong>, presidente del Centro Studi Enoturismo Universit\u00e0 Lumsa di Roma, gi\u00e0 parlamentare, nato politicamente \u201cvendoliano\u201d in Puglia e poi passato al Pd fino a quando restitu\u00ec la tessera del partito a Enrico Letta.<\/p>\n\n\n<figure class=\"wp-block-image size-large\"><a href=\"https:\/\/www.lettera43.it\/galleria\/1291333\/1201770\"><img data-has-syndication-rights=\"1\" data-portal-copyright=\"Lettera43\" data-licensor-name=\"Lettera43\" decoding=\"async\" width=\"1024\" height=\"817\" src=\"https:\/\/www.lettera43.it\/wp-content\/uploads\/2025\/04\/Meloni-e-Lollo-premiano-il-re-del-vino-Cotarella-Draghi-va-dai-gesuiti-le-pillole-di-L43-4-1024x817.jpg\" alt=\"Il S\u00ec di Pisapia al referendum e quel Pignolo di Cerno: le pillole del giorno\" class=\"wp-image-1201770 lazyload\" title=\"Il S\u00ec di Pisapia al referendum e quel Pignolo di Cerno: le pillole del giorno\" data-src=\"https:\/\/www.lettera43.it\/wp-content\/uploads\/2025\/04\/Meloni-e-Lollo-premiano-il-re-del-vino-Cotarella-Draghi-va-dai-gesuiti-le-pillole-di-L43-4-1024x817.jpg\" loading=\"lazy\" data-has-syndication-rights=\"1\" data-licensor-name=\"Lettera43\" srcset=\"https:\/\/www.lettera43.it\/wp-content\/uploads\/2025\/04\/Meloni-e-Lollo-premiano-il-re-del-vino-Cotarella-Draghi-va-dai-gesuiti-le-pillole-di-L43-4-1024x817.jpg 1024w, https:\/\/www.lettera43.it\/wp-content\/uploads\/2025\/04\/Meloni-e-Lollo-premiano-il-re-del-vino-Cotarella-Draghi-va-dai-gesuiti-le-pillole-di-L43-4-800x638.jpg 800w, https:\/\/www.lettera43.it\/wp-content\/uploads\/2025\/04\/Meloni-e-Lollo-premiano-il-re-del-vino-Cotarella-Draghi-va-dai-gesuiti-le-pillole-di-L43-4-768x613.jpg 768w, https:\/\/www.lettera43.it\/wp-content\/uploads\/2025\/04\/Meloni-e-Lollo-premiano-il-re-del-vino-Cotarella-Draghi-va-dai-gesuiti-le-pillole-di-L43-4.jpg 1200w\" sizes=\"auto, (max-width: 1024px) 100vw, 1024px\" \/><\/a><figcaption class=\"wp-element-caption\">Riccardo Cotarella e Francesco Lollobrigida (foto Imagoeconomica).<\/figcaption><\/figure>\n\n\n<h2 class=\"wp-block-heading\">Bollicine per Pino Strabioli <\/h2>\n\n\n\n<p>A Milano, al Teatro Gerolamo, celebrazioni per i \u201cCento anni di Valdo. Quando il Prosecco diventa cultura. Un racconto corale tra storia d\u2019Italia, costume e visione d\u2019impresa\u201d, con <strong>Pierluigi Bolla<\/strong> presidente Valdo Spumanti, la chef \u201cgreen\u201d Chiara Pavan, e Giulio Somma, moderati dall\u2019attore e conduttore tv <strong>Pino Strabioli<\/strong>.<\/p>\n\n\n<figure class=\"wp-block-image size-full\"><a href=\"https:\/\/www.lettera43.it\/galleria\/1291333\/1291372\"><img data-has-syndication-rights=\"1\" data-portal-copyright=\"Lettera43\" data-licensor-name=\"Lettera43\" decoding=\"async\" width=\"1200\" height=\"800\" src=\"https:\/\/www.lettera43.it\/wp-content\/uploads\/2026\/03\/Il-Si-di-Pisapia-al-referendum-e-quel-Pignolo-di-Cerno-le-pillole-del-giorno-pino.jpg\" alt=\"Il S\u00ec di Pisapia al referendum e quel Pignolo di Cerno: le pillole del giorno\" class=\"wp-image-1291372 lazyload\" title=\"Il S\u00ec di Pisapia al referendum e quel Pignolo di Cerno: le pillole del giorno\" data-src=\"https:\/\/www.lettera43.it\/wp-content\/uploads\/2026\/03\/Il-Si-di-Pisapia-al-referendum-e-quel-Pignolo-di-Cerno-le-pillole-del-giorno-pino.jpg\" loading=\"lazy\" data-has-syndication-rights=\"1\" data-licensor-name=\"Lettera43\" srcset=\"https:\/\/www.lettera43.it\/wp-content\/uploads\/2026\/03\/Il-Si-di-Pisapia-al-referendum-e-quel-Pignolo-di-Cerno-le-pillole-del-giorno-pino.jpg 1200w, https:\/\/www.lettera43.it\/wp-content\/uploads\/2026\/03\/Il-Si-di-Pisapia-al-referendum-e-quel-Pignolo-di-Cerno-le-pillole-del-giorno-pino-800x533.jpg 800w, https:\/\/www.lettera43.it\/wp-content\/uploads\/2026\/03\/Il-Si-di-Pisapia-al-referendum-e-quel-Pignolo-di-Cerno-le-pillole-del-giorno-pino-390x260.jpg 390w\" sizes=\"auto, (max-width: 1200px) 100vw, 1200px\" \/><\/a><figcaption class=\"wp-element-caption\">Pino Strabioli (Imagoeconomica).<\/figcaption><\/figure>\n\n\n<h2 class=\"wp-block-heading\">Josi al Festival Franciacorta<\/h2>\n\n\n\n<p>Il 14 e il 15 marzo si tiene il <strong>Festival Franciacorta di Primavera<\/strong> per scoprire le 50 cantine della zona. Inaugurazione ufficiale a Brescia nel Teatro Grande, con \u201cIl Futuro dei Luoghi. Identit\u00e0, visione e responsabilit\u00e0 culturale\u201d, un dialogo pubblico dedicato al valore dei territori come spazi culturali vivi, moderato dal giornalista del Tg5 Dario Maltese, e con gli interventi di <strong>Luca Josi<\/strong>, nei panni di manager culturale e creativo, <strong>Daniele Cipriani<\/strong>, direttore del Festival dei Due Mondi di Spoleto, e di <strong>Melania Rizzoli<\/strong>, medico e membro del cda del Teatro alla Scala nonch\u00e9 ex vicepresidente azzurra di Regione Lombardia.<\/p>\n\n\n<figure class=\"wp-block-image size-full\"><a href=\"https:\/\/www.lettera43.it\/galleria\/1291333\/1291371\"><img data-has-syndication-rights=\"1\" data-portal-copyright=\"Lettera43\" data-licensor-name=\"Lettera43\" decoding=\"async\" width=\"1200\" height=\"800\" src=\"https:\/\/www.lettera43.it\/wp-content\/uploads\/2026\/03\/Il-Si-di-Pisapia-al-referendum-e-quel-Pignolo-di-Cerno-le-pillole-del-giorno-jois.jpg\" alt=\"Il S\u00ec di Pisapia al referendum e quel Pignolo di Cerno: le pillole del giorno\" class=\"wp-image-1291371 lazyload\" title=\"Il S\u00ec di Pisapia al referendum e quel Pignolo di Cerno: le pillole del giorno\" data-src=\"https:\/\/www.lettera43.it\/wp-content\/uploads\/2026\/03\/Il-Si-di-Pisapia-al-referendum-e-quel-Pignolo-di-Cerno-le-pillole-del-giorno-jois.jpg\" loading=\"lazy\" data-has-syndication-rights=\"1\" data-licensor-name=\"Lettera43\" srcset=\"https:\/\/www.lettera43.it\/wp-content\/uploads\/2026\/03\/Il-Si-di-Pisapia-al-referendum-e-quel-Pignolo-di-Cerno-le-pillole-del-giorno-jois.jpg 1200w, https:\/\/www.lettera43.it\/wp-content\/uploads\/2026\/03\/Il-Si-di-Pisapia-al-referendum-e-quel-Pignolo-di-Cerno-le-pillole-del-giorno-jois-800x533.jpg 800w, https:\/\/www.lettera43.it\/wp-content\/uploads\/2026\/03\/Il-Si-di-Pisapia-al-referendum-e-quel-Pignolo-di-Cerno-le-pillole-del-giorno-jois-390x260.jpg 390w\" sizes=\"auto, (max-width: 1200px) 100vw, 1200px\" \/><\/a><figcaption class=\"wp-element-caption\">Luca Josi (Imagoeconomica).<\/figcaption><\/figure>\n\n\n<p><\/p>\n","protected":false},"excerpt":{"rendered":"<p>Vista la sua storia familiare e politica, il coming out dell&#8217;ex sindaco di Milano non sorprende. Intanto il direttore del Giornale celebra il rosso friulano. Gli spifferi di L43.<\/p>\n","protected":false},"author":4,"featured_media":0,"comment_status":"closed","ping_status":"closed","sticky":false,"template":"","format":"standard","meta":{"om_disable_all_campaigns":false,"_monsterinsights_skip_tracking":false,"_monsterinsights_sitenote_active":false,"_monsterinsights_sitenote_note":"","_monsterinsights_sitenote_category":0,"footnotes":""},"categories":[417,15],"tags":[],"class_list":["post-826058","post","type-post","status-publish","format-standard","hentry","category-corridoi","category-politica"],"aioseo_notices":[],"_links":{"self":[{"href":"https:\/\/nugnes.com\/index.php?rest_route=\/wp\/v2\/posts\/826058","targetHints":{"allow":["GET"]}}],"collection":[{"href":"https:\/\/nugnes.com\/index.php?rest_route=\/wp\/v2\/posts"}],"about":[{"href":"https:\/\/nugnes.com\/index.php?rest_route=\/wp\/v2\/types\/post"}],"author":[{"embeddable":true,"href":"https:\/\/nugnes.com\/index.php?rest_route=\/wp\/v2\/users\/4"}],"replies":[{"embeddable":true,"href":"https:\/\/nugnes.com\/index.php?rest_route=%2Fwp%2Fv2%2Fcomments&post=826058"}],"version-history":[{"count":1,"href":"https:\/\/nugnes.com\/index.php?rest_route=\/wp\/v2\/posts\/826058\/revisions"}],"predecessor-version":[{"id":826059,"href":"https:\/\/nugnes.com\/index.php?rest_route=\/wp\/v2\/posts\/826058\/revisions\/826059"}],"wp:attachment":[{"href":"https:\/\/nugnes.com\/index.php?rest_route=%2Fwp%2Fv2%2Fmedia&parent=826058"}],"wp:term":[{"taxonomy":"category","embeddable":true,"href":"https:\/\/nugnes.com\/index.php?rest_route=%2Fwp%2Fv2%2Fcategories&post=826058"},{"taxonomy":"post_tag","embeddable":true,"href":"https:\/\/nugnes.com\/index.php?rest_route=%2Fwp%2Fv2%2Ftags&post=826058"}],"curies":[{"name":"wp","href":"https:\/\/api.w.org\/{rel}","templated":true}]}}