{"id":826064,"date":"2026-03-13T12:43:41","date_gmt":"2026-03-13T12:43:41","guid":{"rendered":"https:\/\/www.lettera43.it\/?p=1291301"},"modified":"2026-03-13T12:43:41","modified_gmt":"2026-03-13T12:43:41","slug":"fdi-e-pd-candidano-bastoni-al-premio-rosa-camuna-quando-il-tifo-interista-acceca","status":"publish","type":"post","link":"https:\/\/nugnes.com\/?p=826064","title":{"rendered":"FdI e Pd candidano Bastoni al premio Rosa Camuna: quando il tifo interista acceca"},"content":{"rendered":"\n<p>Poi non dite che la <strong>politica<\/strong>, accecata dagli opposti estremismi, non \u00e8 pi\u00f9 in grado di convergere su decisioni <strong>bipartisan<\/strong>. Il pallone appiana le divergenze tra destra e sinistra e riunisce sotto la stessa <strong>fede calcistica<\/strong> addirittura <strong>Fratelli d&#8217;Italia<\/strong> e <strong>Partito democratico<\/strong>. Che insieme hanno partorito una controversa decisione, pi\u00f9 assurda della famigerata espulsione del giocatore juventino <strong>Pierre Kalulu<\/strong> per doppia ammonizione contro l&#8217;<strong>Inter<\/strong>. E cio\u00e8 candidare il calciatore che l&#8217;aveva provocata con una riprovevole <strong>simulazione<\/strong>, il nerazzurro <strong>Alessandro Bastoni<\/strong>, al premio &#8220;<strong>Rosa Camuna<\/strong>&#8220;, \u00abper il <strong>valore sportivo<\/strong> dimostrato nel corso della sua carriera, per il ruolo simbolico che ricopre nel calcio lombardo e per la capacit\u00e0 dimostrata di affrontare con seriet\u00e0 e correttezza anche i momenti pi\u00f9 difficili\u00bb.<\/p>\n\n\n<figure class=\"wp-block-image size-full\"><a href=\"https:\/\/www.lettera43.it\/galleria\/1291301\/1291348\"><img data-has-syndication-rights=\"1\" data-portal-copyright=\"Lettera43\" data-licensor-name=\"Lettera43\" decoding=\"async\" width=\"1200\" height=\"1011\" src=\"https:\/\/www.lettera43.it\/wp-content\/uploads\/2026\/03\/FdI-e-Pd-candidano-Bastoni-al-premio-Rosa-Camuna-quando-il-tifo-interista-acceca-3.jpg\" alt=\"FdI e Pd candidano Bastoni al premio Rosa Camuna: quando il tifo interista acceca\" class=\"wp-image-1291348 lazyload\" title=\"FdI e Pd candidano Bastoni al premio Rosa Camuna: quando il tifo interista acceca\" data-src=\"https:\/\/www.lettera43.it\/wp-content\/uploads\/2026\/03\/FdI-e-Pd-candidano-Bastoni-al-premio-Rosa-Camuna-quando-il-tifo-interista-acceca-3.jpg\" loading=\"lazy\" data-has-syndication-rights=\"1\" data-licensor-name=\"Lettera43\" srcset=\"https:\/\/www.lettera43.it\/wp-content\/uploads\/2026\/03\/FdI-e-Pd-candidano-Bastoni-al-premio-Rosa-Camuna-quando-il-tifo-interista-acceca-3.jpg 1200w, https:\/\/www.lettera43.it\/wp-content\/uploads\/2026\/03\/FdI-e-Pd-candidano-Bastoni-al-premio-Rosa-Camuna-quando-il-tifo-interista-acceca-3-800x674.jpg 800w, https:\/\/www.lettera43.it\/wp-content\/uploads\/2026\/03\/FdI-e-Pd-candidano-Bastoni-al-premio-Rosa-Camuna-quando-il-tifo-interista-acceca-3-390x329.jpg 390w\" sizes=\"auto, (max-width: 1200px) 100vw, 1200px\" \/><\/a><figcaption class=\"wp-element-caption\">Alessandro Bastoni contro Pierre Kalulu durante Inter-Juve del 14 febbraio 2026 (foto Ansa).<\/figcaption><\/figure>\n\n\n<p>O si tratta di un caso di curiosa omonimia, o \u00e8 lo stesso Bastoni che da un mese viene <strong>fischiato<\/strong> dai tifosi avversari in ogni stadio in cui gioca in trasferta, dopo che qualcuno, compreso l&#8217;ex premier <strong>Enrico Letta<\/strong> (milanista), ha proposto persino di escluderlo dalla <strong>Nazionale<\/strong>.<\/p>\n\n\n\n<h2 class=\"wp-block-heading\">Gli altri club rivali hanno definito la mossa \u00abvergognosa\u00bb<\/h2>\n\n\n\n<p>Il tifo nerazzurro forse fa perdere la bussola. Chiedere a <strong>Bussolati Pietro<\/strong>, consigliere regionale del <strong>Pd<\/strong>, che ha sottoscritto la candidatura assieme al presidente del Consiglio regionale della Lombardia, il meloniano <strong>Federico Romani<\/strong>. Bussolati, non a caso, \u00e8 presidente dell&#8217;<strong>Inter Club di Palazzo Pirelli<\/strong>. Insomma, una decisione che ha motivazioni soltanto calcistiche, non certo politiche. Tanto che gli altri club rivali hanno definito la mossa \u00abvergognosa\u00bb. Con in testa ovviamente quello bianconero, lo <strong>Juventus club &#8220;Amici del Pirellone&#8221; Gianluca Vialli<\/strong>, a cui \u00e8 iscritto anche <strong>Franco Lucente<\/strong> di Fratelli d&#8217;Italia, assessore ai Trasporti e alla Mobilit\u00e0 sostenibile. Che infatti ha detto: \u00abDa Bastoni scuse tardive, adesso viene addirittura osannato e proposto per un premio di lealt\u00e0 e correttezza. Kalulu cornuto e mazziato\u00bb.<\/p>\n\n\n<figure class=\"wp-block-image size-full\"><a href=\"https:\/\/www.lettera43.it\/galleria\/1291301\/1291353\"><img data-has-syndication-rights=\"1\" data-portal-copyright=\"Lettera43\" data-licensor-name=\"Lettera43\" decoding=\"async\" width=\"1200\" height=\"801\" src=\"https:\/\/www.lettera43.it\/wp-content\/uploads\/2026\/03\/FdI-e-Pd-candidano-Bastoni-al-premio-Rosa-Camuna-quando-il-tifo-interista-acceca-7.jpg\" alt=\"FdI e Pd candidano Bastoni al premio Rosa Camuna: quando il tifo interista acceca\" class=\"wp-image-1291353 lazyload\" title=\"FdI e Pd candidano Bastoni al premio Rosa Camuna: quando il tifo interista acceca\" data-src=\"https:\/\/www.lettera43.it\/wp-content\/uploads\/2026\/03\/FdI-e-Pd-candidano-Bastoni-al-premio-Rosa-Camuna-quando-il-tifo-interista-acceca-7.jpg\" loading=\"lazy\" data-has-syndication-rights=\"1\" data-licensor-name=\"Lettera43\" srcset=\"https:\/\/www.lettera43.it\/wp-content\/uploads\/2026\/03\/FdI-e-Pd-candidano-Bastoni-al-premio-Rosa-Camuna-quando-il-tifo-interista-acceca-7.jpg 1200w, https:\/\/www.lettera43.it\/wp-content\/uploads\/2026\/03\/FdI-e-Pd-candidano-Bastoni-al-premio-Rosa-Camuna-quando-il-tifo-interista-acceca-7-800x534.jpg 800w, https:\/\/www.lettera43.it\/wp-content\/uploads\/2026\/03\/FdI-e-Pd-candidano-Bastoni-al-premio-Rosa-Camuna-quando-il-tifo-interista-acceca-7-390x260.jpg 390w\" sizes=\"auto, (max-width: 1200px) 100vw, 1200px\" \/><\/a><figcaption class=\"wp-element-caption\">Pietro Bussolati (foto Imagoeconomica).<\/figcaption><\/figure>\n\n\n<h2 class=\"wp-block-heading\">Tutti i tentacoli della lobby interista, da La Russa in gi\u00f9<\/h2>\n\n\n\n<p>La <strong>lobby interista<\/strong> d&#8217;altronde ha dimostrato di riuscire a infilarsi ovunque, pure ai piani alti delle istituzioni. A partire dalla seconda carica dello Stato, quell&#8217;<strong>Ignazio La Russa<\/strong> che, commentando l&#8217;episodio di Bastoni, disse che \u00abrubare a chi ruba non \u00e8 grave\u00bb. Fino al sindaco di Milano <strong>Beppe Sala<\/strong>, che aveva lasciato tutti a bocca aperta prendendosela con un esempio di fair play come l&#8217;ex bandiera e capitano della Juve <strong>Alessandro Del Piero<\/strong>: \u00abAdesso vedo commentatori come Del Piero, che hanno fatto <strong>simulazioni incredibili<\/strong> nella loro carriera, ci sono i video in giro a dimostrarlo, che parlano e fanno i censori\u00bb. In attesa di vedere quei video che probabilmente esistono solo negli archivi del primo cittadino meneghino, registriamo anche qui un&#8217;altra <strong>larga intesa FdI-Pd<\/strong> nel nome del <strong>Biscione<\/strong>.<\/p>\n\n\n<figure class=\"wp-block-image size-full\"><a href=\"https:\/\/www.lettera43.it\/galleria\/1291301\/1291349\"><img data-has-syndication-rights=\"1\" data-portal-copyright=\"Lettera43\" data-licensor-name=\"Lettera43\" decoding=\"async\" width=\"1200\" height=\"840\" src=\"https:\/\/www.lettera43.it\/wp-content\/uploads\/2026\/03\/FdI-e-Pd-candidano-Bastoni-al-premio-Rosa-Camuna-quando-il-tifo-interista-acceca-2.jpg\" alt=\"FdI e Pd candidano Bastoni al premio Rosa Camuna: quando il tifo interista acceca\" class=\"wp-image-1291349 lazyload\" title=\"FdI e Pd candidano Bastoni al premio Rosa Camuna: quando il tifo interista acceca\" data-src=\"https:\/\/www.lettera43.it\/wp-content\/uploads\/2026\/03\/FdI-e-Pd-candidano-Bastoni-al-premio-Rosa-Camuna-quando-il-tifo-interista-acceca-2.jpg\" loading=\"lazy\" data-has-syndication-rights=\"1\" data-licensor-name=\"Lettera43\" srcset=\"https:\/\/www.lettera43.it\/wp-content\/uploads\/2026\/03\/FdI-e-Pd-candidano-Bastoni-al-premio-Rosa-Camuna-quando-il-tifo-interista-acceca-2.jpg 1200w, https:\/\/www.lettera43.it\/wp-content\/uploads\/2026\/03\/FdI-e-Pd-candidano-Bastoni-al-premio-Rosa-Camuna-quando-il-tifo-interista-acceca-2-800x560.jpg 800w, https:\/\/www.lettera43.it\/wp-content\/uploads\/2026\/03\/FdI-e-Pd-candidano-Bastoni-al-premio-Rosa-Camuna-quando-il-tifo-interista-acceca-2-390x273.jpg 390w\" sizes=\"auto, (max-width: 1200px) 100vw, 1200px\" \/><\/a><figcaption class=\"wp-element-caption\">Ignazio La Russa e Beppe Sala (foto Imagoeconomica).<\/figcaption><\/figure>\n\n\n<p>Bastoni, classe 1999, \u00e8 nato a <strong>Casalmaggiore<\/strong>, in provincia di <strong>Cremona<\/strong>. E secondo Romani e Bussolati \u00abla sua candidatura trova ragione nel fatto che rappresenta oggi uno dei volti pi\u00f9 autorevoli e riconoscibili del calcio lombardo, italiano ed europeo. Con la maglia dell&#8217;Inter e della Nazionale ha dimostrato negli anni qualit\u00e0 tecniche, personalit\u00e0 e <strong>senso di responsabilit\u00e0<\/strong> che lo rendono un punto di riferimento dentro e fuori dal campo\u00bb. Ma forse Romani e Bussolati guardano le partite senza audio, e non si sono accorti dei fischi.<\/p>\n\n\n<figure class=\"wp-block-image size-full\"><a href=\"https:\/\/www.lettera43.it\/galleria\/1291301\/1291350\"><img data-has-syndication-rights=\"1\" data-portal-copyright=\"Lettera43\" data-licensor-name=\"Lettera43\" decoding=\"async\" width=\"1200\" height=\"801\" src=\"https:\/\/www.lettera43.it\/wp-content\/uploads\/2026\/03\/FdI-e-Pd-candidano-Bastoni-al-premio-Rosa-Camuna-quando-il-tifo-interista-acceca-4.jpg\" alt=\"FdI e Pd candidano Bastoni al premio Rosa Camuna: quando il tifo interista acceca\" class=\"wp-image-1291350 lazyload\" title=\"FdI e Pd candidano Bastoni al premio Rosa Camuna: quando il tifo interista acceca\" data-src=\"https:\/\/www.lettera43.it\/wp-content\/uploads\/2026\/03\/FdI-e-Pd-candidano-Bastoni-al-premio-Rosa-Camuna-quando-il-tifo-interista-acceca-4.jpg\" loading=\"lazy\" data-has-syndication-rights=\"1\" data-licensor-name=\"Lettera43\" srcset=\"https:\/\/www.lettera43.it\/wp-content\/uploads\/2026\/03\/FdI-e-Pd-candidano-Bastoni-al-premio-Rosa-Camuna-quando-il-tifo-interista-acceca-4.jpg 1200w, https:\/\/www.lettera43.it\/wp-content\/uploads\/2026\/03\/FdI-e-Pd-candidano-Bastoni-al-premio-Rosa-Camuna-quando-il-tifo-interista-acceca-4-800x534.jpg 800w, https:\/\/www.lettera43.it\/wp-content\/uploads\/2026\/03\/FdI-e-Pd-candidano-Bastoni-al-premio-Rosa-Camuna-quando-il-tifo-interista-acceca-4-390x260.jpg 390w\" sizes=\"auto, (max-width: 1200px) 100vw, 1200px\" \/><\/a><figcaption class=\"wp-element-caption\">Il presidente del Consiglio regionale della Lombardia, Federico Romani di FdI (foto Imagoeconomica).<\/figcaption><\/figure>\n\n\n<p>Bastoni, aggiungono i due, \u00abha saputo distinguersi anche per la <strong>maturit\u00e0<\/strong> dimostrata nel riconoscere pubblicamente un proprio errore, assumendosi la responsabilit\u00e0 di un gesto avvenuto in campo. Un atteggiamento non scontato e non comune e che testimonia il <strong>rispetto<\/strong> per il gioco, per gli avversari e per i tifosi\u00bb.<\/p>\n\n\n<figure class=\"wp-block-image size-full\"><a href=\"https:\/\/www.lettera43.it\/galleria\/1291301\/1291352\"><img data-has-syndication-rights=\"1\" data-portal-copyright=\"Lettera43\" data-licensor-name=\"Lettera43\" decoding=\"async\" width=\"1200\" height=\"800\" src=\"https:\/\/www.lettera43.it\/wp-content\/uploads\/2026\/03\/FdI-e-Pd-candidano-Bastoni-al-premio-Rosa-Camuna-quando-il-tifo-interista-acceca-6.jpg\" alt=\"FdI e Pd candidano Bastoni al premio Rosa Camuna: quando il tifo interista acceca\" class=\"wp-image-1291352 lazyload\" title=\"FdI e Pd candidano Bastoni al premio Rosa Camuna: quando il tifo interista acceca\" data-src=\"https:\/\/www.lettera43.it\/wp-content\/uploads\/2026\/03\/FdI-e-Pd-candidano-Bastoni-al-premio-Rosa-Camuna-quando-il-tifo-interista-acceca-6.jpg\" loading=\"lazy\" data-has-syndication-rights=\"1\" data-licensor-name=\"Lettera43\" srcset=\"https:\/\/www.lettera43.it\/wp-content\/uploads\/2026\/03\/FdI-e-Pd-candidano-Bastoni-al-premio-Rosa-Camuna-quando-il-tifo-interista-acceca-6.jpg 1200w, https:\/\/www.lettera43.it\/wp-content\/uploads\/2026\/03\/FdI-e-Pd-candidano-Bastoni-al-premio-Rosa-Camuna-quando-il-tifo-interista-acceca-6-800x533.jpg 800w, https:\/\/www.lettera43.it\/wp-content\/uploads\/2026\/03\/FdI-e-Pd-candidano-Bastoni-al-premio-Rosa-Camuna-quando-il-tifo-interista-acceca-6-390x260.jpg 390w\" sizes=\"auto, (max-width: 1200px) 100vw, 1200px\" \/><\/a><figcaption class=\"wp-element-caption\">Alessandro Bastoni nella conferenza stampa delle scuse (foto Ansa).<\/figcaption><\/figure>\n\n\n<h2 class=\"wp-block-heading\">Quella conferenza stampa di scuse forzate<\/h2>\n\n\n\n<p>Per entrambi, episodi come quello avvenuto in Inter-Juventus \u00absi verificano con frequenza sui campi di calcio senza suscitare la stessa eco e lo stesso accanimento: in questo senso, la reazione di Bastoni ha rappresentato un <strong>esempio positivo<\/strong> di come si possa trasformare un errore in un&#8217;occasione di responsabilit\u00e0 e crescita\u00bb. Bastoni, tre giorni dopo il fattaccio, in conferenza stampa si era sforzato di esprimere delle <strong>scuse<\/strong> talmente sentite che aveva precisato di voler comunque stigmatizzare \u00abtanta <strong>falsit\u00e0<\/strong>, tanta <strong>ipocrisia<\/strong> e tanto <strong>finto perbenismo<\/strong>\u00bb.<\/p>\n\n\n<figure class=\"wp-block-image size-full\"><a href=\"https:\/\/www.lettera43.it\/galleria\/1291301\/1291347\"><img data-has-syndication-rights=\"1\" data-portal-copyright=\"Lettera43\" data-licensor-name=\"Lettera43\" decoding=\"async\" width=\"1200\" height=\"800\" src=\"https:\/\/www.lettera43.it\/wp-content\/uploads\/2026\/03\/FdI-e-Pd-candidano-Bastoni-al-premio-Rosa-Camuna-quando-il-tifo-interista-acceca-1.jpg\" alt=\"FdI e Pd candidano Bastoni al premio Rosa Camuna: quando il tifo interista acceca\" class=\"wp-image-1291347 lazyload\" title=\"FdI e Pd candidano Bastoni al premio Rosa Camuna: quando il tifo interista acceca\" data-src=\"https:\/\/www.lettera43.it\/wp-content\/uploads\/2026\/03\/FdI-e-Pd-candidano-Bastoni-al-premio-Rosa-Camuna-quando-il-tifo-interista-acceca-1.jpg\" loading=\"lazy\" data-has-syndication-rights=\"1\" data-licensor-name=\"Lettera43\" srcset=\"https:\/\/www.lettera43.it\/wp-content\/uploads\/2026\/03\/FdI-e-Pd-candidano-Bastoni-al-premio-Rosa-Camuna-quando-il-tifo-interista-acceca-1.jpg 1200w, https:\/\/www.lettera43.it\/wp-content\/uploads\/2026\/03\/FdI-e-Pd-candidano-Bastoni-al-premio-Rosa-Camuna-quando-il-tifo-interista-acceca-1-800x533.jpg 800w, https:\/\/www.lettera43.it\/wp-content\/uploads\/2026\/03\/FdI-e-Pd-candidano-Bastoni-al-premio-Rosa-Camuna-quando-il-tifo-interista-acceca-1-390x260.jpg 390w\" sizes=\"auto, (max-width: 1200px) 100vw, 1200px\" \/><\/a><figcaption class=\"wp-element-caption\">Il premio Rosa Camuna (foto Imagoeconomica).<\/figcaption><\/figure>\n\n\n<p>La Rosa Camuna, tra l&#8217;altro, \u00e8 la <strong>massima onorificenza<\/strong> della <strong>Lombardia<\/strong>. Istituita nel 1996, riconosce pubblicamente \u00abl\u2019impegno, l\u2019operosit\u00e0, la creativit\u00e0 e l\u2019ingegno di coloro che si siano particolarmente distinti nel contribuire allo sviluppo economico, sociale, culturale e sportivo della Lombardia\u00bb (nel 2025, tra gli altri, erano stati premiati <strong>Maria De Filippi<\/strong> e <em><strong>X Factor<\/strong><\/em>). A questo punto qualcuno candidi <strong>Pierre Kalulu<\/strong>, unica vera vittima dell&#8217;<strong>ingiustizia<\/strong> di questa storia, al <strong>premio Nobel per la Pace<\/strong>.<\/p>\n","protected":false},"excerpt":{"rendered":"<p>Il meloniano Romani e il dem Bussolati chiedono la massima onorificenza della Lombardia per il calciatore nerazzurro. Che viene fischiato in tutta Italia dopo la simulazione contro la Juve. La lobby del Biscione \u00e8 bipartisan.<\/p>\n","protected":false},"author":4,"featured_media":0,"comment_status":"closed","ping_status":"closed","sticky":false,"template":"","format":"standard","meta":{"om_disable_all_campaigns":false,"_monsterinsights_skip_tracking":false,"_monsterinsights_sitenote_active":false,"_monsterinsights_sitenote_note":"","_monsterinsights_sitenote_category":0,"footnotes":""},"categories":[15],"tags":[],"class_list":["post-826064","post","type-post","status-publish","format-standard","hentry","category-politica"],"aioseo_notices":[],"_links":{"self":[{"href":"https:\/\/nugnes.com\/index.php?rest_route=\/wp\/v2\/posts\/826064","targetHints":{"allow":["GET"]}}],"collection":[{"href":"https:\/\/nugnes.com\/index.php?rest_route=\/wp\/v2\/posts"}],"about":[{"href":"https:\/\/nugnes.com\/index.php?rest_route=\/wp\/v2\/types\/post"}],"author":[{"embeddable":true,"href":"https:\/\/nugnes.com\/index.php?rest_route=\/wp\/v2\/users\/4"}],"replies":[{"embeddable":true,"href":"https:\/\/nugnes.com\/index.php?rest_route=%2Fwp%2Fv2%2Fcomments&post=826064"}],"version-history":[{"count":1,"href":"https:\/\/nugnes.com\/index.php?rest_route=\/wp\/v2\/posts\/826064\/revisions"}],"predecessor-version":[{"id":826065,"href":"https:\/\/nugnes.com\/index.php?rest_route=\/wp\/v2\/posts\/826064\/revisions\/826065"}],"wp:attachment":[{"href":"https:\/\/nugnes.com\/index.php?rest_route=%2Fwp%2Fv2%2Fmedia&parent=826064"}],"wp:term":[{"taxonomy":"category","embeddable":true,"href":"https:\/\/nugnes.com\/index.php?rest_route=%2Fwp%2Fv2%2Fcategories&post=826064"},{"taxonomy":"post_tag","embeddable":true,"href":"https:\/\/nugnes.com\/index.php?rest_route=%2Fwp%2Fv2%2Ftags&post=826064"}],"curies":[{"name":"wp","href":"https:\/\/api.w.org\/{rel}","templated":true}]}}