{"id":826077,"date":"2026-03-13T16:24:43","date_gmt":"2026-03-13T16:24:43","guid":{"rendered":"http:\/\/nugnes.com\/?guid=367f1b37c88546b42c81df00b4561e87"},"modified":"2026-03-13T16:24:43","modified_gmt":"2026-03-13T16:24:43","slug":"garante-per-linfanzia-i-bimbi-della-famiglia-nel-bosco-sono-traumatizzati-2","status":"publish","type":"post","link":"https:\/\/nugnes.com\/?p=826077","title":{"rendered":"Garante per l&#8217;infanzia: &#8220;I bimbi della famiglia nel bosco sono traumatizzati&#8221;"},"content":{"rendered":"<p>AGI - \"Ho incontrato i&nbsp;<strong>bambini Trevallion<\/strong>. Stanno fisicamente bene ma la loro notevole&nbsp;<strong>agitazione psicomotoria<\/strong>, insieme a un atteggiamento di&nbsp;<strong>paura e diffidenza<\/strong>&nbsp;nei confronti degli estranei, rivela un&nbsp;<strong>disagio evidente<\/strong>&nbsp;che non sorprende visti i&nbsp;<strong>ripetuti traumi<\/strong>&nbsp;a cui sono stati sottoposti, ultimo l'improvvisa&nbsp;<strong>separazione dalla madre<\/strong>&nbsp;che ha vissuto con loro questi quasi quattro mesi nella&nbsp;<strong>casa-famiglia di Vasto<\/strong>\". A parlare \u00e8&nbsp;<strong>Marina Terragni<\/strong>,&nbsp;<strong>Autorit\u00e0 garante per l'infanzia e l'adolescenza<\/strong>&nbsp;all'indomani della visita compiuta nella casa-famiglia che ospita i bambini della famiglia nel bosco.<\/p>\n<p>\"Avevo richiesto di essere accompagnata nella visita da un <strong>consulente medico esperto <\/strong>indipendente - prosegue - ma il Tribunale non lo ha consentito dati 'gli effetti che ulteriori invadenze potrebbero avere sull'<strong>equilibrio emotivo dei minori<\/strong>'. Affermazione sorprendente, viste anche le modalit\u00e0 di allontanamento della madre dalla struttura che di <strong>questo equilibrio emotivo<\/strong> non sembrano avere tenuto gran conto\".<\/p>\n<h2>Nuovo trasferimeno sarebbe ulteriore trauma<\/h2>\n<p>\"Inutile dire che il loro&nbsp;<strong>trasferimento in un'altra struttura<\/strong>, cos\u00ec come disposto dalla recente ordinanza del Tribunale, costituirebbe un&nbsp;<strong>ulteriore trauma<\/strong>&nbsp;ad aggravare una&nbsp;<strong>situazione psicologica gi\u00e0 evidentemente problematica<\/strong>: bene, dunque, che tutrice e curatrice presentino, come annunciatomi, un'istanza per&nbsp;<strong>sospendere il provvedimento<\/strong>&nbsp;e consentire la&nbsp;<strong>permanenza dei minori<\/strong>&nbsp;nella casa-famiglia di Vasto\".<\/p>\n<h2>Critiche ai servizi sociali e formazione inadeguata<\/h2>\n<p>\"Resto dell'opinione - continua Terragni - che vi sia un'evidente&nbsp;<strong>sproporzione<\/strong>&nbsp;tra le problematiche riscontrate nella&nbsp;<strong>famiglia Trevallion<\/strong>&nbsp;e la decisione di&nbsp;<strong>sradicare i bambini<\/strong>&nbsp;dalla loro casa, dai loro affetti e dalle loro abitudini di vita. E che la radice di questa sproporzione sia nel sostanziale&nbsp;<strong>fallimento del progetto<\/strong>&nbsp;elaborato dai&nbsp;<strong>servizi sociali<\/strong>. Alle iniziali&nbsp;<strong>difficolt\u00e0 di relazione<\/strong>&nbsp;con il nucleo - difficolt\u00e0 che probabilmente, sia pure in gradi diversi, si presentano ogni volta che una famiglia viene attenzionata - non si \u00e8 saputo rispondere con adeguata&nbsp;<strong>professionalit\u00e0<\/strong>. Il che torna a porre il tema, gi\u00e0 da tempo alla nostra attenzione, di un'<strong>inadeguata formazione degli operatori<\/strong>&nbsp;dei servizi che intervengono nella delicatissima trama delle&nbsp;<strong>relazioni e dei legami familiari<\/strong>. Sarebbe stato importante un confronto con l'<strong>assistente sociale<\/strong>&nbsp;impegnata nel caso, confronto al quale purtroppo l'operatrice non si \u00e8 resa disponibile\".<\/p>\n<h2>Il bene dei bambini e i tempi della giustizia<\/h2>\n<p>\"Non resta che auspicare una rapida&nbsp;<strong>risoluzione della vicenda<\/strong>&nbsp;per il&nbsp;<strong>bene dei bambini<\/strong>&nbsp;e per la&nbsp;<strong>salvaguardia del loro futuro<\/strong>, intraprendendo ogni possibile&nbsp;<strong>mediazione<\/strong>&nbsp;e tenendo conto che la misura del tempo nell'<strong>et\u00e0 evolutiva<\/strong>&nbsp;non \u00e8 paragonabile a quella degli adulti, e in particolare ai tempi dei&nbsp;<strong>procedimenti giudiziari<\/strong>. E che la&nbsp;<strong>famiglia<\/strong>&nbsp;\u00e8 e deve restare un'isola, come ha affermato il giurista Arturo Carlo Jemolo, 'che il mare del diritto deve solo lambire'. A meno di non volerla ridurre a definitiva insignificanza rispetto a uno stato che intenda surrogarla con altre istituzioni\".<\/p>\n<h2>La demonizzazione della madre<\/h2>\n<p>\"Un aspetto non trascurabile della vicenda - conclude la Garante - \u00e8 la&nbsp;<strong>demonizzazione misogina della madre<\/strong>&nbsp;signora&nbsp;<strong>Catherine Birmingham<\/strong>, stigmatizzata come&nbsp;<strong>ostativa e oppositiva<\/strong>&nbsp;- negli ultimi tempi i tribunali sono sempre pi\u00f9 popolati di&nbsp;<strong>madri ostative, malevole e simbiotiche<\/strong>&nbsp;- Definitive al riguardo le parole di Giuliano Ferrara: 'Una madre comprensibilmente nervosa, inquieta, stranita dal balletto di funzionari, psicologi e magistrati che improvvisamente hanno sostituito le abitudini di famiglia, bollata come una&nbsp;<strong>strega maternale<\/strong>&nbsp;da quasi quattro mesi, espropriata della&nbsp;<strong>potest\u00e0 genitoriale<\/strong>, che non \u00e8 padronanza di anime e corpi ma una condizione naturale, una&nbsp;<strong>responsabilit\u00e0 e un potere<\/strong>, non una facolt\u00e0 dipendente dalla legge e dello Stato, un&nbsp;<strong>potere d'amore<\/strong>&nbsp;da correggere con cura solo in certi casi e a certe condizioni'\".<\/p>","protected":false},"excerpt":{"rendered":"<p>AGI &#8211; &#8220;Ho incontrato i&nbsp;bambini Trevallion. Stanno fisicamente bene ma la loro notevole&nbsp;agitazione psicomotoria, insieme a un atteggiamento di&nbsp;paura e diffidenza&nbsp;nei confronti degli estranei, rivela un&nbsp;disagio evidente&nbsp;che &#8230;<\/p>\n","protected":false},"author":298,"featured_media":0,"comment_status":"closed","ping_status":"closed","sticky":false,"template":"","format":"standard","meta":{"om_disable_all_campaigns":false,"_monsterinsights_skip_tracking":false,"_monsterinsights_sitenote_active":false,"_monsterinsights_sitenote_note":"","_monsterinsights_sitenote_category":0,"footnotes":""},"categories":[10,1531],"tags":[],"class_list":["post-826077","post","type-post","status-publish","format-standard","hentry","category-cronaca","category-komposer"],"aioseo_notices":[],"_links":{"self":[{"href":"https:\/\/nugnes.com\/index.php?rest_route=\/wp\/v2\/posts\/826077","targetHints":{"allow":["GET"]}}],"collection":[{"href":"https:\/\/nugnes.com\/index.php?rest_route=\/wp\/v2\/posts"}],"about":[{"href":"https:\/\/nugnes.com\/index.php?rest_route=\/wp\/v2\/types\/post"}],"author":[{"embeddable":true,"href":"https:\/\/nugnes.com\/index.php?rest_route=\/wp\/v2\/users\/298"}],"replies":[{"embeddable":true,"href":"https:\/\/nugnes.com\/index.php?rest_route=%2Fwp%2Fv2%2Fcomments&post=826077"}],"version-history":[{"count":1,"href":"https:\/\/nugnes.com\/index.php?rest_route=\/wp\/v2\/posts\/826077\/revisions"}],"predecessor-version":[{"id":826079,"href":"https:\/\/nugnes.com\/index.php?rest_route=\/wp\/v2\/posts\/826077\/revisions\/826079"}],"wp:attachment":[{"href":"https:\/\/nugnes.com\/index.php?rest_route=%2Fwp%2Fv2%2Fmedia&parent=826077"}],"wp:term":[{"taxonomy":"category","embeddable":true,"href":"https:\/\/nugnes.com\/index.php?rest_route=%2Fwp%2Fv2%2Fcategories&post=826077"},{"taxonomy":"post_tag","embeddable":true,"href":"https:\/\/nugnes.com\/index.php?rest_route=%2Fwp%2Fv2%2Ftags&post=826077"}],"curies":[{"name":"wp","href":"https:\/\/api.w.org\/{rel}","templated":true}]}}