{"id":826088,"date":"2026-03-13T16:45:43","date_gmt":"2026-03-13T16:45:43","guid":{"rendered":"https:\/\/www.lettera43.it\/?p=1291197"},"modified":"2026-03-13T16:45:43","modified_gmt":"2026-03-13T16:45:43","slug":"perche-il-letargo-politico-di-salvini-finira-dopo-il-referendum","status":"publish","type":"post","link":"https:\/\/nugnes.com\/?p=826088","title":{"rendered":"Perch\u00e9 il letargo politico di Salvini finir\u00e0 dopo il referendum"},"content":{"rendered":"\n<p><strong>Matteo Salvini<\/strong> ha un tweet fissato sul suo account. \u00c8 del 7 marzo e serve a ricordare che il <strong>18 aprile a Milano<\/strong> in piazza Duomo ci sar\u00e0 il \u00abgrande evento dei @PatriotsEU\u00bb. \u00abPer difendere i valori dell\u2019Occidente, la nostra cultura, le nostre tradizioni, i nostri confini. SENZA PAURA. In Europa, padroni a casa nostra!\u00bb.&nbsp;<\/p>\n\n\n\n<blockquote class=\"twitter-tweet\"><p lang=\"it\" dir=\"ltr\">PADRONI A CASA NOSTRA!<br><br>Sabato 18 aprile alle 15, tutti in Piazza Duomo a Milano per il grande evento dei <a href=\"https:\/\/twitter.com\/PatriotsEU?ref_src=twsrc%5Etfw\">@PatriotsEU<\/a>, con i nostri alleati e tanti leader da tutta Europa.<br><br>Per difendere i valori dell\u2019Occidente, la nostra cultura, le nostre tradizioni, i nostri confini.<br><br>SENZA\u2026 <a href=\"https:\/\/t.co\/ORMD0Q50IJ\">pic.twitter.com\/ORMD0Q50IJ<\/a><\/p>&mdash; Matteo Salvini (@matteosalvinimi) <a href=\"https:\/\/twitter.com\/matteosalvinimi\/status\/2030210025772196284?ref_src=twsrc%5Etfw\">March 7, 2026<\/a><\/blockquote> <script async src=\"https:\/\/platform.twitter.com\/widgets.js\" charset=\"utf-8\"><\/script>\n\n\n\n<h2 class=\"wp-block-heading\">Le distrazioni social di Salvini: dal referendum all&#8217;Iran<\/h2>\n\n\n\n<p>Curiosamente, non \u00e8 un tweet sul <strong>referendum costituzionale<\/strong> del 22 e 23 marzo, anche se per il fine settimana sono annunciati 1.200 <strong>gazebo leghisti <\/strong>in tutta Italia per il S\u00ec. Curiosamente, non \u00e8 un tweet sull\u2019<strong>Iran<\/strong>. N\u00e9 per sostenere la popolazione iraniana n\u00e9 per dire che <strong>Donald Trump<\/strong>, stavolta, poteva risparmiarsela. Non un tweet sulle <strong>bollette<\/strong> o sulle <strong>accise<\/strong>, visto che ad aumentarle sul diesel \u00e8 stato il governo di cui il segretario della Lega \u00e8 vicepresidente del Consiglio nonch\u00e9 ministro dei Trasporti e delle Infrastrutture. Sar\u00e0 che in casi del genere dovrebbe ammettere che il presidente degli Stati Uniti non \u00e8 un sincero pacifista come la Lega pensa di essere quando c\u2019\u00e8 di mezzo la madre Russia, che certe felpe e certi cappellini sono da riporre accuratamente nell\u2019armadio. Sar\u00e0 che la <strong>Difesa<\/strong> e gli <strong>Esteri<\/strong> sono problemi di <strong>Fratelli d\u2019Italia<\/strong> e <strong>Forza Italia<\/strong>, e la Lega pu\u00f2 continuare a occuparsi di far arrivare i <strong>treni in ritardo<\/strong>.<\/p>\n\n\n<figure class=\"wp-block-image size-full\"><a href=\"https:\/\/www.lettera43.it\/galleria\/1291197\/1291214\"><img data-has-syndication-rights=\"1\" data-portal-copyright=\"Lettera43\" data-licensor-name=\"Lettera43\" decoding=\"async\" width=\"1200\" height=\"799\" src=\"https:\/\/www.lettera43.it\/wp-content\/uploads\/2026\/03\/Perche-il-letargo-politico-di-Salvini-finira-dopo-il-referendum-fff.jpg\" alt=\"Perch\u00e9 il letargo politico di Salvini finir\u00e0 dopo il referendum\" class=\"wp-image-1291214 lazyload\" title=\"Perch\u00e9 il letargo politico di Salvini finir\u00e0 dopo il referendum\" data-src=\"https:\/\/www.lettera43.it\/wp-content\/uploads\/2026\/03\/Perche-il-letargo-politico-di-Salvini-finira-dopo-il-referendum-fff.jpg\" loading=\"lazy\" data-has-syndication-rights=\"1\" data-licensor-name=\"Lettera43\" srcset=\"https:\/\/www.lettera43.it\/wp-content\/uploads\/2026\/03\/Perche-il-letargo-politico-di-Salvini-finira-dopo-il-referendum-fff.jpg 1200w, https:\/\/www.lettera43.it\/wp-content\/uploads\/2026\/03\/Perche-il-letargo-politico-di-Salvini-finira-dopo-il-referendum-fff-800x533.jpg 800w, https:\/\/www.lettera43.it\/wp-content\/uploads\/2026\/03\/Perche-il-letargo-politico-di-Salvini-finira-dopo-il-referendum-fff-390x260.jpg 390w\" sizes=\"auto, (max-width: 1200px) 100vw, 1200px\" \/><\/a><figcaption class=\"wp-element-caption\">Matteo Salvini (Imagoeconomica).<\/figcaption><\/figure>\n\n\n<h2 class=\"wp-block-heading\">Per il S\u00ec quasi esclusivamente dichiarazioni di rimbalzo<\/h2>\n\n\n\n<p>Salvini si \u00e8 <a href=\"https:\/\/www.lettera43.it\/salvini-referendum-giustizia-giorgetti-bollette-lega-guerra-iran-manifestazione-patrioti\/\"  rel=\"noreferrer noopener\">politicamente volatilizzato in queste settimane<\/a>, proprio lui che \u00e8 cos\u00ec abile nell\u2019occupare il centro della scena con i social. Quando vuole, come sappiamo, Salvini pu\u00f2 diventare assai pressante. Come quando era ministro dell\u2019Interno e c\u2019era un\u2019emergenza migranti al giorno su tutti i telegiornali. Ora invece le <strong>dichiarazioni sono di rimbalzo<\/strong>, di risposta a cose dette da altri, sono quasi garbate. Quasi. L\u2019<em>Ansa<\/em> riporta una dichiarazione di gioved\u00ec a <em>Dritto e rovescio<\/em>: \u00abCi sono procuratori capo che dicono&nbsp;che per il S\u00ec voteranno i mafiosi. Io dico sciacquatevi la bocca.&nbsp;Migliaia di italiani ogni giorno si confrontano con la <a href=\"https:\/\/www.lettera43.it\/giustizia-tutto-quello-nordio-governo-non-hanno-fatto-oltre-tre-anni\/\"  rel=\"noreferrer noopener\">lentezza della giustizia<\/a>, votare S\u00ec significa togliere le incrostazioni delle correnti e della&nbsp;politica dai tribunali\u00bb. Altro lancio, 2 marzo: \u00abAvrei piacere che i sostenitori del No &#8211; che vedo molto nervosi, molto arroganti, molto violenti &#8211;&nbsp; parlassero del merito delle cose\u00bb. Altro lancio, 28 febbraio, video collegamento alla direzione regionale della Lega Puglia: \u00e8 \u00abfondamentale\u00bb l\u2019appuntamento con il referendum del 22 e 23 marzo, da \u00abvincere con il S\u00ec, perch\u00e9 anche i giudici, come tutti gli altri lavoratori, se sbagliano devono&nbsp;essere sanzionati. Perch\u00e9 se metti in galera la persona&nbsp; sbagliata, e anche in Puglia \u00e8 successo a tante famiglie normali, non puoi rimanere impunito o essere promosso\u00bb. <\/p>\n\n\n<figure class=\"wp-block-image size-full\"><a href=\"https:\/\/www.lettera43.it\/galleria\/1291197\/1291211\"><img data-has-syndication-rights=\"1\" data-portal-copyright=\"Lettera43\" data-licensor-name=\"Lettera43\" decoding=\"async\" width=\"1200\" height=\"801\" src=\"https:\/\/www.lettera43.it\/wp-content\/uploads\/2026\/03\/Perche-il-letargo-politico-di-Salvini-finira-dopo-il-referendum-2.jpg\" alt=\"Perch\u00e9 il letargo politico di Salvini finir\u00e0 dopo il referendum\" class=\"wp-image-1291211 lazyload\" title=\"Perch\u00e9 il letargo politico di Salvini finir\u00e0 dopo il referendum\" data-src=\"https:\/\/www.lettera43.it\/wp-content\/uploads\/2026\/03\/Perche-il-letargo-politico-di-Salvini-finira-dopo-il-referendum-2.jpg\" loading=\"lazy\" data-has-syndication-rights=\"1\" data-licensor-name=\"Lettera43\" srcset=\"https:\/\/www.lettera43.it\/wp-content\/uploads\/2026\/03\/Perche-il-letargo-politico-di-Salvini-finira-dopo-il-referendum-2.jpg 1200w, https:\/\/www.lettera43.it\/wp-content\/uploads\/2026\/03\/Perche-il-letargo-politico-di-Salvini-finira-dopo-il-referendum-2-800x534.jpg 800w, https:\/\/www.lettera43.it\/wp-content\/uploads\/2026\/03\/Perche-il-letargo-politico-di-Salvini-finira-dopo-il-referendum-2-390x260.jpg 390w\" sizes=\"auto, (max-width: 1200px) 100vw, 1200px\" \/><\/a><figcaption class=\"wp-element-caption\">Matteo Salvini a un gazebo per il S\u00ec con Silvia Sardone e Samuele Piscina (Imagoeconomica).\n<\/figcaption><\/figure>\n\n\n<h2 class=\"wp-block-heading\">Il vecchio Capitano torner\u00e0, ma solo dopo il 23 marzo<\/h2>\n\n\n\n<p>E vabb\u00e8, Salvini, tutto qua? C\u2019\u00e8 <strong>Meloni<\/strong> che duella con i giudici, tu pensi alla <strong>famiglia nel bosco<\/strong>. Non che Meloni non ci pensi, beninteso, ma quantomeno sembra avere una curiosit\u00e0 variegata; <a href=\"https:\/\/www.lettera43.it\/sal-da-vinci-meloni-referendum-giustizia-si-per-sempre-si\/\"  rel=\"noreferrer noopener\">un giorno si occupa di <strong>Sal Da Vinci<\/strong><\/a>, un altro giorno di <a href=\"https:\/\/www.lettera43.it\/crosetto-dubai-versioni-incontro-ministro-difesa-aise-mantovano-servizi-fanara-ambasciatore\/\"  rel=\"noreferrer noopener\"><strong>Crosetto<\/strong> in vacanza a Dubai.<\/a> La Lega stessa, a dire il vero, \u00e8 fuori dal dibattito pubblico dopo averlo occupato per settimane con la fiammata di <strong>Roberto Vannacci, <\/strong>sovranista identitario col botto eletto all\u2019Europarlamento con i voti leghisti e poi passato al bosco con libro e moschetto, insieme a un paio di pasdaran o gi\u00f9 di l\u00ec, per dichiarare fallita l\u2019Europa, fallita la destra troppo moscia (lui \u00e8 per il <strong>celodurismo par\u00e0<\/strong>) e fallita la sua esperienza nel partito di Salvini. <strong>Luca Zaia <\/strong>e soci non lo rimpiangono, ma pure loro sanno che i <strong>problemi della Lega<\/strong> non finiscono con l\u2019addio di Vannacci. Ma forse persino tutto questo dire, non dire, di Salvini, descrive l\u2019<strong>attesa della liberazione<\/strong>; dopo il referendum, la Lega potr\u00e0 tornare a essere s\u00e9 stessa, soprattutto il leader leghista avr\u00e0 <strong>meno condizionamenti politici<\/strong>, quantomeno nessuno gli potr\u00e0 pi\u00f9 dire di darsi una regolata per non far perdere il referendum al fronte del S\u00ec. Il vecchio Salvini torner\u00e0, insomma, ma solo dopo il 23 marzo, quando si potr\u00e0 ricominciare a chiedere il posto di <strong>Matteo Piantedosi<\/strong>.&nbsp;<\/p>\n\n\n<figure class=\"wp-block-image size-full\"><a href=\"https:\/\/www.lettera43.it\/galleria\/1291197\/1291210\"><img data-has-syndication-rights=\"1\" data-portal-copyright=\"Lettera43\" data-licensor-name=\"Lettera43\" decoding=\"async\" width=\"1200\" height=\"799\" src=\"https:\/\/www.lettera43.it\/wp-content\/uploads\/2026\/03\/Perche-il-letargo-politico-di-Salvini-finira-dopo-il-referendum.jpg\" alt=\"Perch\u00e9 il letargo politico di Salvini finir\u00e0 dopo il referendum\" class=\"wp-image-1291210 lazyload\" title=\"Perch\u00e9 il letargo politico di Salvini finir\u00e0 dopo il referendum\" data-src=\"https:\/\/www.lettera43.it\/wp-content\/uploads\/2026\/03\/Perche-il-letargo-politico-di-Salvini-finira-dopo-il-referendum.jpg\" loading=\"lazy\" data-has-syndication-rights=\"1\" data-licensor-name=\"Lettera43\" srcset=\"https:\/\/www.lettera43.it\/wp-content\/uploads\/2026\/03\/Perche-il-letargo-politico-di-Salvini-finira-dopo-il-referendum.jpg 1200w, https:\/\/www.lettera43.it\/wp-content\/uploads\/2026\/03\/Perche-il-letargo-politico-di-Salvini-finira-dopo-il-referendum-800x533.jpg 800w, https:\/\/www.lettera43.it\/wp-content\/uploads\/2026\/03\/Perche-il-letargo-politico-di-Salvini-finira-dopo-il-referendum-390x260.jpg 390w\" sizes=\"auto, (max-width: 1200px) 100vw, 1200px\" \/><\/a><figcaption class=\"wp-element-caption\">Matteo Salvini e Matteo Piantedosi (Imagoeconomica).<\/figcaption><\/figure>","protected":false},"excerpt":{"rendered":"<p>In queste settimane il segretario leghista si \u00e8 curiosamente eclissato. Sia sul voto sia sulla guerra in Iran. Forse \u00e8 in attesa della liberazione. Il 23 marzo potr\u00e0 a tornare a essere se stesso. E ricominciare ad ambire al posto dell&#8217;altro Matteo: Piantedosi.<\/p>\n","protected":false},"author":746,"featured_media":0,"comment_status":"closed","ping_status":"closed","sticky":false,"template":"","format":"standard","meta":{"om_disable_all_campaigns":false,"_monsterinsights_skip_tracking":false,"_monsterinsights_sitenote_active":false,"_monsterinsights_sitenote_note":"","_monsterinsights_sitenote_category":0,"footnotes":""},"categories":[1617,15],"tags":[],"class_list":["post-826088","post","type-post","status-publish","format-standard","hentry","category-pigiama-palazzi","category-politica"],"aioseo_notices":[],"_links":{"self":[{"href":"https:\/\/nugnes.com\/index.php?rest_route=\/wp\/v2\/posts\/826088","targetHints":{"allow":["GET"]}}],"collection":[{"href":"https:\/\/nugnes.com\/index.php?rest_route=\/wp\/v2\/posts"}],"about":[{"href":"https:\/\/nugnes.com\/index.php?rest_route=\/wp\/v2\/types\/post"}],"author":[{"embeddable":true,"href":"https:\/\/nugnes.com\/index.php?rest_route=\/wp\/v2\/users\/746"}],"replies":[{"embeddable":true,"href":"https:\/\/nugnes.com\/index.php?rest_route=%2Fwp%2Fv2%2Fcomments&post=826088"}],"version-history":[{"count":1,"href":"https:\/\/nugnes.com\/index.php?rest_route=\/wp\/v2\/posts\/826088\/revisions"}],"predecessor-version":[{"id":826089,"href":"https:\/\/nugnes.com\/index.php?rest_route=\/wp\/v2\/posts\/826088\/revisions\/826089"}],"wp:attachment":[{"href":"https:\/\/nugnes.com\/index.php?rest_route=%2Fwp%2Fv2%2Fmedia&parent=826088"}],"wp:term":[{"taxonomy":"category","embeddable":true,"href":"https:\/\/nugnes.com\/index.php?rest_route=%2Fwp%2Fv2%2Fcategories&post=826088"},{"taxonomy":"post_tag","embeddable":true,"href":"https:\/\/nugnes.com\/index.php?rest_route=%2Fwp%2Fv2%2Ftags&post=826088"}],"curies":[{"name":"wp","href":"https:\/\/api.w.org\/{rel}","templated":true}]}}