{"id":826094,"date":"2026-03-13T15:19:47","date_gmt":"2026-03-13T15:19:47","guid":{"rendered":"https:\/\/www.lettera43.it\/?p=1291390"},"modified":"2026-03-13T15:19:47","modified_gmt":"2026-03-13T15:19:47","slug":"neonati-sepolti-la-procura-ha-chiesto-26-anni-per-chiara-petrolini","status":"publish","type":"post","link":"https:\/\/nugnes.com\/?p=826094","title":{"rendered":"Neonati sepolti, la procura ha chiesto 26 anni per Chiara Petrolini"},"content":{"rendered":"\n<p>La<strong> procura di Parma<\/strong> ha chiesto una <strong>condanna a 26 anni di carcere<\/strong> per <strong>Chiara Petrolini<\/strong>, la 22enne che ha<strong> ucciso e seppellito due neonati <\/strong>nel giardino di casa a Traversetolo a maggio 2023 e agosto 2024. L&#8217;accusa la ritiene responsabile di tutti i reati contestati, ovvero due <strong>omicidi premeditat<\/strong>i e altrettante <strong>soppressioni di cadavere<\/strong>, e la ritiene altres\u00ec meritevole delle <strong>attenuanti generiche<\/strong> per la giovane et\u00e0 e l&#8217;immaturit\u00e0 descritta nella perizia psichiatrica, ma equivalenti alle <strong>aggravanti<\/strong>. Il procuratore ha sottolineato \u00abla <strong>gravit\u00e0<\/strong> intrinseca del fatto, l&#8217;assoluta <strong>mancanza di difesa<\/strong> dei bambini uccisi, l&#8217;aver maturato una decisione e averla portata a compimento nell&#8217;arco di svariati mesi e la consapevolezza di come sarebbe andata a finire nel secondo episodio, copia conforme del primo\u00bb. E ancora, \u00abl&#8217;aver avuto la forza di <strong>nascondere la gravidanza a tutti<\/strong>, a partire dai genitori e il fidanzato, l&#8217;aver avuto la forza di andare in giardino a seppellire i figli, la <strong>spregiudicatezza<\/strong> dimostrata nell&#8217;interfacciarsi con l&#8217;autorit\u00e0 giudiziaria e con gli amici\u00bb e \u00abla condotta dopo il delitto\u00bb, quando Chiara and\u00f2 in giro per bar e pizzerie e dall&#8217;estetista. <\/p>\n\n\n\n<h2 class=\"wp-block-heading\">Il racconto di Chiara: \u00abNon pensavo di essere incinta, non sono un&#8217;assassina\u00bb<\/h2>\n\n\n\n<p>\u00abSono stata anche descritta come un&#8217;<strong>assassina<\/strong>, come una madre che uccide i suoi figli, ma non sono questo. Io <strong>non ho mai voluto fare del male<\/strong> ai miei bambini\u00bb, ha detto Chiara nelle dichiarazioni spontanee davanti alla Corte di assise di Parma. L&#8217;imputata ha parlato per circa sette minuti, leggendo un foglio: \u00abQuei bambini erano parte di me, non gli avrei mai fatto del male, \u00e8 una <strong>sofferenza che distrugge dentro<\/strong>. Molti qui fuori mi hanno descritto come una brava ragazza, con famiglia, amici, un ragazzo, che lavorava e studiava, ma questa era solo apparenza. Dentro <strong>mi sentivo sola <\/strong>anche quando non lo ero davvero. Era uno <strong>spazio vuoto <\/strong>che nessuno riusciva a riempire. Un <strong>malessere<\/strong> che mi accompagnava in tutte le mie giornate, mi sentivo sbagliata e giudicata\u00bb. E ancora, sulla gravidanza: \u00abHo sempre dichiarato che sapevo di essere incinta, ma perch\u00e9 mi sembrava l&#8217;unica spiegazione possibile. Non ho mai fatto un test, <strong>non sono mai stata sicura di esserlo<\/strong>. C&#8217;erano momenti in cui ci pensavo di pi\u00f9, come quando facevo la doccia e vedevo questa pancia di cui nessuno si accorgeva. Allora facevo le ricerche, ma non ho mai messo in atto niente, non so perch\u00e9 lo facevo, ero <strong>stanca e confusa<\/strong>. Non pensavo di essere incinta, <strong>nella mia testa dicevo che era impossibile<\/strong>, altrimenti gli altri se ne sarebbero accorti. Per quello mettevo in atto comportamenti come fumare o bere. Non ho mai avuto una nausea, mai presi farmaci per anticipare il parto, mai sono stata preoccupata di partorire in aereo\u00bb. Dopo il secondo parto, ad agosto 2024, la ragazza era partita per una vacanza negli Stati Uniti con la famiglia. <\/p>\n\n\n<figure class=\"wp-block-image size-full\"><a href=\"https:\/\/www.lettera43.it\/galleria\/1291390\/1291393\"><img data-has-syndication-rights=\"1\" data-portal-copyright=\"Lettera43\" data-licensor-name=\"Lettera43\" decoding=\"async\" width=\"1200\" height=\"800\" src=\"https:\/\/www.lettera43.it\/wp-content\/uploads\/2026\/03\/Neonati-sepolti-la-procura-ha-chiesto-26-anni-per-Chiara-Petrolini-2.jpg\" alt=\"Neonati sepolti, la procura ha chiesto 26 anni per Chiara Petrolini\" class=\"wp-image-1291393 lazyload\" title=\"Neonati sepolti, la procura ha chiesto 26 anni per Chiara Petrolini\" data-src=\"https:\/\/www.lettera43.it\/wp-content\/uploads\/2026\/03\/Neonati-sepolti-la-procura-ha-chiesto-26-anni-per-Chiara-Petrolini-2.jpg\" loading=\"lazy\" data-has-syndication-rights=\"1\" data-licensor-name=\"Lettera43\" srcset=\"https:\/\/www.lettera43.it\/wp-content\/uploads\/2026\/03\/Neonati-sepolti-la-procura-ha-chiesto-26-anni-per-Chiara-Petrolini-2.jpg 1200w, https:\/\/www.lettera43.it\/wp-content\/uploads\/2026\/03\/Neonati-sepolti-la-procura-ha-chiesto-26-anni-per-Chiara-Petrolini-2-800x533.jpg 800w, https:\/\/www.lettera43.it\/wp-content\/uploads\/2026\/03\/Neonati-sepolti-la-procura-ha-chiesto-26-anni-per-Chiara-Petrolini-2-390x260.jpg 390w\" sizes=\"auto, (max-width: 1200px) 100vw, 1200px\" \/><\/a><figcaption class=\"wp-element-caption\">Chiara Petrolini (Ansa).<\/figcaption><\/figure>\n\n\n<h2 class=\"wp-block-heading\">\u00abMi sono trovata i bambini tra le mani, non credevo di star partorendo\u00bb<\/h2>\n\n\n\n<p>\u00abAnche se non mi aspettavo queste due gravidanze, io sapevo che avrei tenuto i bambini e li avrei voluti crescere.\u2029Quello che ho fatto dopo \u00e8 stata una <strong>scelta sicuramente sbagliata<\/strong>, presa senza ragionare, che oggi sto iniziando a riconoscere, ma in quel momento per me \u00e8 stata la scelta pi\u00f9 giusta da fare. Tenerli vicino a me, per non allontanarmi pi\u00f9 da loro\u00bb. Ha quindi raccontato come ha vissuto i due parti: \u00abDel primo non ricordo quasi niente, in quel periodo il mio problema principale era la nonna che non stava bene. Ho sentito mal di schiena e mal di pancia, mi sono alzata dal letto, mi \u00e8 venuto da spingere, <strong>ho trovato questo bimbo tra le mani<\/strong>. Mi sono accorta che <strong>non respirava<\/strong> e ho fatto quel che sentivo di dovere fare, seppellirlo. Penso di non aver capito cosa \u00e8 successo, di iniziare a comprenderlo solo ora. La seconda volta non pensavo di stare partorendo, per quello sono uscita, se avessi programmato tutto sarei stata a casa. Quando sono tornata a casa sono andata a letto e avevo mal di pancia, <strong>pensavo di aver il ciclo<\/strong>. Mi sono alzata, ho sentito di dover spingere, mi sono trovata tra le mani questa creatura, la prima cosa che ho pensato \u00e8 di tagliare il cordone. Poi non ricordo cosa \u00e8 successo, mi sono appoggiata al letto, sono svenuta. Quando mi sono svegliata ho visto che il bambino <strong>non respirava pi\u00f9 <\/strong>e ho fatto la prima cosa che ho pensato, seppellirlo. Non ho pensato che l\u00ec c&#8217;era anche l&#8217;altro bambino, in quel momento non mi \u00e8 venuto in mente\u00bb.<\/p>\n\n\n\n<h2 class=\"wp-block-heading\">\u00abNessuno pu\u00f2 sapere il vuoto che provo, ferita che continua a sanguinare\u00bb<\/h2>\n\n\n\n<p>Dopo il parto, ha continuato, \u00abfisicamente stavo bene, ma <strong>dentro ero distrutta<\/strong>\u00bb. \u00abNessuno pu\u00f2 capire il dolore di perdere un figlio se non gli \u00e8 mai successo e non vuol dire niente se il giorno dopo sono uscita, sono andata dall&#8217;estetista e ho visto i miei amici. Non vuol dire che io non sia stata male, che non ci <strong>sto male<\/strong> per aver perso i miei due bambini. Non importa se il bambino era appena nato, se era una cosa inaspettata, quel bambino era parte di me. E io non gli avrei mai fatto del male\u00bb. Il dolore che si prova, ha concluso, \u00ab\u00e8 una <strong>sofferenza<\/strong> che \u00e8 difficile da far capire. In molti hanno parlato di me e della mia situazione, ma nessuno ha mai pensato a quello che si prova quando perdi un bambino. Ogni giorno mi alzo con un <strong>vuoto che faccio fatica a colmare<\/strong>, mi immagino se fossi qui, oggi come sarebbe, che mamma sarei, mille domande a cui non potr\u00f2 mai dare una risposta. Col tempo per\u00f2 si prova ad andare avanti con una <strong>ferita<\/strong> che per\u00f2 non si \u00e8 ancora rimarginata, ma che continua a sanguinare ogni giorno\u00bb. <\/p>\n","protected":false},"excerpt":{"rendered":"<p>L&#8217;accusa la ritiene responsabile di tutti i reati contestati, ovvero due omicidi premeditati e altrettante soppressioni di cadavere. Le dichiarazioni spontanee della giovane: \u00abNon sono un&#8217;assassina, non pensavo di essere incinta. Nessuno pu\u00f2 sapere il vuoto che provo\u00bb.<\/p>\n","protected":false},"author":4,"featured_media":0,"comment_status":"closed","ping_status":"closed","sticky":false,"template":"","format":"standard","meta":{"om_disable_all_campaigns":false,"_monsterinsights_skip_tracking":false,"_monsterinsights_sitenote_active":false,"_monsterinsights_sitenote_note":"","_monsterinsights_sitenote_category":0,"footnotes":""},"categories":[10,1612],"tags":[],"class_list":["post-826094","post","type-post","status-publish","format-standard","hentry","category-cronaca","category-ultima-ora"],"aioseo_notices":[],"_links":{"self":[{"href":"https:\/\/nugnes.com\/index.php?rest_route=\/wp\/v2\/posts\/826094","targetHints":{"allow":["GET"]}}],"collection":[{"href":"https:\/\/nugnes.com\/index.php?rest_route=\/wp\/v2\/posts"}],"about":[{"href":"https:\/\/nugnes.com\/index.php?rest_route=\/wp\/v2\/types\/post"}],"author":[{"embeddable":true,"href":"https:\/\/nugnes.com\/index.php?rest_route=\/wp\/v2\/users\/4"}],"replies":[{"embeddable":true,"href":"https:\/\/nugnes.com\/index.php?rest_route=%2Fwp%2Fv2%2Fcomments&post=826094"}],"version-history":[{"count":1,"href":"https:\/\/nugnes.com\/index.php?rest_route=\/wp\/v2\/posts\/826094\/revisions"}],"predecessor-version":[{"id":826095,"href":"https:\/\/nugnes.com\/index.php?rest_route=\/wp\/v2\/posts\/826094\/revisions\/826095"}],"wp:attachment":[{"href":"https:\/\/nugnes.com\/index.php?rest_route=%2Fwp%2Fv2%2Fmedia&parent=826094"}],"wp:term":[{"taxonomy":"category","embeddable":true,"href":"https:\/\/nugnes.com\/index.php?rest_route=%2Fwp%2Fv2%2Fcategories&post=826094"},{"taxonomy":"post_tag","embeddable":true,"href":"https:\/\/nugnes.com\/index.php?rest_route=%2Fwp%2Fv2%2Ftags&post=826094"}],"curies":[{"name":"wp","href":"https:\/\/api.w.org\/{rel}","templated":true}]}}