{"id":826096,"date":"2026-03-13T14:32:12","date_gmt":"2026-03-13T14:32:12","guid":{"rendered":"https:\/\/www.lettera43.it\/?p=1291376"},"modified":"2026-03-13T14:32:12","modified_gmt":"2026-03-13T14:32:12","slug":"attentato-alla-sinagoga-in-michigan-i-fratelli-dellassalitore-erano-membri-di-hezbollah-uccisi-dallidf","status":"publish","type":"post","link":"https:\/\/nugnes.com\/?p=826096","title":{"rendered":"Attentato alla sinagoga in Michigan: i fratelli dell\u2019assalitore erano membri di Hezbollah uccisi dall\u2019IDF"},"content":{"rendered":"\n<p>L\u2019uomo che il 12 marzo ha attaccato un complesso ebraico a West Bloomfield Township, nel <strong>Michigan<\/strong>, scontrandosi con la sua auto contro l&#8217;edificio del Temple Israel, <strong>sinagoga <\/strong>che ospita una scuola ebraica con asilo nido, materna e un centro diurno, per poi aprire il fuoco contro il personale di sicurezza prima di essere ucciso dalla polizia, era <strong>fratello <\/strong>di <strong>due membri di Hezbollah<\/strong> uccisi in un recente raid israeliano in Libano. Lo ha riferito a<em> Nbc News <\/em>un funzionario libanese.<\/p>\n\n\n<figure class=\"wp-block-image size-full\"><a href=\"https:\/\/www.lettera43.it\/galleria\/1291376\/1291382\"><img data-has-syndication-rights=\"1\" data-portal-copyright=\"Lettera43\" data-licensor-name=\"Lettera43\" decoding=\"async\" width=\"1200\" height=\"701\" src=\"https:\/\/www.lettera43.it\/wp-content\/uploads\/2026\/03\/tagfin_20260313151407398_b4c6ee99ecaa4291772d4e6947007b8e.jpg\" alt=\"Attentato alla sinagoga in Michigan: i fratelli dell\u2019assalitore erano membri di Hezbollah uccisi dall\u2019IDF\" class=\"wp-image-1291382 lazyload\" title=\"Attentato alla sinagoga in Michigan: i fratelli dell\u2019assalitore erano membri di Hezbollah uccisi dall\u2019IDF\" data-src=\"https:\/\/www.lettera43.it\/wp-content\/uploads\/2026\/03\/tagfin_20260313151407398_b4c6ee99ecaa4291772d4e6947007b8e.jpg\" loading=\"lazy\" data-has-syndication-rights=\"1\" data-licensor-name=\"Lettera43\" srcset=\"https:\/\/www.lettera43.it\/wp-content\/uploads\/2026\/03\/tagfin_20260313151407398_b4c6ee99ecaa4291772d4e6947007b8e.jpg 1200w, https:\/\/www.lettera43.it\/wp-content\/uploads\/2026\/03\/tagfin_20260313151407398_b4c6ee99ecaa4291772d4e6947007b8e-800x467.jpg 800w, https:\/\/www.lettera43.it\/wp-content\/uploads\/2026\/03\/tagfin_20260313151407398_b4c6ee99ecaa4291772d4e6947007b8e-390x228.jpg 390w\" sizes=\"auto, (max-width: 1200px) 100vw, 1200px\" \/><\/a><figcaption class=\"wp-element-caption\">Colonna di fumo dal complesso Temple Israel (X).<\/figcaption><\/figure>\n\n\n<h2 class=\"wp-block-heading\">Chi era l&#8217;attentatore ucciso dalla polizia<\/h2>\n\n\n\n<p><strong>Ayman Mohamad Ghazali<\/strong>, questo il nome dell\u2019attentatore, aveva 41 anni ed era arrivato negli Stati Uniti nel 2011 con un visto di immigrazione IR1, perch\u00e9 coniuge di una cittadina statunitense. A sua volta aveva ottenuto la <strong>cittadinanza americana <\/strong>nel 2016. Come ha spiegato la fonte di <em>Nbc News<\/em>, Ghazali era originario di <strong>Mashghara<\/strong>, nella Valle della Beqa: nei recenti <strong>bombardamenti dell&#8217;IDF <\/strong>sulla zona sono morti due suoi fratelli maggiori (e altrettanti nipoti), che erano membri di <strong>Hezbollah<\/strong>, anche se non \u00e8 chiaro quale ruolo ricoprissero all\u2019interno dell\u2019organizzazione sciita.<\/p>\n\n\n\n<blockquote class=\"twitter-tweet\"><p lang=\"en\" dir=\"ltr\">Prime Minister Benjamin Netanyahu:<br><br>Antisemitism knows no limits or boundaries.<br><br>Israel is attacked because it is the Jewish state. Temple Israel in Detroit was attacked today because it is a Jewish house of worship.<\/p>&mdash; Prime Minister of Israel (@IsraeliPM) <a href=\"https:\/\/twitter.com\/IsraeliPM\/status\/2032231838316413194?ref_src=twsrc%5Etfw\">March 12, 2026<\/a><\/blockquote> <script async src=\"https:\/\/platform.twitter.com\/widgets.js\" charset=\"utf-8\"><\/script>\n\n\n\n<p>\u00abL&#8217;<strong>antisemitismo<\/strong> non conosce limiti n\u00e9 confini. Israele viene attaccato perch\u00e9 \u00e8 lo Stato ebraico\u00bb, ha dichiarato <strong>Benjamin Netanyahu<\/strong>: \u00abIl Temple of Israel a Detroit \u00e8 stato attaccato perch\u00e9 \u00e8 un luogo di culto ebraico\u00bb.<\/p>\n","protected":false},"excerpt":{"rendered":"<p>Ayman Mohamad Ghazali, nato in Libano e diventato cittadino statunitense, nei recenti attacchi di Israele nel sud del Paese aveva perso anche due nipoti.<\/p>\n","protected":false},"author":4,"featured_media":0,"comment_status":"closed","ping_status":"closed","sticky":false,"template":"","format":"standard","meta":{"om_disable_all_campaigns":false,"_monsterinsights_skip_tracking":false,"_monsterinsights_sitenote_active":false,"_monsterinsights_sitenote_note":"","_monsterinsights_sitenote_category":0,"footnotes":""},"categories":[20,1612],"tags":[],"class_list":["post-826096","post","type-post","status-publish","format-standard","hentry","category-esteri","category-ultima-ora"],"aioseo_notices":[],"_links":{"self":[{"href":"https:\/\/nugnes.com\/index.php?rest_route=\/wp\/v2\/posts\/826096","targetHints":{"allow":["GET"]}}],"collection":[{"href":"https:\/\/nugnes.com\/index.php?rest_route=\/wp\/v2\/posts"}],"about":[{"href":"https:\/\/nugnes.com\/index.php?rest_route=\/wp\/v2\/types\/post"}],"author":[{"embeddable":true,"href":"https:\/\/nugnes.com\/index.php?rest_route=\/wp\/v2\/users\/4"}],"replies":[{"embeddable":true,"href":"https:\/\/nugnes.com\/index.php?rest_route=%2Fwp%2Fv2%2Fcomments&post=826096"}],"version-history":[{"count":1,"href":"https:\/\/nugnes.com\/index.php?rest_route=\/wp\/v2\/posts\/826096\/revisions"}],"predecessor-version":[{"id":826097,"href":"https:\/\/nugnes.com\/index.php?rest_route=\/wp\/v2\/posts\/826096\/revisions\/826097"}],"wp:attachment":[{"href":"https:\/\/nugnes.com\/index.php?rest_route=%2Fwp%2Fv2%2Fmedia&parent=826096"}],"wp:term":[{"taxonomy":"category","embeddable":true,"href":"https:\/\/nugnes.com\/index.php?rest_route=%2Fwp%2Fv2%2Fcategories&post=826096"},{"taxonomy":"post_tag","embeddable":true,"href":"https:\/\/nugnes.com\/index.php?rest_route=%2Fwp%2Fv2%2Ftags&post=826096"}],"curies":[{"name":"wp","href":"https:\/\/api.w.org\/{rel}","templated":true}]}}