{"id":826174,"date":"2026-03-16T15:52:11","date_gmt":"2026-03-16T15:52:11","guid":{"rendered":"https:\/\/www.lettera43.it\/?p=1291568"},"modified":"2026-03-16T15:52:11","modified_gmt":"2026-03-16T15:52:11","slug":"liti-personalismi-poltrone-perche-la-cultura-tormenta-la-destra","status":"publish","type":"post","link":"https:\/\/nugnes.com\/?p=826174","title":{"rendered":"Liti, personalismi, poltrone: perch\u00e9 la Cultura tormenta la destra"},"content":{"rendered":"\n<p>In politica, si sa, tradizionalmente \u00e8 il centrosinistra a dividersi. Dal Pd al M5s, da Iv a Avs ormai si discute su ogni tema o quasi, per non parlare del fiorire di correnti e correntine interne ai partiti. Al contrario, il centrodestra, nonostante le frizioni e le antipatie, riesce a mostrarsi monolitico, riuscendo nella maggior parte dei casi a ricucire in casa. Nel <strong>mondo culturale<\/strong>, invece, avviene l\u2019<strong>esatto contrario<\/strong>. Diciamo che se fossimo in <em>Stranger Things<\/em>, la Cultura rappresenterebbe il Sottosopra della destra. La maggioranza infatti in questa bulimia di poltrone (e nella foga di arricchire il proprio Pantheon <a href=\"https:\/\/www.lettera43.it\/pasolini-conservatore-convegno-destra-alleanza-nazionale-giuli-omosessualita\/\"  rel=\"noreferrer noopener\">scippando numi di sinistra, da Gramsci a Pasolini<\/a>) non trova pace, mentre la<em> gauche <\/em>nella difesa della propria egemonia \u00e8 unita e compatta. <\/p>\n\n\n<figure class=\"wp-block-image size-full\"><a href=\"https:\/\/www.lettera43.it\/galleria\/1291568\/1291638\"><img data-has-syndication-rights=\"1\" data-portal-copyright=\"Lettera43\" data-licensor-name=\"Lettera43\" decoding=\"async\" width=\"1200\" height=\"802\" src=\"https:\/\/www.lettera43.it\/wp-content\/uploads\/2026\/03\/GIULI-1.jpg\" alt=\"Liti, personalismi, poltrone: perch\u00e9 la Cultura tormenta la destra\" class=\"wp-image-1291638 lazyload\" title=\"Liti, personalismi, poltrone: perch\u00e9 la Cultura tormenta la destra\" data-src=\"https:\/\/www.lettera43.it\/wp-content\/uploads\/2026\/03\/GIULI-1.jpg\" loading=\"lazy\" data-has-syndication-rights=\"1\" data-licensor-name=\"Lettera43\" srcset=\"https:\/\/www.lettera43.it\/wp-content\/uploads\/2026\/03\/GIULI-1.jpg 1200w, https:\/\/www.lettera43.it\/wp-content\/uploads\/2026\/03\/GIULI-1-800x535.jpg 800w, https:\/\/www.lettera43.it\/wp-content\/uploads\/2026\/03\/GIULI-1-390x261.jpg 390w\" sizes=\"auto, (max-width: 1200px) 100vw, 1200px\" \/><\/a><figcaption class=\"wp-element-caption\">Alessandro Giuli (Imagoeconomica).<\/figcaption><\/figure>\n\n\n<h2 class=\"wp-block-heading\">Il duello Giuli-Buttafuoco<\/h2>\n\n\n\n<p>La cronaca degli ultimi giorni lo conferma. Iniziamo con lo scontro tra il ministro della Cultura, <strong>Alessandro Giuli,<\/strong> e il presidente della Biennale di Venezia, <strong>Pietrangelo Buttafuoco<\/strong>, reo di aver aperto le porte della prossima Biennale d&#8217;Arte alla <strong>Russia<\/strong>. \u00abButtafuoco non ci ha detto nulla quando invece lui gi\u00e0 sapeva del ritorno della Russia, ha messo in difficolt\u00e0 il governo e isolato la Biennale agli occhi del mondo\u00bb, ha sbottato Giuli arrivando a chiedere le dimissioni di <strong>Tamara Gregoretti<\/strong>, rappresentante del suo stesso ministero nel consiglio di amministrazione della Biennale.&nbsp;<\/p>\n\n\n<figure class=\"wp-block-image size-full\"><a href=\"https:\/\/www.lettera43.it\/galleria\/1291568\/1291634\"><img data-has-syndication-rights=\"1\" data-portal-copyright=\"Lettera43\" data-licensor-name=\"Lettera43\" decoding=\"async\" width=\"1200\" height=\"799\" src=\"https:\/\/www.lettera43.it\/wp-content\/uploads\/2026\/03\/BUTTA.jpg\" alt=\"Liti, personalismi, poltrone: perch\u00e9 la Cultura tormenta la destra\" class=\"wp-image-1291634 lazyload\" title=\"Liti, personalismi, poltrone: perch\u00e9 la Cultura tormenta la destra\" data-src=\"https:\/\/www.lettera43.it\/wp-content\/uploads\/2026\/03\/BUTTA.jpg\" loading=\"lazy\" data-has-syndication-rights=\"1\" data-licensor-name=\"Lettera43\" srcset=\"https:\/\/www.lettera43.it\/wp-content\/uploads\/2026\/03\/BUTTA.jpg 1200w, https:\/\/www.lettera43.it\/wp-content\/uploads\/2026\/03\/BUTTA-800x533.jpg 800w, https:\/\/www.lettera43.it\/wp-content\/uploads\/2026\/03\/BUTTA-390x260.jpg 390w\" sizes=\"auto, (max-width: 1200px) 100vw, 1200px\" \/><\/a><figcaption class=\"wp-element-caption\">Pietrangelo Buttafuoco (Imagoeconomica).<\/figcaption><\/figure>\n\n\n<p>Buttafuoco da parte sua non ha replicato, ma in sua difesa si sono schierati due intellettuali di destra del calibro di <strong>Marcello Veneziani<\/strong> e <strong>Franco Cardini<\/strong>. \u00abVa bene una Biennale inclusiva verso immigrati, gay e mondo queer ma non verso i popoli e le civilt\u00e0 del mondo\u00bb, ha scritto Veneziani sulla <em>Verit\u00e0<\/em>. \u00ab\u00c8 sempre pi\u00f9 difficile assumere un ruolo pubblico senza diventare servi zelanti in livrea abbaiando a comando, mentre chi disturba viene abbandonato, sconfessato, boicottato\u00bb, ha aggiunto. \u00abNoi abbiamo preferito sottrarci dal rispondere quando un ministro ci attacc\u00f2 in modo volgare\u00bb. Veneziani fa riferimento a un altro duello che lo ha visto protagonista contro il ministro della Cultura.<\/p>\n\n\n<figure class=\"wp-block-image size-full\"><a href=\"https:\/\/www.lettera43.it\/galleria\/1291568\/1291641\"><img data-has-syndication-rights=\"1\" data-portal-copyright=\"Lettera43\" data-licensor-name=\"Lettera43\" decoding=\"async\" width=\"1200\" height=\"800\" src=\"https:\/\/www.lettera43.it\/wp-content\/uploads\/2026\/03\/Liti-personalismi-poltrone-perche-la-Cultura-tormenta-la-destra-ghjk.jpg\" alt=\"Liti, personalismi, poltrone: perch\u00e9 la Cultura tormenta la destra\" class=\"wp-image-1291641 lazyload\" title=\"Liti, personalismi, poltrone: perch\u00e9 la Cultura tormenta la destra\" data-src=\"https:\/\/www.lettera43.it\/wp-content\/uploads\/2026\/03\/Liti-personalismi-poltrone-perche-la-Cultura-tormenta-la-destra-ghjk.jpg\" loading=\"lazy\" data-has-syndication-rights=\"1\" data-licensor-name=\"Lettera43\" srcset=\"https:\/\/www.lettera43.it\/wp-content\/uploads\/2026\/03\/Liti-personalismi-poltrone-perche-la-Cultura-tormenta-la-destra-ghjk.jpg 1200w, https:\/\/www.lettera43.it\/wp-content\/uploads\/2026\/03\/Liti-personalismi-poltrone-perche-la-Cultura-tormenta-la-destra-ghjk-800x533.jpg 800w, https:\/\/www.lettera43.it\/wp-content\/uploads\/2026\/03\/Liti-personalismi-poltrone-perche-la-Cultura-tormenta-la-destra-ghjk-390x260.jpg 390w\" sizes=\"auto, (max-width: 1200px) 100vw, 1200px\" \/><\/a><figcaption class=\"wp-element-caption\">Franco Cardini (Imagoeconomica).<\/figcaption><\/figure>\n\n\n<h2 class=\"wp-block-heading\">Quando Veneziani critic\u00f2 il governo Meloni<\/h2>\n\n\n\n<p>L\u2019episodio risale a fine 2025, quando il giornalista e scrittore sempre sul quotidiano diretto da Maurizio Belpietro verg\u00f2 un <a href=\"https:\/\/www.lettera43.it\/strappo-veneziani-scricchiolii-destra-meloni\/\"  rel=\"noreferrer noopener\">editoriale al vetriolo contro il governo Meloni.<\/a> \u00abNulla \u00e8 cambiato nella nostra vita di italiani, cittadini, contribuenti, patrioti e uomini di destra, tutto \u00e8 rimasto come prima, nel bene e nel male, nella mediocrit\u00e0 generale e particolare\u00bb. La replica di Giuli fu durissima e personale, parlando di \u00abbile nera\u00bb e \u00abanimo ricolmo di cieco rimpianto\u00bb. Come a voler dire: ti sarebbe piaciuto essere al mio posto, ma non ci sei. Del resto all\u2019epoca della formazione del governo, e prima di nominare <strong>Gennaro Sangiuliano<\/strong>, <strong>Giorgia Meloni<\/strong> sond\u00f2 informalmente proprio Veneziani, che, secondo qualche retroscena, gentilmente declin\u00f2. <\/p>\n\n\n<figure class=\"wp-block-image size-full\"><a href=\"https:\/\/www.lettera43.it\/galleria\/1291568\/1291636\"><img data-has-syndication-rights=\"1\" data-portal-copyright=\"Lettera43\" data-licensor-name=\"Lettera43\" decoding=\"async\" src=\"https:\/\/www.lettera43.it\/wp-content\/uploads\/2026\/03\/Centrodestra-diviso-sul-gas-di-Mosca-con-Salvini-che-spinge-per-la-fine-dellembargo-e-partiti-separati-in-casa-nel-rush-finale-della-campagna-referendaria.-Mentre-le-opposizioni%E2%80%A6-4566.jpg\" alt=\"Liti, personalismi, poltrone: perch\u00e9 la Cultura tormenta la destra\" class=\"wp-image-1291636 lazyload\" title=\"Liti, personalismi, poltrone: perch\u00e9 la Cultura tormenta la destra\" data-src=\"https:\/\/www.lettera43.it\/wp-content\/uploads\/2026\/03\/Centrodestra-diviso-sul-gas-di-Mosca-con-Salvini-che-spinge-per-la-fine-dellembargo-e-partiti-separati-in-casa-nel-rush-finale-della-campagna-referendaria.-Mentre-le-opposizioni\u2026-4566.jpg\" loading=\"lazy\" data-has-syndication-rights=\"1\" data-licensor-name=\"Lettera43\"><\/a><figcaption class=\"wp-element-caption\">Alessandro Giuli, Gennaro Sangiuliano e Pietrangelo Buttafuoco (Imagoeconomica).<\/figcaption><\/figure>\n\n\n<p>Ma nella querelle sulla Biennale a difesa di Buttafuoco \u00e8 intervenuto anche lo storico Cardini. \u00abNon vedo i presupposti giuridici e procedurali sulla base dei quali il ministro pu\u00f2 intervenire. Giuli ha compiuto un passo inopportuno e inadeguato\u00bb ha commentato lo storico in un\u2019intervista alla <em>Stampa<\/em>. E poi \u00e8 andato oltre: \u00abCredo che Giuli si senta molto insicuro perch\u00e9 sente tutte le critiche che gli vengono mosse per la sua inadeguatezza (\u2026) Giuli \u00e8 un personaggio della cultura militante che non \u00e8 convincente n\u00e9 dal punto di vista scientifico, n\u00e9 da altri punti di vista\u00bb.<\/p>\n\n\n\n<h2 class=\"wp-block-heading\">L&#8217;allergia storica della destra per gli intellettuali<\/h2>\n\n\n\n<p>Insomma, colpi di clava. Che si inseriscono perfettamente nella tradizione degli scontri che hanno sempre contraddistinto il mondo culturale della destra italiana. Giuseppe Bottai contro Giovanni Gentile, Curzio Malaparte contro Giuseppe Prezzolini, <strong>Indro Montanelli <\/strong>contro lo stesso Malaparte &#8211; due toscanacci l&#8217;un contro l&#8217;altro armati &#8211; <strong>Leo Longanesi <\/strong>contro tutti, giusto per citare qualche esempio del passato.\u00a0<\/p>\n\n\n<figure class=\"wp-block-image size-full\"><a href=\"https:\/\/www.lettera43.it\/galleria\/1291568\/1291643\"><img data-has-syndication-rights=\"1\" data-portal-copyright=\"Lettera43\" data-licensor-name=\"Lettera43\" decoding=\"async\" width=\"1047\" height=\"1200\" src=\"https:\/\/www.lettera43.it\/wp-content\/uploads\/2026\/03\/Liti-personalismi-poltrone-perche-la-Cultura-tormenta-la-destra-leo.jpg\" alt=\"Liti, personalismi, poltrone: perch\u00e9 la Cultura tormenta la destra\" class=\"wp-image-1291643 lazyload\" title=\"Liti, personalismi, poltrone: perch\u00e9 la Cultura tormenta la destra\" data-src=\"https:\/\/www.lettera43.it\/wp-content\/uploads\/2026\/03\/Liti-personalismi-poltrone-perche-la-Cultura-tormenta-la-destra-leo.jpg\" loading=\"lazy\" data-has-syndication-rights=\"1\" data-licensor-name=\"Lettera43\" srcset=\"https:\/\/www.lettera43.it\/wp-content\/uploads\/2026\/03\/Liti-personalismi-poltrone-perche-la-Cultura-tormenta-la-destra-leo.jpg 1047w, https:\/\/www.lettera43.it\/wp-content\/uploads\/2026\/03\/Liti-personalismi-poltrone-perche-la-Cultura-tormenta-la-destra-leo-800x917.jpg 800w, https:\/\/www.lettera43.it\/wp-content\/uploads\/2026\/03\/Liti-personalismi-poltrone-perche-la-Cultura-tormenta-la-destra-leo-390x447.jpg 390w\" sizes=\"auto, (max-width: 1047px) 100vw, 1047px\" \/><\/a><figcaption class=\"wp-element-caption\">Leo Longanesi (Ansa).<\/figcaption><\/figure>\n\n\n<p>\u00abTutto mi sembra l\u2019eco di un <strong>vecchio pregiudizio <\/strong>che alligna da sempre nei partiti della Fiamma, i cui esponenti hanno sempre visto con fastidio gli intellettuali, considerandoli come dei piantagrane buoni solo a criticare e a imbastire polemiche contro quella che dovrebbero considerare la loro casa-madre. Un tempo Giuli fustigava questo atteggiamento, ora l\u2019ha fatto suo\u00bb, spiegava qualche tempo fa sul <em>Fatto quotidiano <\/em>il politologo di destra <strong>Marco Tarchi<\/strong>.\u00a0\u00abAnche la storia del marxismo, con le sue infinite scuole, conventicole e diatribe dimostra che non si tratta un\u2019esclusiva della destra. In quest\u2019area, per\u00f2, appare ancora pi\u00f9 pronunciata per quel tarlo dell\u2019individualismo che l\u2019ha sempre contraddistinta, e che \u00e8 una sorta di indesiderato sottoprodotto della visione antiegualitaria che le \u00e8 propria\u00bb, aggiungeva Tarchi. Qui poi andrebbe fatto un inciso: basta fare il giornalista ad alto livello e aver scritto qualche libro, come Sangiuliano e Giuli, per essere considerato un intellettuale?<\/p>\n\n\n<figure class=\"wp-block-image size-full\"><a href=\"https:\/\/www.lettera43.it\/galleria\/1291568\/1291639\"><img data-has-syndication-rights=\"1\" data-portal-copyright=\"Lettera43\" data-licensor-name=\"Lettera43\" decoding=\"async\" width=\"1200\" height=\"800\" src=\"https:\/\/www.lettera43.it\/wp-content\/uploads\/2026\/03\/TARCHI.jpg\" alt=\"Liti, personalismi, poltrone: perch\u00e9 la Cultura tormenta la destra\" class=\"wp-image-1291639 lazyload\" title=\"Liti, personalismi, poltrone: perch\u00e9 la Cultura tormenta la destra\" data-src=\"https:\/\/www.lettera43.it\/wp-content\/uploads\/2026\/03\/TARCHI.jpg\" loading=\"lazy\" data-has-syndication-rights=\"1\" data-licensor-name=\"Lettera43\" srcset=\"https:\/\/www.lettera43.it\/wp-content\/uploads\/2026\/03\/TARCHI.jpg 1200w, https:\/\/www.lettera43.it\/wp-content\/uploads\/2026\/03\/TARCHI-800x533.jpg 800w, https:\/\/www.lettera43.it\/wp-content\/uploads\/2026\/03\/TARCHI-390x260.jpg 390w\" sizes=\"auto, (max-width: 1200px) 100vw, 1200px\" \/><\/a><figcaption class=\"wp-element-caption\">Marco Tarchi (Imagoeconomica).<\/figcaption><\/figure>\n\n\n<h2 class=\"wp-block-heading\">Quel maledetto predominio culturale della sinistra<\/h2>\n\n\n\n<p>Altra figura rilevantissima della cultura destrorsa \u00e8 <strong>Giordano Bruno Guerri<\/strong> che, forse per la sua totale indipendenza al confine con un certo anarchismo, viene spesso tenuto ai margini, ma \u00e8 lui, da <strong>presidente del Vittoriale<\/strong>, ad aver ridato lustro e vita alla dimora di <strong>Gabriele D\u2019Annunzio<\/strong>. Ecco cosa sosteneva in un\u2019intervista alla<em> Stampa<\/em> lo scorso luglio: \u00abGli intellettuali di destra sono di meno e pure poco valorizzati, questo forse perch\u00e9 storicamente questa parte politica si \u00e8 sempre interessata poco alla cultura, come ai tempi del Msi, che non era un partito \u2018colto\u2019\u2026 Ora invece mi pare ci sia una volont\u00e0 di darsi da fare, magari anche sbagliando, che ho visto prima con Sangiuliano e ora con Giuli\u2026\u00bb. <\/p>\n\n\n<figure class=\"wp-block-image size-full\"><a href=\"https:\/\/www.lettera43.it\/galleria\/1291568\/1291635\"><img data-has-syndication-rights=\"1\" data-portal-copyright=\"Lettera43\" data-licensor-name=\"Lettera43\" decoding=\"async\" src=\"https:\/\/www.lettera43.it\/wp-content\/uploads\/2026\/03\/Centrodestra-diviso-sul-gas-di-Mosca-con-Salvini-che-spinge-per-la-fine-dellembargo-e-partiti-separati-in-casa-nel-rush-finale-della-campagna-referendaria.-Mentre-le-opposizioni%E2%80%A6-ffff.jpg\" alt=\"Liti, personalismi, poltrone: perch\u00e9 la Cultura tormenta la destra\" class=\"wp-image-1291635 lazyload\" title=\"Liti, personalismi, poltrone: perch\u00e9 la Cultura tormenta la destra\" data-src=\"https:\/\/www.lettera43.it\/wp-content\/uploads\/2026\/03\/Centrodestra-diviso-sul-gas-di-Mosca-con-Salvini-che-spinge-per-la-fine-dellembargo-e-partiti-separati-in-casa-nel-rush-finale-della-campagna-referendaria.-Mentre-le-opposizioni\u2026-ffff.jpg\" loading=\"lazy\" data-has-syndication-rights=\"1\" data-licensor-name=\"Lettera43\"><\/a><figcaption class=\"wp-element-caption\">Giordano Bruno Guerri (Imagoeconomica).<\/figcaption><\/figure>\n\n\n<p>Del resto, per Guerri il <strong>predominio della sinistra sul mondo culturale<\/strong> \u00e8 innegabile e cos\u00ec pare pensarla lo stesso Veneziani. Insomma, la destra al governo \u00e8 stata costretta ad arrancare in un mondo in cui le cariche pi\u00f9 prestigiose (istituti culturali, musei, fondazioni, teatri) le sono sempre state negate. Con gli incarichi culturali il governo Meloni si trova a maneggiare una materia nuova e sconosciuta. Dove per\u00f2 spesso nelle scelte si intersecano fedelt\u00e0 all\u2019esecutivo, autonomia culturale, una certa dose di individualismo e forse una rosa di candidati abbastanza scarsa. E allora ecco le liti, gli scontri, le invettive. Insomma, il campo largo della cultura a destra \u00e8 diviso e litigioso almeno quanto il campo largo politico a sinistra. &nbsp;<\/p>\n","protected":false},"excerpt":{"rendered":"<p>Gi\u00e0 gli intell\u00f2 di area sono pochi, in pi\u00f9 duellano tra loro, nemmeno fossero il campo largo. Sar\u00e0 forse perch\u00e9 la Fiamma si trova a maneggiare per la prima volta una materia tradizionalmente considerata ostile.<\/p>\n","protected":false},"author":4,"featured_media":0,"comment_status":"closed","ping_status":"closed","sticky":false,"template":"","format":"standard","meta":{"om_disable_all_campaigns":false,"_monsterinsights_skip_tracking":false,"_monsterinsights_sitenote_active":false,"_monsterinsights_sitenote_note":"","_monsterinsights_sitenote_category":0,"footnotes":""},"categories":[15],"tags":[],"class_list":["post-826174","post","type-post","status-publish","format-standard","hentry","category-politica"],"aioseo_notices":[],"_links":{"self":[{"href":"https:\/\/nugnes.com\/index.php?rest_route=\/wp\/v2\/posts\/826174","targetHints":{"allow":["GET"]}}],"collection":[{"href":"https:\/\/nugnes.com\/index.php?rest_route=\/wp\/v2\/posts"}],"about":[{"href":"https:\/\/nugnes.com\/index.php?rest_route=\/wp\/v2\/types\/post"}],"author":[{"embeddable":true,"href":"https:\/\/nugnes.com\/index.php?rest_route=\/wp\/v2\/users\/4"}],"replies":[{"embeddable":true,"href":"https:\/\/nugnes.com\/index.php?rest_route=%2Fwp%2Fv2%2Fcomments&post=826174"}],"version-history":[{"count":1,"href":"https:\/\/nugnes.com\/index.php?rest_route=\/wp\/v2\/posts\/826174\/revisions"}],"predecessor-version":[{"id":826175,"href":"https:\/\/nugnes.com\/index.php?rest_route=\/wp\/v2\/posts\/826174\/revisions\/826175"}],"wp:attachment":[{"href":"https:\/\/nugnes.com\/index.php?rest_route=%2Fwp%2Fv2%2Fmedia&parent=826174"}],"wp:term":[{"taxonomy":"category","embeddable":true,"href":"https:\/\/nugnes.com\/index.php?rest_route=%2Fwp%2Fv2%2Fcategories&post=826174"},{"taxonomy":"post_tag","embeddable":true,"href":"https:\/\/nugnes.com\/index.php?rest_route=%2Fwp%2Fv2%2Ftags&post=826174"}],"curies":[{"name":"wp","href":"https:\/\/api.w.org\/{rel}","templated":true}]}}