{"id":826180,"date":"2026-03-16T15:10:35","date_gmt":"2026-03-16T15:10:35","guid":{"rendered":"https:\/\/www.lettera43.it\/?p=1291662"},"modified":"2026-03-16T15:10:35","modified_gmt":"2026-03-16T15:10:35","slug":"prima-della-scala-2026-e-2027-annunciate-le-opere-che-apriranno-le-stagioni","status":"publish","type":"post","link":"https:\/\/nugnes.com\/?p=826180","title":{"rendered":"Prima della Scala 2026 e 2027, annunciate le opere che apriranno le stagioni"},"content":{"rendered":"\n<p>\u00c8 stata presentata la programmazione del triennio 2026-2028 del <strong>Teatro alla Scala di Milano<\/strong> &#8211;  come chiesto una decina di giorni prima dal ministero della Cultura a tutte le fondazioni lirico-sinfoniche in vista del riparto del Fus, i fondi statali &#8211; con l&#8217;annuncio delle opere che apriranno le <strong>stagioni 2026 e 2027<\/strong>. Il 7 dicembre 2026 verr\u00e0 rappresentato l&#8217;<strong>Otello<\/strong> di <strong>Giuseppe Verdi <\/strong>con la regia di<strong> Damiano Michieletto<\/strong>. Sul podio ci sar\u00e0 <strong>Myung-Whun Chung<\/strong>, al suo debutto come direttore musicale. L\u2019attuale, <strong>Riccardo Chailly<\/strong>, continuer\u00e0 comunque la sua collaborazione con la Scala concentrandosi sulla musica russa. Sempre un&#8217;opera di Verdi inaugurer\u00e0 la stagione successiva, nel 2027, vale a dire <em><strong>Un ballo in maschera<\/strong><\/em>. L&#8217;opera sar\u00e0 di nuovo diretta da Chung e vedr\u00e0 la regia del palermitano <strong>Luca Guadagnino<\/strong>. <\/p>\n\n\n<figure class=\"wp-block-image size-full\"><a href=\"https:\/\/www.lettera43.it\/galleria\/1291662\/1291678\"><img data-has-syndication-rights=\"1\" data-portal-copyright=\"Lettera43\" data-licensor-name=\"Lettera43\" decoding=\"async\" width=\"1200\" height=\"775\" src=\"https:\/\/www.lettera43.it\/wp-content\/uploads\/2026\/03\/Prima-della-Scala-2026-e-2027-annunciate-le-opere-che-apriranno-le-stagioni-1.jpg\" alt=\"Prima della Scala 2026 e 2027, annunciate le opere che apriranno le stagioni\" class=\"wp-image-1291678 lazyload\" title=\"Prima della Scala 2026 e 2027, annunciate le opere che apriranno le stagioni\" data-src=\"https:\/\/www.lettera43.it\/wp-content\/uploads\/2026\/03\/Prima-della-Scala-2026-e-2027-annunciate-le-opere-che-apriranno-le-stagioni-1.jpg\" loading=\"lazy\" data-has-syndication-rights=\"1\" data-licensor-name=\"Lettera43\" srcset=\"https:\/\/www.lettera43.it\/wp-content\/uploads\/2026\/03\/Prima-della-Scala-2026-e-2027-annunciate-le-opere-che-apriranno-le-stagioni-1.jpg 1200w, https:\/\/www.lettera43.it\/wp-content\/uploads\/2026\/03\/Prima-della-Scala-2026-e-2027-annunciate-le-opere-che-apriranno-le-stagioni-1-800x517.jpg 800w, https:\/\/www.lettera43.it\/wp-content\/uploads\/2026\/03\/Prima-della-Scala-2026-e-2027-annunciate-le-opere-che-apriranno-le-stagioni-1-390x252.jpg 390w\" sizes=\"auto, (max-width: 1200px) 100vw, 1200px\" \/><\/a><figcaption class=\"wp-element-caption\">Myung-Whun Chung (Ansa).<\/figcaption><\/figure>\n\n\n<h2 class=\"wp-block-heading\">Fr\u00e9d\u00e9ric Olivieri confermato direttore del Corpo di ballo<\/h2>\n\n\n\n<p>Durante la presentazione \u00e8 stato inoltre reso noto che <strong>Fr\u00e9d\u00e9ric Olivieri <\/strong>rester\u00e0 <strong>direttore del Corpo di ballo<\/strong> della Scala per altre due stagioni. Era stato nominato a febbraio 2025 per due anni dal sovrintendente Fortunato Ortombina, dopo la decisione del suo predecessore Manuel Legris di lasciare l&#8217;incarico prima della scadenza. <\/p>\n\n\n<figure class=\"wp-block-image size-full\"><a href=\"https:\/\/www.lettera43.it\/galleria\/1291662\/1291677\"><img data-has-syndication-rights=\"1\" data-portal-copyright=\"Lettera43\" data-licensor-name=\"Lettera43\" decoding=\"async\" width=\"1200\" height=\"778\" src=\"https:\/\/www.lettera43.it\/wp-content\/uploads\/2026\/03\/Prima-della-Scala-2026-e-2027-annunciate-le-opere-che-apriranno-le-stagioni-2.jpg\" alt=\"Prima della Scala 2026 e 2027, annunciate le opere che apriranno le stagioni\" class=\"wp-image-1291677 lazyload\" title=\"Prima della Scala 2026 e 2027, annunciate le opere che apriranno le stagioni\" data-src=\"https:\/\/www.lettera43.it\/wp-content\/uploads\/2026\/03\/Prima-della-Scala-2026-e-2027-annunciate-le-opere-che-apriranno-le-stagioni-2.jpg\" loading=\"lazy\" data-has-syndication-rights=\"1\" data-licensor-name=\"Lettera43\" srcset=\"https:\/\/www.lettera43.it\/wp-content\/uploads\/2026\/03\/Prima-della-Scala-2026-e-2027-annunciate-le-opere-che-apriranno-le-stagioni-2.jpg 1200w, https:\/\/www.lettera43.it\/wp-content\/uploads\/2026\/03\/Prima-della-Scala-2026-e-2027-annunciate-le-opere-che-apriranno-le-stagioni-2-800x519.jpg 800w, https:\/\/www.lettera43.it\/wp-content\/uploads\/2026\/03\/Prima-della-Scala-2026-e-2027-annunciate-le-opere-che-apriranno-le-stagioni-2-390x253.jpg 390w\" sizes=\"auto, (max-width: 1200px) 100vw, 1200px\" \/><\/a><figcaption class=\"wp-element-caption\">Fr\u00e9d\u00e9ric Olivieri (Ansa).<\/figcaption><\/figure>\n\n\n<p><\/p>\n","protected":false},"excerpt":{"rendered":"<p>Sono entrambe opere di Verdi e saranno dirette da Myung-Whun Chung. Durante la presentazione del programma 2026-2028, \u00e8 stato anche confermato Fr\u00e9d\u00e9ric Olivieri come direttore del Corpo di ballo.<\/p>\n","protected":false},"author":4,"featured_media":0,"comment_status":"closed","ping_status":"closed","sticky":false,"template":"","format":"standard","meta":{"om_disable_all_campaigns":false,"_monsterinsights_skip_tracking":false,"_monsterinsights_sitenote_active":false,"_monsterinsights_sitenote_note":"","_monsterinsights_sitenote_category":0,"footnotes":""},"categories":[31,1612],"tags":[],"class_list":["post-826180","post","type-post","status-publish","format-standard","hentry","category-cultura","category-ultima-ora"],"aioseo_notices":[],"_links":{"self":[{"href":"https:\/\/nugnes.com\/index.php?rest_route=\/wp\/v2\/posts\/826180","targetHints":{"allow":["GET"]}}],"collection":[{"href":"https:\/\/nugnes.com\/index.php?rest_route=\/wp\/v2\/posts"}],"about":[{"href":"https:\/\/nugnes.com\/index.php?rest_route=\/wp\/v2\/types\/post"}],"author":[{"embeddable":true,"href":"https:\/\/nugnes.com\/index.php?rest_route=\/wp\/v2\/users\/4"}],"replies":[{"embeddable":true,"href":"https:\/\/nugnes.com\/index.php?rest_route=%2Fwp%2Fv2%2Fcomments&post=826180"}],"version-history":[{"count":1,"href":"https:\/\/nugnes.com\/index.php?rest_route=\/wp\/v2\/posts\/826180\/revisions"}],"predecessor-version":[{"id":826181,"href":"https:\/\/nugnes.com\/index.php?rest_route=\/wp\/v2\/posts\/826180\/revisions\/826181"}],"wp:attachment":[{"href":"https:\/\/nugnes.com\/index.php?rest_route=%2Fwp%2Fv2%2Fmedia&parent=826180"}],"wp:term":[{"taxonomy":"category","embeddable":true,"href":"https:\/\/nugnes.com\/index.php?rest_route=%2Fwp%2Fv2%2Fcategories&post=826180"},{"taxonomy":"post_tag","embeddable":true,"href":"https:\/\/nugnes.com\/index.php?rest_route=%2Fwp%2Fv2%2Ftags&post=826180"}],"curies":[{"name":"wp","href":"https:\/\/api.w.org\/{rel}","templated":true}]}}