{"id":826218,"date":"2026-03-17T14:20:08","date_gmt":"2026-03-17T14:20:08","guid":{"rendered":"https:\/\/www.lettera43.it\/?p=1291782"},"modified":"2026-03-17T14:20:08","modified_gmt":"2026-03-17T14:20:08","slug":"meloni-da-fedez-il-cappellino-del-tg2-al-papa-e-le-pillole-del-giorno","status":"publish","type":"post","link":"https:\/\/nugnes.com\/?p=826218","title":{"rendered":"Meloni da Fedez, il cappellino del Tg2 al Papa e le pillole del giorno"},"content":{"rendered":"\n<p>Non solo<a href=\"https:\/\/www.lettera43.it\/referendum-giustizia-meloni-renzi-nordio-fronte-no\/\"  rel=\"noreferrer noopener\"> \u00e8 scesa in campo,<\/a> ma \u00e8 entrata direttamente nel ring. Dopo varie ospitate e gli appelli sui social,<strong> Giorgia Meloni<\/strong> si gioca l&#8217;ultimo asso per lanciare <strong>la volata al S\u00ec:<\/strong> partecipare a <strong><em>Pulp Podcast <\/em>di Fedez e Mr Marra<\/strong>. La puntata, di cui \u00e8 uscito un brevissimo estratto, sar\u00e0 messa online gioved\u00ec. Una mossa, quella di Meloni, che a pensar male potrebbe sembrare un&#8217;ultima spiaggia. Sebbene bella popolata se si considera che alcuni episodi di <em>Pulp Podcast,<\/em> come quello con Roberto Vannacci, o con l&#8217;ex nemico Maurizio Gasparri (a cui Fedez ha offerto addirittura una canna) sono diventati virali. Forse la premier grazie al gancio di Fedez forse spera di raggiungere gli elettori pi\u00f9 giovani e sicuramente meno ideologizzati.<\/p>\n\n\n\n<blockquote class=\"instagram-media\" data-instgrm-captioned data-instgrm-permalink=\"https:\/\/www.instagram.com\/reel\/DV_KdR6iI81\/?utm_source=ig_embed&amp;utm_campaign=loading\" data-instgrm-version=\"14\" style=\" background:#FFF; border:0; border-radius:3px; box-shadow:0 0 1px 0 rgba(0,0,0,0.5),0 1px 10px 0 rgba(0,0,0,0.15); margin: 1px; max-width:540px; min-width:326px; padding:0; width:99.375%; width:-webkit-calc(100% - 2px); width:calc(100% - 2px);\"><div style=\"padding:16px;\"> <a href=\"https:\/\/www.instagram.com\/reel\/DV_KdR6iI81\/?utm_source=ig_embed&amp;utm_campaign=loading\" style=\" background:#FFFFFF; line-height:0; padding:0 0; text-align:center; text-decoration:none; width:100%;\" > <div style=\" display: flex; flex-direction: row; align-items: center;\"> <div style=\"background-color: #F4F4F4; border-radius: 50%; flex-grow: 0; height: 40px; margin-right: 14px; width: 40px;\"><\/div> <div style=\"display: flex; flex-direction: column; flex-grow: 1; justify-content: center;\"> <div style=\" background-color: #F4F4F4; border-radius: 4px; flex-grow: 0; height: 14px; margin-bottom: 6px; width: 100px;\"><\/div> <div style=\" background-color: #F4F4F4; border-radius: 4px; flex-grow: 0; height: 14px; width: 60px;\"><\/div><\/div><\/div><div style=\"padding: 19% 0;\"><\/div> <div style=\"display:block; height:50px; margin:0 auto 12px; width:50px;\"><svg width=\"50px\" height=\"50px\" viewBox=\"0 0 60 60\" version=\"1.1\" xmlns=\"https:\/\/www.w3.org\/2000\/svg\" xmlns:xlink=\"https:\/\/www.w3.org\/1999\/xlink\"><g stroke=\"none\" stroke-width=\"1\" fill=\"none\" fill-rule=\"evenodd\"><g transform=\"translate(-511.000000, -20.000000)\" fill=\"#000000\"><g><path d=\"M556.869,30.41 C554.814,30.41 553.148,32.076 553.148,34.131 C553.148,36.186 554.814,37.852 556.869,37.852 C558.924,37.852 560.59,36.186 560.59,34.131 C560.59,32.076 558.924,30.41 556.869,30.41 M541,60.657 C535.114,60.657 530.342,55.887 530.342,50 C530.342,44.114 535.114,39.342 541,39.342 C546.887,39.342 551.658,44.114 551.658,50 C551.658,55.887 546.887,60.657 541,60.657 M541,33.886 C532.1,33.886 524.886,41.1 524.886,50 C524.886,58.899 532.1,66.113 541,66.113 C549.9,66.113 557.115,58.899 557.115,50 C557.115,41.1 549.9,33.886 541,33.886 M565.378,62.101 C565.244,65.022 564.756,66.606 564.346,67.663 C563.803,69.06 563.154,70.057 562.106,71.106 C561.058,72.155 560.06,72.803 558.662,73.347 C557.607,73.757 556.021,74.244 553.102,74.378 C549.944,74.521 548.997,74.552 541,74.552 C533.003,74.552 532.056,74.521 528.898,74.378 C525.979,74.244 524.393,73.757 523.338,73.347 C521.94,72.803 520.942,72.155 519.894,71.106 C518.846,70.057 518.197,69.06 517.654,67.663 C517.244,66.606 516.755,65.022 516.623,62.101 C516.479,58.943 516.448,57.996 516.448,50 C516.448,42.003 516.479,41.056 516.623,37.899 C516.755,34.978 517.244,33.391 517.654,32.338 C518.197,30.938 518.846,29.942 519.894,28.894 C520.942,27.846 521.94,27.196 523.338,26.654 C524.393,26.244 525.979,25.756 528.898,25.623 C532.057,25.479 533.004,25.448 541,25.448 C548.997,25.448 549.943,25.479 553.102,25.623 C556.021,25.756 557.607,26.244 558.662,26.654 C560.06,27.196 561.058,27.846 562.106,28.894 C563.154,29.942 563.803,30.938 564.346,32.338 C564.756,33.391 565.244,34.978 565.378,37.899 C565.522,41.056 565.552,42.003 565.552,50 C565.552,57.996 565.522,58.943 565.378,62.101 M570.82,37.631 C570.674,34.438 570.167,32.258 569.425,30.349 C568.659,28.377 567.633,26.702 565.965,25.035 C564.297,23.368 562.623,22.342 560.652,21.575 C558.743,20.834 556.562,20.326 553.369,20.18 C550.169,20.033 549.148,20 541,20 C532.853,20 531.831,20.033 528.631,20.18 C525.438,20.326 523.257,20.834 521.349,21.575 C519.376,22.342 517.703,23.368 516.035,25.035 C514.368,26.702 513.342,28.377 512.574,30.349 C511.834,32.258 511.326,34.438 511.181,37.631 C511.035,40.831 511,41.851 511,50 C511,58.147 511.035,59.17 511.181,62.369 C511.326,65.562 511.834,67.743 512.574,69.651 C513.342,71.625 514.368,73.296 516.035,74.965 C517.703,76.634 519.376,77.658 521.349,78.425 C523.257,79.167 525.438,79.673 528.631,79.82 C531.831,79.965 532.853,80.001 541,80.001 C549.148,80.001 550.169,79.965 553.369,79.82 C556.562,79.673 558.743,79.167 560.652,78.425 C562.623,77.658 564.297,76.634 565.965,74.965 C567.633,73.296 568.659,71.625 569.425,69.651 C570.167,67.743 570.674,65.562 570.82,62.369 C570.966,59.17 571,58.147 571,50 C571,41.851 570.966,40.831 570.82,37.631\"><\/path><\/g><\/g><\/g><\/svg><\/div><div style=\"padding-top: 8px;\"> <div style=\" color:#3897f0; font-family:Arial,sans-serif; font-size:14px; font-style:normal; font-weight:550; line-height:18px;\">Visualizza questo post su Instagram<\/div><\/div><div style=\"padding: 12.5% 0;\"><\/div> <div style=\"display: flex; flex-direction: row; margin-bottom: 14px; align-items: center;\"><div> <div style=\"background-color: #F4F4F4; border-radius: 50%; height: 12.5px; width: 12.5px; transform: translateX(0px) translateY(7px);\"><\/div> <div style=\"background-color: #F4F4F4; height: 12.5px; transform: rotate(-45deg) translateX(3px) translateY(1px); width: 12.5px; flex-grow: 0; margin-right: 14px; margin-left: 2px;\"><\/div> <div style=\"background-color: #F4F4F4; border-radius: 50%; height: 12.5px; width: 12.5px; transform: translateX(9px) translateY(-18px);\"><\/div><\/div><div style=\"margin-left: 8px;\"> <div style=\" background-color: #F4F4F4; border-radius: 50%; flex-grow: 0; height: 20px; width: 20px;\"><\/div> <div style=\" width: 0; height: 0; border-top: 2px solid transparent; border-left: 6px solid #f4f4f4; border-bottom: 2px solid transparent; transform: translateX(16px) translateY(-4px) rotate(30deg)\"><\/div><\/div><div style=\"margin-left: auto;\"> <div style=\" width: 0px; border-top: 8px solid #F4F4F4; border-right: 8px solid transparent; transform: translateY(16px);\"><\/div> <div style=\" background-color: #F4F4F4; flex-grow: 0; height: 12px; width: 16px; transform: translateY(-4px);\"><\/div> <div style=\" width: 0; height: 0; border-top: 8px solid #F4F4F4; border-left: 8px solid transparent; transform: translateY(-4px) translateX(8px);\"><\/div><\/div><\/div> <div style=\"display: flex; flex-direction: column; flex-grow: 1; justify-content: center; margin-bottom: 24px;\"> <div style=\" background-color: #F4F4F4; border-radius: 4px; flex-grow: 0; height: 14px; margin-bottom: 6px; width: 224px;\"><\/div> <div style=\" background-color: #F4F4F4; border-radius: 4px; flex-grow: 0; height: 14px; width: 144px;\"><\/div><\/div><\/a><p style=\" color:#c9c8cd; font-family:Arial,sans-serif; font-size:14px; line-height:17px; margin-bottom:0; margin-top:8px; overflow:hidden; padding:8px 0 7px; text-align:center; text-overflow:ellipsis; white-space:nowrap;\"><a href=\"https:\/\/www.instagram.com\/reel\/DV_KdR6iI81\/?utm_source=ig_embed&amp;utm_campaign=loading\" style=\" color:#c9c8cd; font-family:Arial,sans-serif; font-size:14px; font-style:normal; font-weight:normal; line-height:17px; text-decoration:none;\" >Un post condiviso da FEDEZ (@fedez)<\/a><\/p><\/div><\/blockquote>\n<script async src=\"\/\/www.instagram.com\/embed.js\"><\/script>\n\n\n\n<p>L&#8217;ospitata segna pure il <strong>disgelo definitivo tra la leader di FdI e il rapper.<\/strong> Era il 2022 quando dal palco di Atreju Meloni attaccava frontalmente gli influencer e indirettamente l&#8217;allora signora Lucia, <strong>Chiara Ferragni<\/strong>: \u00abIl vero modello da seguire non solo gli influencer che fanno soldi a palate indossando degli abiti, mostrando delle borse o addirittura promuovendo carissimi panettoni con i quali si fa credere che si far\u00e0 beneficenza, ma il cui prezzo serve solo a pagare cachet milionari\u00bb.\u00a0Fedez ovviamente replic\u00f2. \u00abEvento singolare \u00e8 che pochi minuti fa la Presidente del Consiglio Giorgia Meloni, sul palco della sua fantastica festa del partito, abbia deciso di parlare delle priorit\u00e0 del Paese: avr\u00e0 parlato della disoccupazione giovanile? No. Ha parlato della manovra finanziaria che stanno facendo col cu*o e che non hanno ancora finito? No. Ha parlato della pressione fiscale del Paese? No. Ha deciso di dire: \u2018Diffidate alle persone che lavorano sul web&#8217;. Questa \u00e8 la priorit\u00e0 del nostro Presidente del Consiglio\u00bb.<\/p>\n\n\n<figure class=\"wp-block-image size-full\"><a href=\"https:\/\/www.lettera43.it\/galleria\/1291782\/1291846\"><img data-has-syndication-rights=\"1\" data-portal-copyright=\"Lettera43\" data-licensor-name=\"Lettera43\" decoding=\"async\" width=\"910\" height=\"700\" src=\"https:\/\/www.lettera43.it\/wp-content\/uploads\/2026\/03\/Screenshot-2026-03-17-alle-15.06.38.jpg\" alt=\"Meloni da Fedez, il cappellino del Tg2 al Papa e le pillole del giorno\" class=\"wp-image-1291846 lazyload\" title=\"Meloni da Fedez, il cappellino del Tg2 al Papa e le pillole del giorno\" data-src=\"https:\/\/www.lettera43.it\/wp-content\/uploads\/2026\/03\/Screenshot-2026-03-17-alle-15.06.38.jpg\" loading=\"lazy\" data-has-syndication-rights=\"1\" data-licensor-name=\"Lettera43\" srcset=\"https:\/\/www.lettera43.it\/wp-content\/uploads\/2026\/03\/Screenshot-2026-03-17-alle-15.06.38.jpg 910w, https:\/\/www.lettera43.it\/wp-content\/uploads\/2026\/03\/Screenshot-2026-03-17-alle-15.06.38-800x615.jpg 800w, https:\/\/www.lettera43.it\/wp-content\/uploads\/2026\/03\/Screenshot-2026-03-17-alle-15.06.38-390x300.jpg 390w\" sizes=\"auto, (max-width: 910px) 100vw, 910px\" \/><\/a><figcaption class=\"wp-element-caption\">Fedez con la foto di Galeazzo Bignami (Ansa).<\/figcaption><\/figure>\n\n\n<p>Acqua passata comunque. Come \u00e8 passata l&#8217;<strong>era Ferragnez<\/strong>. Anche perch\u00e9 Fedez da filo grillino, gran accusatore della destra &#8211; chi non ricorda (per dirne un paio) l&#8217;elenco delle uscite omofobe della Lega snocciolate durante il Primo maggio 2021 o il freestyle durante il quale dalla Costa Smeralda al largo di Sanremo nel 2023 Fedez strapp\u00f2 la foto del viceministro Galeazzo Bignami in costume da nazista e attacc\u00f2 la ministra Eugenia Roccella &#8211; \u00e8 finito al<strong> <a href=\"https:\/\/www.lettera43.it\/fedez-congresso-forza-italia-giovani-annuncio-gasparri\/\"  rel=\"noreferrer noopener\">congresso dei giovani di Forza Italia<\/a><\/strong> con la benedizione di Gasparri, ha cantato strofe contro Elly Schlein. E ha criticato duramente il sindaco di Milano<strong> Beppe Sala<\/strong> ai tempi dell&#8217;inchiesta sull&#8217;urbanistica. \u00abSei il sindaco della citt\u00e0 di\u00a0Mani Pulite, inchiesta che ha svelato il modus operandi di un&#8217;intera classe politica, fondato sulla corruzione. E che fai? Per manifestare la tua estraneit\u00e0 ai fatti e alle inchieste che stanno segnando le ultime settimane del capoluogo meneghino, decidi di usare l&#8217;espressione: &#8216;io ho le mani pulite\u2019. Davvero?\u00bb. Lo stesso Sala che aveva consegnato a lui e consorte l&#8217;Ambrogino d&#8217;oro. Insomma, Fedez rester\u00e0 folgorato sulla via della Scrofa abbracciando in toto la causa destrorsa?<\/p>\n\n\n<figure class=\"wp-block-image size-full\"><a href=\"https:\/\/www.lettera43.it\/galleria\/1291782\/1291845\"><img data-has-syndication-rights=\"1\" data-portal-copyright=\"Lettera43\" data-licensor-name=\"Lettera43\" decoding=\"async\" width=\"1200\" height=\"800\" src=\"https:\/\/www.lettera43.it\/wp-content\/uploads\/2026\/03\/Meloni-da-Fedez-il-cappellino-del-Tg2-al-Papa-e-le-pillole-del-giorno-fed.jpg\" alt=\"Meloni da Fedez, il cappellino del Tg2 al Papa e le pillole del giorno\" class=\"wp-image-1291845 lazyload\" title=\"Meloni da Fedez, il cappellino del Tg2 al Papa e le pillole del giorno\" data-src=\"https:\/\/www.lettera43.it\/wp-content\/uploads\/2026\/03\/Meloni-da-Fedez-il-cappellino-del-Tg2-al-Papa-e-le-pillole-del-giorno-fed.jpg\" loading=\"lazy\" data-has-syndication-rights=\"1\" data-licensor-name=\"Lettera43\" srcset=\"https:\/\/www.lettera43.it\/wp-content\/uploads\/2026\/03\/Meloni-da-Fedez-il-cappellino-del-Tg2-al-Papa-e-le-pillole-del-giorno-fed.jpg 1200w, https:\/\/www.lettera43.it\/wp-content\/uploads\/2026\/03\/Meloni-da-Fedez-il-cappellino-del-Tg2-al-Papa-e-le-pillole-del-giorno-fed-800x533.jpg 800w, https:\/\/www.lettera43.it\/wp-content\/uploads\/2026\/03\/Meloni-da-Fedez-il-cappellino-del-Tg2-al-Papa-e-le-pillole-del-giorno-fed-390x260.jpg 390w\" sizes=\"auto, (max-width: 1200px) 100vw, 1200px\" \/><\/a><figcaption class=\"wp-element-caption\">Giuseppe Cruciani, Stefano Benigni e Fedez al congresso dei Giovani di Forza Italia (Ansa).<\/figcaption><\/figure>\n\n\n<h2 class=\"wp-block-heading\">Il cappellino del Tg2 per Prevost<\/h2>\n\n\n\n<p>Credevamo di aver visto tutto: il ministro degli Esteri <strong>Antonio Tajani<\/strong> con in mano il cappellino Maga, gentile cadeau offerto ai partecipanti della riunione del Board of Peace di Washington e prima ancora <strong>Gennaro Sangiuliano<\/strong> in campagna per le Regionali campane con in testa il &#8216;tarocco&#8217; con la scritta &#8220;Make Naples Great Again&#8221;. E invece no. Luned\u00ec di cappellino ne \u00e8 volato un altro, e questa volta tra tra le mura vaticane. Il direttore <strong>Antonio Preziosi <\/strong>ha donato a Papa Leone XIV il copricapo brandizzato Tg2, realizzato per festeggiare il mezzo secolo di vita della testata. In prima fila, c&#8217;era la vicedirettrice del Tg2 <strong>Elisabetta Migliorelli<\/strong>, ex signora Petrecca. <\/p>\n\n\n\n<blockquote class=\"instagram-media\" data-instgrm-captioned data-instgrm-permalink=\"https:\/\/www.instagram.com\/p\/DV871wSjV2H\/?utm_source=ig_embed&amp;utm_campaign=loading\" data-instgrm-version=\"14\" style=\" background:#FFF; border:0; border-radius:3px; box-shadow:0 0 1px 0 rgba(0,0,0,0.5),0 1px 10px 0 rgba(0,0,0,0.15); margin: 1px; max-width:540px; min-width:326px; padding:0; width:99.375%; width:-webkit-calc(100% - 2px); width:calc(100% - 2px);\"><div style=\"padding:16px;\"> <a href=\"https:\/\/www.instagram.com\/p\/DV871wSjV2H\/?utm_source=ig_embed&amp;utm_campaign=loading\" style=\" background:#FFFFFF; line-height:0; padding:0 0; text-align:center; text-decoration:none; width:100%;\" > <div style=\" display: flex; flex-direction: row; align-items: center;\"> <div style=\"background-color: #F4F4F4; border-radius: 50%; flex-grow: 0; height: 40px; margin-right: 14px; width: 40px;\"><\/div> <div style=\"display: flex; flex-direction: column; flex-grow: 1; justify-content: center;\"> <div style=\" background-color: #F4F4F4; border-radius: 4px; flex-grow: 0; height: 14px; margin-bottom: 6px; width: 100px;\"><\/div> <div style=\" background-color: #F4F4F4; border-radius: 4px; flex-grow: 0; height: 14px; width: 60px;\"><\/div><\/div><\/div><div style=\"padding: 19% 0;\"><\/div> <div style=\"display:block; height:50px; margin:0 auto 12px; width:50px;\"><svg width=\"50px\" height=\"50px\" viewBox=\"0 0 60 60\" version=\"1.1\" xmlns=\"https:\/\/www.w3.org\/2000\/svg\" xmlns:xlink=\"https:\/\/www.w3.org\/1999\/xlink\"><g stroke=\"none\" stroke-width=\"1\" fill=\"none\" fill-rule=\"evenodd\"><g transform=\"translate(-511.000000, -20.000000)\" fill=\"#000000\"><g><path d=\"M556.869,30.41 C554.814,30.41 553.148,32.076 553.148,34.131 C553.148,36.186 554.814,37.852 556.869,37.852 C558.924,37.852 560.59,36.186 560.59,34.131 C560.59,32.076 558.924,30.41 556.869,30.41 M541,60.657 C535.114,60.657 530.342,55.887 530.342,50 C530.342,44.114 535.114,39.342 541,39.342 C546.887,39.342 551.658,44.114 551.658,50 C551.658,55.887 546.887,60.657 541,60.657 M541,33.886 C532.1,33.886 524.886,41.1 524.886,50 C524.886,58.899 532.1,66.113 541,66.113 C549.9,66.113 557.115,58.899 557.115,50 C557.115,41.1 549.9,33.886 541,33.886 M565.378,62.101 C565.244,65.022 564.756,66.606 564.346,67.663 C563.803,69.06 563.154,70.057 562.106,71.106 C561.058,72.155 560.06,72.803 558.662,73.347 C557.607,73.757 556.021,74.244 553.102,74.378 C549.944,74.521 548.997,74.552 541,74.552 C533.003,74.552 532.056,74.521 528.898,74.378 C525.979,74.244 524.393,73.757 523.338,73.347 C521.94,72.803 520.942,72.155 519.894,71.106 C518.846,70.057 518.197,69.06 517.654,67.663 C517.244,66.606 516.755,65.022 516.623,62.101 C516.479,58.943 516.448,57.996 516.448,50 C516.448,42.003 516.479,41.056 516.623,37.899 C516.755,34.978 517.244,33.391 517.654,32.338 C518.197,30.938 518.846,29.942 519.894,28.894 C520.942,27.846 521.94,27.196 523.338,26.654 C524.393,26.244 525.979,25.756 528.898,25.623 C532.057,25.479 533.004,25.448 541,25.448 C548.997,25.448 549.943,25.479 553.102,25.623 C556.021,25.756 557.607,26.244 558.662,26.654 C560.06,27.196 561.058,27.846 562.106,28.894 C563.154,29.942 563.803,30.938 564.346,32.338 C564.756,33.391 565.244,34.978 565.378,37.899 C565.522,41.056 565.552,42.003 565.552,50 C565.552,57.996 565.522,58.943 565.378,62.101 M570.82,37.631 C570.674,34.438 570.167,32.258 569.425,30.349 C568.659,28.377 567.633,26.702 565.965,25.035 C564.297,23.368 562.623,22.342 560.652,21.575 C558.743,20.834 556.562,20.326 553.369,20.18 C550.169,20.033 549.148,20 541,20 C532.853,20 531.831,20.033 528.631,20.18 C525.438,20.326 523.257,20.834 521.349,21.575 C519.376,22.342 517.703,23.368 516.035,25.035 C514.368,26.702 513.342,28.377 512.574,30.349 C511.834,32.258 511.326,34.438 511.181,37.631 C511.035,40.831 511,41.851 511,50 C511,58.147 511.035,59.17 511.181,62.369 C511.326,65.562 511.834,67.743 512.574,69.651 C513.342,71.625 514.368,73.296 516.035,74.965 C517.703,76.634 519.376,77.658 521.349,78.425 C523.257,79.167 525.438,79.673 528.631,79.82 C531.831,79.965 532.853,80.001 541,80.001 C549.148,80.001 550.169,79.965 553.369,79.82 C556.562,79.673 558.743,79.167 560.652,78.425 C562.623,77.658 564.297,76.634 565.965,74.965 C567.633,73.296 568.659,71.625 569.425,69.651 C570.167,67.743 570.674,65.562 570.82,62.369 C570.966,59.17 571,58.147 571,50 C571,41.851 570.966,40.831 570.82,37.631\"><\/path><\/g><\/g><\/g><\/svg><\/div><div style=\"padding-top: 8px;\"> <div style=\" color:#3897f0; font-family:Arial,sans-serif; font-size:14px; font-style:normal; font-weight:550; line-height:18px;\">Visualizza questo post su Instagram<\/div><\/div><div style=\"padding: 12.5% 0;\"><\/div> <div style=\"display: flex; flex-direction: row; margin-bottom: 14px; align-items: center;\"><div> <div style=\"background-color: #F4F4F4; border-radius: 50%; height: 12.5px; width: 12.5px; transform: translateX(0px) translateY(7px);\"><\/div> <div style=\"background-color: #F4F4F4; height: 12.5px; transform: rotate(-45deg) translateX(3px) translateY(1px); width: 12.5px; flex-grow: 0; margin-right: 14px; margin-left: 2px;\"><\/div> <div style=\"background-color: #F4F4F4; border-radius: 50%; height: 12.5px; width: 12.5px; transform: translateX(9px) translateY(-18px);\"><\/div><\/div><div style=\"margin-left: 8px;\"> <div style=\" background-color: #F4F4F4; border-radius: 50%; flex-grow: 0; height: 20px; width: 20px;\"><\/div> <div style=\" width: 0; height: 0; border-top: 2px solid transparent; border-left: 6px solid #f4f4f4; border-bottom: 2px solid transparent; transform: translateX(16px) translateY(-4px) rotate(30deg)\"><\/div><\/div><div style=\"margin-left: auto;\"> <div style=\" width: 0px; border-top: 8px solid #F4F4F4; border-right: 8px solid transparent; transform: translateY(16px);\"><\/div> <div style=\" background-color: #F4F4F4; flex-grow: 0; height: 12px; width: 16px; transform: translateY(-4px);\"><\/div> <div style=\" width: 0; height: 0; border-top: 8px solid #F4F4F4; border-left: 8px solid transparent; transform: translateY(-4px) translateX(8px);\"><\/div><\/div><\/div> <div style=\"display: flex; flex-direction: column; flex-grow: 1; justify-content: center; margin-bottom: 24px;\"> <div style=\" background-color: #F4F4F4; border-radius: 4px; flex-grow: 0; height: 14px; margin-bottom: 6px; width: 224px;\"><\/div> <div style=\" background-color: #F4F4F4; border-radius: 4px; flex-grow: 0; height: 14px; width: 144px;\"><\/div><\/div><\/a><p style=\" color:#c9c8cd; font-family:Arial,sans-serif; font-size:14px; line-height:17px; margin-bottom:0; margin-top:8px; overflow:hidden; padding:8px 0 7px; text-align:center; text-overflow:ellipsis; white-space:nowrap;\"><a href=\"https:\/\/www.instagram.com\/p\/DV871wSjV2H\/?utm_source=ig_embed&amp;utm_campaign=loading\" style=\" color:#c9c8cd; font-family:Arial,sans-serif; font-size:14px; font-style:normal; font-weight:normal; line-height:17px; text-decoration:none;\" >Un post condiviso da Elisabetta Migliorelli (@elisabetta_migliorelli)<\/a><\/p><\/div><\/blockquote>\n<script async src=\"\/\/www.instagram.com\/embed.js\"><\/script>\n\n\n\n<p>Prima gaffe involontaria del pontefice americano: \u00abSaluto l&#8217;amministratore delegato della Rai\u00bb, ha esordito il Pontefice. Peccato che Giampaolo Rossi fosse assente. Ma niente panico: \u00abAh, non c\u2019\u00e8? Primo sbaglio! Stasera al Tg2 delle 20:30 vedr\u00f2 che il Santo Padre ha detto questa cosa&#8230; Comunque comunicate i miei saluti anche all&#8217;amministratore\u00bb, ha scherzato Prevost.<\/p>\n\n\n\n<blockquote class=\"twitter-tweet\"><p lang=\"it\" dir=\"ltr\">Papa <a href=\"https:\/\/twitter.com\/hashtag\/LeoneXIV?src=hash&amp;ref_src=twsrc%5Etfw\">#LeoneXIV<\/a> ha ricevuto il <a href=\"https:\/\/twitter.com\/tg2rai?ref_src=twsrc%5Etfw\">@tg2rai<\/a> in occasione dei nostri 50 anni. Le sue parole valide per ogni giornalista<a href=\"https:\/\/t.co\/RbM4aaCdyV\">https:\/\/t.co\/RbM4aaCdyV<\/a><\/p>&mdash; luciano ghelfi (@lucianoghelfi) <a href=\"https:\/\/twitter.com\/lucianoghelfi\/status\/2033551011353088333?ref_src=twsrc%5Etfw\">March 16, 2026<\/a><\/blockquote> <script async src=\"https:\/\/platform.twitter.com\/widgets.js\" charset=\"utf-8\"><\/script>\n\n\n\n<h2 class=\"wp-block-heading\">Festa all&#8217;Aniene per Maira<\/h2>\n\n\n\n<p><strong>Circolo Canottieri Aniene<\/strong> in festa luned\u00ec sera. Il neurochirurgo di fama mondiale Giulio Maira, proprio nel giorno del suo compleanno (classe 1944) ha presentato il suo libro <em><strong>Dove danzano i pensieri. Capire il mondo con le neuroscienze<\/strong><\/em>. Tanti i vip presenti nel sodalizio romano caro a <strong>Giovanni Malag\u00f2<\/strong>: da <strong>Luigi Gubitosi<\/strong> a <strong>Luigi Abete<\/strong>, fino a <strong>Silvia Calandrelli<\/strong>, direttrice Rai per la Sostenibilit\u00e0 e monsignor <strong>Vincenzo Paglia<\/strong>, presidente emerito della Pontificia accademia per la vita.<\/p>\n\n\n<figure class=\"wp-block-image size-full\"><a href=\"https:\/\/www.lettera43.it\/galleria\/1291782\/1291857\"><img data-has-syndication-rights=\"1\" data-portal-copyright=\"Lettera43\" data-licensor-name=\"Lettera43\" decoding=\"async\" width=\"1200\" height=\"799\" src=\"https:\/\/www.lettera43.it\/wp-content\/uploads\/2026\/03\/Maira.jpg\" alt=\"Meloni da Fedez, il cappellino del Tg2 al Papa e le pillole del giorno\" class=\"wp-image-1291857 lazyload\" title=\"Meloni da Fedez, il cappellino del Tg2 al Papa e le pillole del giorno\" data-src=\"https:\/\/www.lettera43.it\/wp-content\/uploads\/2026\/03\/Maira.jpg\" loading=\"lazy\" data-has-syndication-rights=\"1\" data-licensor-name=\"Lettera43\" srcset=\"https:\/\/www.lettera43.it\/wp-content\/uploads\/2026\/03\/Maira.jpg 1200w, https:\/\/www.lettera43.it\/wp-content\/uploads\/2026\/03\/Maira-800x533.jpg 800w, https:\/\/www.lettera43.it\/wp-content\/uploads\/2026\/03\/Maira-390x260.jpg 390w\" sizes=\"auto, (max-width: 1200px) 100vw, 1200px\" \/><\/a><figcaption class=\"wp-element-caption\">Giulio Maira (Imagoeconomica).<\/figcaption><\/figure>\n\n\n<h2 class=\"wp-block-heading\">Se i quotidiani diventano set cinematografici<\/h2>\n\n\n\n<p>Durante la festa per la free press <em>Leggo<\/em> \u00e8 stato ricordato che la redazione \u00e8 stata set per film famosi, come<em> Smetto quando voglio<\/em> I e II, <em>Beata ignoranza<\/em> e <em>Ricchi di fantasia.<\/em> La scorsa settimana pure la sede de<em> Il Messaggero<\/em>, in via del Tritone, ha ospitato le scene di un film. <\/p>\n\n\n<figure class=\"wp-block-image size-full\"><a href=\"https:\/\/www.lettera43.it\/galleria\/1291782\/1291852\"><img data-has-syndication-rights=\"1\" data-portal-copyright=\"Lettera43\" data-licensor-name=\"Lettera43\" decoding=\"async\" width=\"1200\" height=\"632\" src=\"https:\/\/www.lettera43.it\/wp-content\/uploads\/2026\/03\/Screenshot-2026-03-17-alle-13.50.14.jpg\" alt=\"Meloni da Fedez, il cappellino del Tg2 al Papa e le pillole del giorno\" class=\"wp-image-1291852 lazyload\" title=\"Meloni da Fedez, il cappellino del Tg2 al Papa e le pillole del giorno\" data-src=\"https:\/\/www.lettera43.it\/wp-content\/uploads\/2026\/03\/Screenshot-2026-03-17-alle-13.50.14.jpg\" loading=\"lazy\" data-has-syndication-rights=\"1\" data-licensor-name=\"Lettera43\" srcset=\"https:\/\/www.lettera43.it\/wp-content\/uploads\/2026\/03\/Screenshot-2026-03-17-alle-13.50.14.jpg 1200w, https:\/\/www.lettera43.it\/wp-content\/uploads\/2026\/03\/Screenshot-2026-03-17-alle-13.50.14-800x421.jpg 800w, https:\/\/www.lettera43.it\/wp-content\/uploads\/2026\/03\/Screenshot-2026-03-17-alle-13.50.14-390x205.jpg 390w\" sizes=\"auto, (max-width: 1200px) 100vw, 1200px\" \/><\/a><figcaption class=\"wp-element-caption\">Una scena de Il provinciale girata nella redazione del Messaggero.<\/figcaption><\/figure>\n\n\n<p>E non \u00e8 stata la prima volta. Perch\u00e9 il quotidiano fu al centro della storia del film<em> Il provinciale<\/em>, diretto nel 1971 da Luciano Salce con protagonista Gianni Morandi, un giovanotto arrivato nella Capitale con l&#8217;ambizione di diventare giornalista&#8230;<\/p>\n\n\n<figure class=\"wp-block-image size-full\"><a href=\"https:\/\/www.lettera43.it\/galleria\/1291782\/1291851\"><img data-has-syndication-rights=\"1\" data-portal-copyright=\"Lettera43\" data-licensor-name=\"Lettera43\" decoding=\"async\" width=\"1200\" height=\"675\" src=\"https:\/\/www.lettera43.it\/wp-content\/uploads\/2026\/03\/Screenshot-2026-03-17-alle-13.49.54.jpg\" alt=\"Meloni da Fedez, il cappellino del Tg2 al Papa e le pillole del giorno\" class=\"wp-image-1291851 lazyload\" title=\"Meloni da Fedez, il cappellino del Tg2 al Papa e le pillole del giorno\" data-src=\"https:\/\/www.lettera43.it\/wp-content\/uploads\/2026\/03\/Screenshot-2026-03-17-alle-13.49.54.jpg\" loading=\"lazy\" data-has-syndication-rights=\"1\" data-licensor-name=\"Lettera43\" srcset=\"https:\/\/www.lettera43.it\/wp-content\/uploads\/2026\/03\/Screenshot-2026-03-17-alle-13.49.54.jpg 1200w, https:\/\/www.lettera43.it\/wp-content\/uploads\/2026\/03\/Screenshot-2026-03-17-alle-13.49.54-800x450.jpg 800w, https:\/\/www.lettera43.it\/wp-content\/uploads\/2026\/03\/Screenshot-2026-03-17-alle-13.49.54-390x219.jpg 390w\" sizes=\"auto, (max-width: 1200px) 100vw, 1200px\" \/><\/a><figcaption class=\"wp-element-caption\">Gianni Morandi ne Il Provinciale. <\/figcaption><\/figure>\n\n\n<h2 class=\"wp-block-heading\">Energia verde per il Vaticano<\/h2>\n\n\n\n<p>La settimana prossima la <strong>Camera dei Deputati<\/strong> dimostrer\u00e0 di avere a cuore il <strong>Vaticano<\/strong>. Dopo il referendum sulla giustizia, Montecitorio dovr\u00e0 occuparsi dell\u2019<strong>accordo tra Italia e Santa Sede<\/strong> per un <strong>impianto agrivoltaico<\/strong> a <strong>Santa Maria di Galeria<\/strong>, gi\u00e0 approvato dal Senato. Di che si tratta? Della definizione, con tanto di bollo parlamentare, di quanto era stato firmato a Palazzo Borromeo, sede dell\u2019Ambasciata d\u2019Italia presso la Santa Sede, con l\u2019arcivescovo Paul Richard Gallagher, Segretario per i Rapporti con gli Stati e le Organizzazioni Internazionali, e l\u2019ambasciatore Francesco Di Nitto, rappresentante italiano presso la Santa Sede. A Santa Maria di Galeria, area di propriet\u00e0 della Santa Sede, sorger\u00e0 un impianto agrivoltaico per produrre <strong>energia elettrica rinnovabile<\/strong> destinata alla Citt\u00e0 del Vaticano: un progetto pensato \u00abper conciliare l\u2019uso agricolo del suolo con la produzione energetica, per proteggere l\u2019equilibrio idrogeologico, ridurre l\u2019impatto ambientale e tutelare il patrimonio culturale, archeologico e paesaggistico della zona\u00bb, voluto da <strong>Papa Francesco<\/strong>, che con la Lettera Apostolica in forma di Motu Proprio &#8220;Fratello Sole&#8221; del 21 giugno 2024, aveva affidato, al presidente del Governatorato dello Stato della Citt\u00e0 del Vaticano e al Presidente dell\u2019amministrazione del Patrimonio della Sede Apostolica, \u00abl&#8217;incarico di realizzare un impianto agrivoltaico ubicato all&#8217;interno della zona extraterritoriale di Santa Maria di Galeria, che assicuri, non soltanto l&#8217;alimentazione elettrica della stazione radio ivi esistente, ma anche il completo sostentamento energetico dello Stato della Citt\u00e0 del Vaticano\u00bb. Insomma, una scelta \u201cautarchica\u201d voluta dal pontefice che aveva elaborato la teoria della \u00abterza guerra mondiale a pezzi\u00bb e che oggi, a causa del <strong>conflitto in<\/strong> <strong>Medio Oriente<\/strong>, diventa ancora pi\u00f9 strategica. L\u2019agrivoltaico permette di produrre energia rinnovabile sfruttando pannelli solari installati su terreni agricoli, senza rinunciare alla loro coltivazione, un approccio che consente di conciliare la produzione agricola con quella energetica, in modo sostenibile, proprio nella zona extra territoriale dove sorge il Centro Radio in onda corta della Radio Vaticana, curato dal Dicastero per la Comunicazione.&nbsp;<\/p>\n\n\n\n<h2 class=\"wp-block-heading\">Al GF vip pure la figlia di Angelo Altea<\/h2>\n\n\n\n<p>Il <strong><em>Grande Fratello Vip<\/em><\/strong> regala sempre grandi sorprese. In questa edizione, partecipa anche<strong> Ibiza Altea<\/strong>, 26 anni, nata ad Atlanta, in America, ma cresciuta in Italia. La scheda personale inviata dagli organizzatori recita: \u00abFiglia di Priscilla, vocalist americana a Ibiza, e di Angelo, ex parlamentare di origini sarde, ha vissuto a Vicenza, per poi trasferirsi a Milano, dove attualmente \u00e8 modella e attrice. Per Ibiza questo mix di culture \u00e8 un dono\u00bb. Gi\u00e0, <strong>Angelo Altea<\/strong>, giornalista e deputato per due legislature: eletto inizialmente con Rifondazione Comunista, pass\u00f2 al Movimento dei Comunisti Unitari e infine ai Democratici di Sinistra. \u00c8 stato anche capo servizio de L&#8217;Unione Sarda e presidente provinciale dell&#8217;Arci di Nuoro. <\/p>\n\n\n\n<blockquote class=\"instagram-media\" data-instgrm-captioned data-instgrm-permalink=\"https:\/\/www.instagram.com\/p\/DV9GcpQDNpv\/?utm_source=ig_embed&amp;utm_campaign=loading\" data-instgrm-version=\"14\" style=\" background:#FFF; border:0; border-radius:3px; box-shadow:0 0 1px 0 rgba(0,0,0,0.5),0 1px 10px 0 rgba(0,0,0,0.15); margin: 1px; max-width:540px; min-width:326px; padding:0; width:99.375%; width:-webkit-calc(100% - 2px); width:calc(100% - 2px);\"><div style=\"padding:16px;\"> <a href=\"https:\/\/www.instagram.com\/p\/DV9GcpQDNpv\/?utm_source=ig_embed&amp;utm_campaign=loading\" style=\" background:#FFFFFF; line-height:0; padding:0 0; text-align:center; text-decoration:none; width:100%;\" > <div style=\" display: flex; flex-direction: row; align-items: center;\"> <div style=\"background-color: #F4F4F4; border-radius: 50%; flex-grow: 0; height: 40px; margin-right: 14px; width: 40px;\"><\/div> <div style=\"display: flex; flex-direction: column; flex-grow: 1; justify-content: center;\"> <div style=\" background-color: #F4F4F4; border-radius: 4px; flex-grow: 0; height: 14px; margin-bottom: 6px; width: 100px;\"><\/div> <div style=\" background-color: #F4F4F4; border-radius: 4px; flex-grow: 0; height: 14px; width: 60px;\"><\/div><\/div><\/div><div style=\"padding: 19% 0;\"><\/div> <div style=\"display:block; height:50px; margin:0 auto 12px; width:50px;\"><svg width=\"50px\" height=\"50px\" viewBox=\"0 0 60 60\" version=\"1.1\" xmlns=\"https:\/\/www.w3.org\/2000\/svg\" xmlns:xlink=\"https:\/\/www.w3.org\/1999\/xlink\"><g stroke=\"none\" stroke-width=\"1\" fill=\"none\" fill-rule=\"evenodd\"><g transform=\"translate(-511.000000, -20.000000)\" fill=\"#000000\"><g><path d=\"M556.869,30.41 C554.814,30.41 553.148,32.076 553.148,34.131 C553.148,36.186 554.814,37.852 556.869,37.852 C558.924,37.852 560.59,36.186 560.59,34.131 C560.59,32.076 558.924,30.41 556.869,30.41 M541,60.657 C535.114,60.657 530.342,55.887 530.342,50 C530.342,44.114 535.114,39.342 541,39.342 C546.887,39.342 551.658,44.114 551.658,50 C551.658,55.887 546.887,60.657 541,60.657 M541,33.886 C532.1,33.886 524.886,41.1 524.886,50 C524.886,58.899 532.1,66.113 541,66.113 C549.9,66.113 557.115,58.899 557.115,50 C557.115,41.1 549.9,33.886 541,33.886 M565.378,62.101 C565.244,65.022 564.756,66.606 564.346,67.663 C563.803,69.06 563.154,70.057 562.106,71.106 C561.058,72.155 560.06,72.803 558.662,73.347 C557.607,73.757 556.021,74.244 553.102,74.378 C549.944,74.521 548.997,74.552 541,74.552 C533.003,74.552 532.056,74.521 528.898,74.378 C525.979,74.244 524.393,73.757 523.338,73.347 C521.94,72.803 520.942,72.155 519.894,71.106 C518.846,70.057 518.197,69.06 517.654,67.663 C517.244,66.606 516.755,65.022 516.623,62.101 C516.479,58.943 516.448,57.996 516.448,50 C516.448,42.003 516.479,41.056 516.623,37.899 C516.755,34.978 517.244,33.391 517.654,32.338 C518.197,30.938 518.846,29.942 519.894,28.894 C520.942,27.846 521.94,27.196 523.338,26.654 C524.393,26.244 525.979,25.756 528.898,25.623 C532.057,25.479 533.004,25.448 541,25.448 C548.997,25.448 549.943,25.479 553.102,25.623 C556.021,25.756 557.607,26.244 558.662,26.654 C560.06,27.196 561.058,27.846 562.106,28.894 C563.154,29.942 563.803,30.938 564.346,32.338 C564.756,33.391 565.244,34.978 565.378,37.899 C565.522,41.056 565.552,42.003 565.552,50 C565.552,57.996 565.522,58.943 565.378,62.101 M570.82,37.631 C570.674,34.438 570.167,32.258 569.425,30.349 C568.659,28.377 567.633,26.702 565.965,25.035 C564.297,23.368 562.623,22.342 560.652,21.575 C558.743,20.834 556.562,20.326 553.369,20.18 C550.169,20.033 549.148,20 541,20 C532.853,20 531.831,20.033 528.631,20.18 C525.438,20.326 523.257,20.834 521.349,21.575 C519.376,22.342 517.703,23.368 516.035,25.035 C514.368,26.702 513.342,28.377 512.574,30.349 C511.834,32.258 511.326,34.438 511.181,37.631 C511.035,40.831 511,41.851 511,50 C511,58.147 511.035,59.17 511.181,62.369 C511.326,65.562 511.834,67.743 512.574,69.651 C513.342,71.625 514.368,73.296 516.035,74.965 C517.703,76.634 519.376,77.658 521.349,78.425 C523.257,79.167 525.438,79.673 528.631,79.82 C531.831,79.965 532.853,80.001 541,80.001 C549.148,80.001 550.169,79.965 553.369,79.82 C556.562,79.673 558.743,79.167 560.652,78.425 C562.623,77.658 564.297,76.634 565.965,74.965 C567.633,73.296 568.659,71.625 569.425,69.651 C570.167,67.743 570.674,65.562 570.82,62.369 C570.966,59.17 571,58.147 571,50 C571,41.851 570.966,40.831 570.82,37.631\"><\/path><\/g><\/g><\/g><\/svg><\/div><div style=\"padding-top: 8px;\"> <div style=\" color:#3897f0; font-family:Arial,sans-serif; font-size:14px; font-style:normal; font-weight:550; line-height:18px;\">Visualizza questo post su Instagram<\/div><\/div><div style=\"padding: 12.5% 0;\"><\/div> <div style=\"display: flex; flex-direction: row; margin-bottom: 14px; align-items: center;\"><div> <div style=\"background-color: #F4F4F4; border-radius: 50%; height: 12.5px; width: 12.5px; transform: translateX(0px) translateY(7px);\"><\/div> <div style=\"background-color: #F4F4F4; height: 12.5px; transform: rotate(-45deg) translateX(3px) translateY(1px); width: 12.5px; flex-grow: 0; margin-right: 14px; margin-left: 2px;\"><\/div> <div style=\"background-color: #F4F4F4; border-radius: 50%; height: 12.5px; width: 12.5px; transform: translateX(9px) translateY(-18px);\"><\/div><\/div><div style=\"margin-left: 8px;\"> <div style=\" background-color: #F4F4F4; border-radius: 50%; flex-grow: 0; height: 20px; width: 20px;\"><\/div> <div style=\" width: 0; height: 0; border-top: 2px solid transparent; border-left: 6px solid #f4f4f4; border-bottom: 2px solid transparent; transform: translateX(16px) translateY(-4px) rotate(30deg)\"><\/div><\/div><div style=\"margin-left: auto;\"> <div style=\" width: 0px; border-top: 8px solid #F4F4F4; border-right: 8px solid transparent; transform: translateY(16px);\"><\/div> <div style=\" background-color: #F4F4F4; flex-grow: 0; height: 12px; width: 16px; transform: translateY(-4px);\"><\/div> <div style=\" width: 0; height: 0; border-top: 8px solid #F4F4F4; border-left: 8px solid transparent; transform: translateY(-4px) translateX(8px);\"><\/div><\/div><\/div> <div style=\"display: flex; flex-direction: column; flex-grow: 1; justify-content: center; margin-bottom: 24px;\"> <div style=\" background-color: #F4F4F4; border-radius: 4px; flex-grow: 0; height: 14px; margin-bottom: 6px; width: 224px;\"><\/div> <div style=\" background-color: #F4F4F4; border-radius: 4px; flex-grow: 0; height: 14px; width: 144px;\"><\/div><\/div><\/a><p style=\" color:#c9c8cd; font-family:Arial,sans-serif; font-size:14px; line-height:17px; margin-bottom:0; margin-top:8px; overflow:hidden; padding:8px 0 7px; text-align:center; text-overflow:ellipsis; white-space:nowrap;\"><a href=\"https:\/\/www.instagram.com\/p\/DV9GcpQDNpv\/?utm_source=ig_embed&amp;utm_campaign=loading\" style=\" color:#c9c8cd; font-family:Arial,sans-serif; font-size:14px; font-style:normal; font-weight:normal; line-height:17px; text-decoration:none;\" >Un post condiviso da Evissia Ibiza Altea (@ibizaltea)<\/a><\/p><\/div><\/blockquote>\n<script async src=\"\/\/www.instagram.com\/embed.js\"><\/script>\n","protected":false},"excerpt":{"rendered":"<p>L&#8217;ultima arma della premier per lanciare la volata al S\u00ec? Partecipare pure a Pulp Podcast del rapper e Mr Marra. Intanto il direttore Preziosi omaggia il pontefice del gadget del suo tg in occasione del cinquantennale. Le pillole.<\/p>\n","protected":false},"author":4,"featured_media":0,"comment_status":"closed","ping_status":"closed","sticky":false,"template":"","format":"standard","meta":{"om_disable_all_campaigns":false,"_monsterinsights_skip_tracking":false,"_monsterinsights_sitenote_active":false,"_monsterinsights_sitenote_note":"","_monsterinsights_sitenote_category":0,"footnotes":""},"categories":[417,15],"tags":[],"class_list":["post-826218","post","type-post","status-publish","format-standard","hentry","category-corridoi","category-politica"],"aioseo_notices":[],"_links":{"self":[{"href":"https:\/\/nugnes.com\/index.php?rest_route=\/wp\/v2\/posts\/826218","targetHints":{"allow":["GET"]}}],"collection":[{"href":"https:\/\/nugnes.com\/index.php?rest_route=\/wp\/v2\/posts"}],"about":[{"href":"https:\/\/nugnes.com\/index.php?rest_route=\/wp\/v2\/types\/post"}],"author":[{"embeddable":true,"href":"https:\/\/nugnes.com\/index.php?rest_route=\/wp\/v2\/users\/4"}],"replies":[{"embeddable":true,"href":"https:\/\/nugnes.com\/index.php?rest_route=%2Fwp%2Fv2%2Fcomments&post=826218"}],"version-history":[{"count":2,"href":"https:\/\/nugnes.com\/index.php?rest_route=\/wp\/v2\/posts\/826218\/revisions"}],"predecessor-version":[{"id":826230,"href":"https:\/\/nugnes.com\/index.php?rest_route=\/wp\/v2\/posts\/826218\/revisions\/826230"}],"wp:attachment":[{"href":"https:\/\/nugnes.com\/index.php?rest_route=%2Fwp%2Fv2%2Fmedia&parent=826218"}],"wp:term":[{"taxonomy":"category","embeddable":true,"href":"https:\/\/nugnes.com\/index.php?rest_route=%2Fwp%2Fv2%2Fcategories&post=826218"},{"taxonomy":"post_tag","embeddable":true,"href":"https:\/\/nugnes.com\/index.php?rest_route=%2Fwp%2Fv2%2Ftags&post=826218"}],"curies":[{"name":"wp","href":"https:\/\/api.w.org\/{rel}","templated":true}]}}