{"id":826231,"date":"2026-03-17T15:18:59","date_gmt":"2026-03-17T15:18:59","guid":{"rendered":"http:\/\/nugnes.com\/?guid=0563d401aed66702c42858fe9c0ffd41"},"modified":"2026-03-17T15:18:59","modified_gmt":"2026-03-17T15:18:59","slug":"attentato-alla-sinagoga-di-roma-identificati-dopo-43-anni-gli-altri-componenti-del-commando","status":"publish","type":"post","link":"https:\/\/nugnes.com\/?p=826231","title":{"rendered":"Attentato alla sinagoga di Roma, identificati dopo 43 anni gli altri componenti del commando"},"content":{"rendered":"<p>AGI - Dopo oltre quarant'anni sono stati identificati i responsabili dell'attentato del&nbsp;<strong>9 ottobre 1982<\/strong>&nbsp;davanti alla&nbsp;<strong>Sinagoga di Roma<\/strong>&nbsp;compiuto da un commando armato di bombe a mano e mitra in cui rimase ucciso&nbsp;<strong>Stefano Gaj Tach\u00e9<\/strong>, di appena due anni, e furono feriti&nbsp;<strong>40 fedeli<\/strong>&nbsp;di religione ebraica. La&nbsp;<strong>procura di Roma<\/strong>, al termine di complesse&nbsp;<strong>attivit\u00e0<\/strong>, ha emesso l'<strong>avviso di conclusione indagini<\/strong>&nbsp;nei confronti di&nbsp;<strong>cinque persone<\/strong>&nbsp;per le quali si ipotizza la&nbsp;<strong>corresponsabilit\u00e0<\/strong>&nbsp;nell'<strong>attentato con finalit\u00e0 terroristiche<\/strong>.&nbsp;&nbsp;<\/p>\n<p>Il 415 bis riguarda&nbsp;<strong>Abou Zayed Walid Abdulrahman<\/strong>, 68enne, detenuto in Francia e a giudizio per la&nbsp;<strong>strage del 2 agosto del 1982 di Rue des Rosiers a Parigi<\/strong>; Abed Adra Mahmoud Khader, 71enne cittadino palestinese residente in Cisgiordania;<strong> Al Abassi Souheir Mohammad Hassan Khalil, 74enne<\/strong> di origine palestinese residente in Giordania, Hamada Nizar Tawfiq Mussa, 65enne di origine palestinese residente in Giordania; <strong>Abu Arkoub Omar Mahid Abdel Rahman, 66enne <\/strong>di origine palestinese, residente in Giordania. \"Si ipotizza che abbiano agito in concorso anche con<strong> Alhamieda Rashid Mahmoud alias Fouad Hijazy<\/strong>, Maher Said Al Awad Yousif alias Arabe El Arabi Tawfik Gamal ora deceduti\", si legge nella nota della&nbsp;<strong>procura di Roma<\/strong>.<\/p>\n<h2>Le indagini e gli accertamenti<\/h2>\n<p>\"Nel corso delle indagini sono stati sviluppati accertamenti ad ampio spettro, anche con mirate&nbsp;<strong>attivit\u00e0 tecniche<\/strong>&nbsp;e acquisizione di testimonianze e documentazione, in correlazione con la rilettura, l'analisi e il raffronto con gli atti istruttori e dibattimentali dell'epoca, le fonti diplomatiche e giornalistiche,<strong> i documenti di archivi privati e pubblici<\/strong>, sia relativi all'attentato in questione che degli altri compiuti a Roma in quegli anni e riconducibili alla stessa organizzazione\", si legge ancora nella nota dei pm.<\/p>\n<h2>Le evidenze e i ruoli nell'attentato<\/h2>\n<p>\"Il complesso delle evidenze ha consentito di confermare la collocazione dell'evento nella strategia dell'<strong>organizzazione di Abu Nidal<\/strong>, di far emergere le convergenze oggettive e soggettive tra gli&nbsp;<strong>attentati di Roma e Parigi<\/strong>&nbsp;e di individuare quindi gli appartenenti all'organizzazione che si ritiene abbiano&nbsp;<strong>contribuito al compimento dell'attentato alla Sinagoga di Roma<\/strong>, concorrendo con diversi ruoli e funzioni:&nbsp;<strong>decisione e supervisione, organizzazione e logistica, contributo operativo<\/strong>.<\/p>\n<h2>L'organizzazione terroristica Abu Nidal<\/h2>\n<p>Sono emersi dal lavoro di ricostruzione i tratti della storia e della collocazione dell'<strong>organizzazione terroristica<\/strong>, fondata nel 1974 da&nbsp;<strong>Sabri Khalil Abdul Hamid Al Banna alias Abu Nidal<\/strong>&nbsp;nel segno del radicale&nbsp;<strong>rifiuto di ogni tipo di dialogo con Israele<\/strong>, a seguito della decisione di Arafat di rinunciare a effettuare azioni violente fuori da Israele e dai Territori Occupati - si legge ancora -. Numerosi furono gli&nbsp;<strong>attacchi terroristici<\/strong>, ai danni di&nbsp;<strong>obiettivi ebraici<\/strong>&nbsp;e non solo, perpetrati in&nbsp;<strong>Europa, Italia compresa, e in Medio Oriente<\/strong>&nbsp;fra la seconda&nbsp;<strong>met\u00e0<\/strong>&nbsp;degli anni '70 e gli anni '80.<\/p>\n<h2>Contesto storico degli attentati<\/h2>\n<p>I&nbsp;<strong>fatti di Parigi e Roma<\/strong>&nbsp;si inserivano in un contesto di fortissima tensione. Solo quattro mesi prima dell'azione omicidiaria condotta presso il Tempio Maggiore di Roma, precisamente il 4 e il 5 giugno 1982, vi era stato un&nbsp;<strong>raid aereo delle forze armate israeliane<\/strong>&nbsp;sui&nbsp;<strong>campi profughi palestinesi<\/strong>&nbsp;e altri obiettivi dell'<strong>OLP a Beirut e nel Sud-Libano<\/strong>, che aveva causato la morte di 45 persone e il ferimento di altre 150, mentre il successivo 6 giugno aveva inizio l'operazione nel sud del Libano nota come '<strong>Operazione Pace per la Galilea<\/strong>'\".<\/p>\n<h2>Comunit\u00e0 ebraica riconoscente agli inquirenti<\/h2>\n<p>La&nbsp;<strong>Comunit\u00e0 Ebraica di Roma<\/strong>&nbsp;\"accoglie con amarezza\" la notizia della chiusura delle indagini sull'<strong>attentato del 9 ottobre 1982<\/strong>&nbsp;davanti al Tempio Maggiore.&nbsp;Dopo oltre quarant'anni, l'avviso di conclusione delle&nbsp;<strong>indagini<\/strong>&nbsp;nei confronti di cinque persone segna un passaggio importante nel percorso di accertamento della&nbsp;<strong>verit\u00e0<\/strong>&nbsp;e di restituzione della&nbsp;<strong>giustizia<\/strong>. La Comunit\u00e0 \"esprime riconoscenza agli inquirenti, alla magistratura e alle istituzioni che hanno lavorato in questi anni, anche in cooperazione internazionale, per riaprire e sviluppare le indagini. L'attentato colp\u00ec famiglie inermi, segnando una delle pagine pi\u00f9 tristi e dolorose della storia della nostra Comunit\u00e0 e della Repubblica\".<\/p>\n<h2>Lo sconcerto per il tempo trascorso<\/h2>\n<p>\"Resta forte lo&nbsp;<strong>sconcerto per il tempo trascorso<\/strong>&nbsp;e per il muro di&nbsp;<strong>omert\u00e0, reticenze e ostacoli<\/strong>&nbsp;che ha rallentato per decenni la piena emersione della verit\u00e0, prolungando il dolore delle famiglie e della nostra Comunit\u00e0\", dice il Presidente della Comunit\u00e0 Ebraica di Roma,&nbsp;<strong>Victor Fadlun<\/strong>.<\/p>\n<div>\n \n<\/div>\n<p>\"Per troppo tempo la verit\u00e0 \u00e8 rimasta ostacolata da silenzi, protezioni e ambiguit\u00e0 che non possono essere accettati. Oggi si compie un passo avanti, ma resta il dovere di andare fino in fondo. Chiediamo che la ricerca della&nbsp;<strong>verit\u00e0<\/strong>&nbsp;prosegua senza esitazioni e che tutti i&nbsp;<strong>responsabili<\/strong>&nbsp;vengano finalmente portati davanti a una&nbsp;<strong>corte di giustizia<\/strong>. \u00c8 un diritto delle vittime e delle loro famiglie, ma \u00e8 anche un dovere dello Stato\".<\/p>\n<h2>Una ferita che riguarda l'intero Paese<\/h2>\n<p>L'<strong>attentato del 9 ottobre 1982<\/strong>&nbsp;non \u00e8 una pagina chiusa: \u00e8 una&nbsp;<strong>ferita<\/strong>&nbsp;che riguarda l'intero Paese. La morte di&nbsp;<strong>Stefano Gaj Tach\u00e9<\/strong>, come ricordato dal Presidente della Repubblica&nbsp;<strong>Sergio Mattarella<\/strong>, \"un nostro bambino, un bambino italiano\", e il ferimento di decine di innocenti restano un&nbsp;<strong>monito<\/strong>&nbsp;che interpella ancora oggi le istituzioni e la societ\u00e0.<\/p>\n<h2>La giustizia come dignit\u00e0 e forza democratica<\/h2>\n<p>\"Non ci fermeremo finch\u00e9 non sar\u00e0 fatta piena luce su ogni&nbsp;<strong>responsabilit\u00e0<\/strong>. La&nbsp;<strong>giustizia<\/strong>, anche dopo tanti anni, \u00e8 l'unico modo per restituire&nbsp;<strong>dignit\u00e0 alle vittime<\/strong>&nbsp;e forza ai&nbsp;<strong>valori democratici<\/strong>&nbsp;su cui si fonda il nostro Paese\", prosegue Fadlun.<\/p>\n<h2>Appello contro antisemitismo e terrorismo<\/h2>\n<p>La&nbsp;<strong>Comunit\u00e0 Ebraica di Roma<\/strong>&nbsp;continuer\u00e0 a seguire con attenzione gli&nbsp;<strong>sviluppi giudiziari<\/strong>&nbsp;\"nel ricordo di&nbsp;<strong>Stefano Gaj Tach\u00e9<\/strong>&nbsp;e di tutte le vittime dell'odio e della&nbsp;<strong>violenza antisemita<\/strong>, con la determinazione a non lasciare che il tempo cancelli verit\u00e0 e responsabilit\u00e0. E facciamo appello all'intera&nbsp;<strong>comunit\u00e0 nazionale<\/strong>&nbsp;- conclude il Presidente CER -, contro il rischio di abbassare la guardia e sottovalutare l'aumento degli episodi concreti di&nbsp;<strong>antisemitismo<\/strong>&nbsp;e gli indizi di&nbsp;<strong>attivit\u00e0 terroristica<\/strong>\".<\/p>\n<p>&nbsp;<\/p>","protected":false},"excerpt":{"rendered":"<p>AGI &#8211; Dopo oltre quarant&#8217;anni sono stati identificati i responsabili dell&#8217;attentato del&nbsp;9 ottobre 1982&nbsp;davanti alla&nbsp;Sinagoga di Roma&nbsp;compiuto da un commando armato di bombe a mano e mitra in cui rimase ucciso&nbsp;Stefano Gaj Tach\u00e9,&#8230;<\/p>\n","protected":false},"author":298,"featured_media":0,"comment_status":"closed","ping_status":"closed","sticky":false,"template":"","format":"standard","meta":{"om_disable_all_campaigns":false,"_monsterinsights_skip_tracking":false,"_monsterinsights_sitenote_active":false,"_monsterinsights_sitenote_note":"","_monsterinsights_sitenote_category":0,"footnotes":""},"categories":[10,1531],"tags":[],"class_list":["post-826231","post","type-post","status-publish","format-standard","hentry","category-cronaca","category-komposer"],"aioseo_notices":[],"_links":{"self":[{"href":"https:\/\/nugnes.com\/index.php?rest_route=\/wp\/v2\/posts\/826231","targetHints":{"allow":["GET"]}}],"collection":[{"href":"https:\/\/nugnes.com\/index.php?rest_route=\/wp\/v2\/posts"}],"about":[{"href":"https:\/\/nugnes.com\/index.php?rest_route=\/wp\/v2\/types\/post"}],"author":[{"embeddable":true,"href":"https:\/\/nugnes.com\/index.php?rest_route=\/wp\/v2\/users\/298"}],"replies":[{"embeddable":true,"href":"https:\/\/nugnes.com\/index.php?rest_route=%2Fwp%2Fv2%2Fcomments&post=826231"}],"version-history":[{"count":1,"href":"https:\/\/nugnes.com\/index.php?rest_route=\/wp\/v2\/posts\/826231\/revisions"}],"predecessor-version":[{"id":826232,"href":"https:\/\/nugnes.com\/index.php?rest_route=\/wp\/v2\/posts\/826231\/revisions\/826232"}],"wp:attachment":[{"href":"https:\/\/nugnes.com\/index.php?rest_route=%2Fwp%2Fv2%2Fmedia&parent=826231"}],"wp:term":[{"taxonomy":"category","embeddable":true,"href":"https:\/\/nugnes.com\/index.php?rest_route=%2Fwp%2Fv2%2Fcategories&post=826231"},{"taxonomy":"post_tag","embeddable":true,"href":"https:\/\/nugnes.com\/index.php?rest_route=%2Fwp%2Fv2%2Ftags&post=826231"}],"curies":[{"name":"wp","href":"https:\/\/api.w.org\/{rel}","templated":true}]}}