{"id":826233,"date":"2026-03-17T17:30:28","date_gmt":"2026-03-17T17:30:28","guid":{"rendered":"https:\/\/www.lettera43.it\/?p=1291884"},"modified":"2026-03-17T17:30:28","modified_gmt":"2026-03-17T17:30:28","slug":"cosa-ci-faceva-peter-thiel-in-italia-affari-e-ombre-dellilluminista-oscuro","status":"publish","type":"post","link":"https:\/\/nugnes.com\/?p=826233","title":{"rendered":"Cosa ci faceva Peter Thiel in Italia? Affari e ombre dell\u2019illuminista oscuro"},"content":{"rendered":"\n<p><strong><a href=\"https:\/\/www.lettera43.it\/peter-thiel-ultimo-santone-anticristo-capitalismo-tecnologico\/\"  rel=\"noreferrer noopener\">Peter Thiel<\/a><\/strong> sbarca in <strong>Italia<\/strong> e immediatamente scatta la sindrome <strong>Don Lurio<\/strong>: quella che colpisce americani di un certo talento che arrivano nel nostro Paese per trovare qui l&#8217;America che non li ha capiti. Don Lurio fu un ballerino che ebbe un discreto successo negli show del sabato sera con le <strong><a href=\"https:\/\/www.lettera43.it\/gemelle-kessler-italia-varieta-tv\/\"  rel=\"noreferrer noopener\">gemelle Kessler<\/a><\/strong>, rest\u00f2 per sempre qui, aprendo anche un negozio di moda a <strong>Porto Ercole<\/strong>. Thiel, multimilionario per aver fondato <strong>PayPal<\/strong> con <strong>Elon Musk<\/strong> e, recentemente, <strong>Palantir<\/strong>, l&#8217;azienda che sviluppa software di analisi dei dati preferita dai governi, dalle intelligence e dagli apparati di Difesa, non avr\u00e0 bisogno di buttarsi sull&#8217;abbigliamento ma, se viene qui, qualche ragione economica ci sar\u00e0. Un po&#8217; come quando Musk ronzava tanto intorno a <strong>Giorgia Meloni<\/strong> e poi si scopr\u00ec che voleva solo venderle i servizi di <strong>Starlink<\/strong>. Questi americani: arrivano millantando amore disinteressato e poi pensano sempre ai soldi.<\/p>\n\n\n<div class=\"swiper-container\"><div class=\"swiper-wrapper\"><div class=\"swiper-slide\"><figure class=\"wp-block-image size-large\"><a href=\"https:\/\/www.lettera43.it\/galleria\/1291884\/1291933\"><img data-has-syndication-rights=\"1\" data-portal-copyright=\"Lettera43\" data-licensor-name=\"Lettera43\" decoding=\"async\" width=\"1200\" height=\"800\" data-id=\"1291933\" src=\"https:\/\/www.lettera43.it\/wp-content\/uploads\/2026\/03\/Cosa-ci-faceva-Peter-Thiel-in-Italia-Affari-e-ombre-dellilluminista-oscuro-9.jpg\" alt=\"Cosa ci faceva Peter Thiel in Italia? Affari e ombre dell\u2019illuminista oscuro\" class=\"wp-image-1291933 lazyload\" title=\"Cosa ci faceva Peter Thiel in Italia? Affari e ombre dell\u2019illuminista oscuro\" data-src=\"https:\/\/www.lettera43.it\/wp-content\/uploads\/2026\/03\/Cosa-ci-faceva-Peter-Thiel-in-Italia-Affari-e-ombre-dellilluminista-oscuro-9.jpg\" loading=\"lazy\" data-has-syndication-rights=\"1\" data-licensor-name=\"Lettera43\" srcset=\"https:\/\/www.lettera43.it\/wp-content\/uploads\/2026\/03\/Cosa-ci-faceva-Peter-Thiel-in-Italia-Affari-e-ombre-dellilluminista-oscuro-9.jpg 1200w, https:\/\/www.lettera43.it\/wp-content\/uploads\/2026\/03\/Cosa-ci-faceva-Peter-Thiel-in-Italia-Affari-e-ombre-dellilluminista-oscuro-9-800x533.jpg 800w, https:\/\/www.lettera43.it\/wp-content\/uploads\/2026\/03\/Cosa-ci-faceva-Peter-Thiel-in-Italia-Affari-e-ombre-dellilluminista-oscuro-9-390x260.jpg 390w\" sizes=\"auto, (max-width: 1200px) 100vw, 1200px\" \/><\/a><\/figure><\/div><div class=\"swiper-slide\"><figure class=\"wp-block-image size-large\"><a href=\"https:\/\/www.lettera43.it\/galleria\/1291884\/1291932\"><img data-has-syndication-rights=\"1\" data-portal-copyright=\"Lettera43\" data-licensor-name=\"Lettera43\" decoding=\"async\" width=\"1200\" height=\"800\" data-id=\"1291932\" src=\"https:\/\/www.lettera43.it\/wp-content\/uploads\/2026\/03\/Cosa-ci-faceva-Peter-Thiel-in-Italia-Affari-e-ombre-dellilluminista-oscuro-8.jpg\" alt=\"Cosa ci faceva Peter Thiel in Italia? Affari e ombre dell\u2019illuminista oscuro\" class=\"wp-image-1291932 lazyload\" title=\"Cosa ci faceva Peter Thiel in Italia? Affari e ombre dell\u2019illuminista oscuro\" data-src=\"https:\/\/www.lettera43.it\/wp-content\/uploads\/2026\/03\/Cosa-ci-faceva-Peter-Thiel-in-Italia-Affari-e-ombre-dellilluminista-oscuro-8.jpg\" loading=\"lazy\" data-has-syndication-rights=\"1\" data-licensor-name=\"Lettera43\" srcset=\"https:\/\/www.lettera43.it\/wp-content\/uploads\/2026\/03\/Cosa-ci-faceva-Peter-Thiel-in-Italia-Affari-e-ombre-dellilluminista-oscuro-8.jpg 1200w, https:\/\/www.lettera43.it\/wp-content\/uploads\/2026\/03\/Cosa-ci-faceva-Peter-Thiel-in-Italia-Affari-e-ombre-dellilluminista-oscuro-8-800x533.jpg 800w, https:\/\/www.lettera43.it\/wp-content\/uploads\/2026\/03\/Cosa-ci-faceva-Peter-Thiel-in-Italia-Affari-e-ombre-dellilluminista-oscuro-8-390x260.jpg 390w\" sizes=\"auto, (max-width: 1200px) 100vw, 1200px\" \/><\/a><\/figure><\/div><div class=\"swiper-slide\"><figure class=\"wp-block-image size-large\"><a href=\"https:\/\/www.lettera43.it\/galleria\/1291884\/1291930\"><img data-has-syndication-rights=\"1\" data-portal-copyright=\"Lettera43\" data-licensor-name=\"Lettera43\" decoding=\"async\" width=\"1200\" height=\"800\" data-id=\"1291930\" src=\"https:\/\/www.lettera43.it\/wp-content\/uploads\/2026\/03\/Cosa-ci-faceva-Peter-Thiel-in-Italia-Affari-e-ombre-dellilluminista-oscuro-6.jpg\" alt=\"Cosa ci faceva Peter Thiel in Italia? Affari e ombre dell\u2019illuminista oscuro\" class=\"wp-image-1291930 lazyload\" title=\"Cosa ci faceva Peter Thiel in Italia? Affari e ombre dell\u2019illuminista oscuro\" data-src=\"https:\/\/www.lettera43.it\/wp-content\/uploads\/2026\/03\/Cosa-ci-faceva-Peter-Thiel-in-Italia-Affari-e-ombre-dellilluminista-oscuro-6.jpg\" loading=\"lazy\" data-has-syndication-rights=\"1\" data-licensor-name=\"Lettera43\" srcset=\"https:\/\/www.lettera43.it\/wp-content\/uploads\/2026\/03\/Cosa-ci-faceva-Peter-Thiel-in-Italia-Affari-e-ombre-dellilluminista-oscuro-6.jpg 1200w, https:\/\/www.lettera43.it\/wp-content\/uploads\/2026\/03\/Cosa-ci-faceva-Peter-Thiel-in-Italia-Affari-e-ombre-dellilluminista-oscuro-6-800x533.jpg 800w, https:\/\/www.lettera43.it\/wp-content\/uploads\/2026\/03\/Cosa-ci-faceva-Peter-Thiel-in-Italia-Affari-e-ombre-dellilluminista-oscuro-6-390x260.jpg 390w\" sizes=\"auto, (max-width: 1200px) 100vw, 1200px\" \/><\/a><\/figure><\/div><div class=\"swiper-slide\"><figure class=\"wp-block-image size-large\"><a href=\"https:\/\/www.lettera43.it\/galleria\/1291884\/1242630\"><img data-has-syndication-rights=\"1\" data-portal-copyright=\"Lettera43\" data-licensor-name=\"Lettera43\" decoding=\"async\" width=\"1024\" height=\"840\" data-id=\"1242630\" src=\"https:\/\/www.lettera43.it\/wp-content\/uploads\/2025\/09\/Peter-Thiel-lultimo-santone-che-usa-lAnticristo-per-il-suo-capitalismo-tecnologico-3-1024x840.jpg\" alt=\"Cosa ci faceva Peter Thiel in Italia? Affari e ombre dell\u2019illuminista oscuro\" class=\"wp-image-1242630 lazyload\" title=\"Cosa ci faceva Peter Thiel in Italia? Affari e ombre dell\u2019illuminista oscuro\" data-src=\"https:\/\/www.lettera43.it\/wp-content\/uploads\/2025\/09\/Peter-Thiel-lultimo-santone-che-usa-lAnticristo-per-il-suo-capitalismo-tecnologico-3-1024x840.jpg\" loading=\"lazy\" data-has-syndication-rights=\"1\" data-licensor-name=\"Lettera43\" srcset=\"https:\/\/www.lettera43.it\/wp-content\/uploads\/2025\/09\/Peter-Thiel-lultimo-santone-che-usa-lAnticristo-per-il-suo-capitalismo-tecnologico-3-1024x840.jpg 1024w, https:\/\/www.lettera43.it\/wp-content\/uploads\/2025\/09\/Peter-Thiel-lultimo-santone-che-usa-lAnticristo-per-il-suo-capitalismo-tecnologico-3-800x656.jpg 800w, https:\/\/www.lettera43.it\/wp-content\/uploads\/2025\/09\/Peter-Thiel-lultimo-santone-che-usa-lAnticristo-per-il-suo-capitalismo-tecnologico-3-768x630.jpg 768w, https:\/\/www.lettera43.it\/wp-content\/uploads\/2025\/09\/Peter-Thiel-lultimo-santone-che-usa-lAnticristo-per-il-suo-capitalismo-tecnologico-3.jpg 1200w\" sizes=\"auto, (max-width: 1024px) 100vw, 1024px\" \/><\/a><\/figure><\/div><div class=\"swiper-slide\"><figure class=\"wp-block-image size-large\"><a href=\"https:\/\/www.lettera43.it\/galleria\/1291884\/1242629\"><img data-has-syndication-rights=\"1\" data-portal-copyright=\"Lettera43\" data-licensor-name=\"Lettera43\" decoding=\"async\" width=\"1024\" height=\"714\" data-id=\"1242629\" src=\"https:\/\/www.lettera43.it\/wp-content\/uploads\/2025\/09\/Peter-Thiel-lultimo-santone-che-usa-lAnticristo-per-il-suo-capitalismo-tecnologico-4-1024x714.jpg\" alt=\"Cosa ci faceva Peter Thiel in Italia? Affari e ombre dell\u2019illuminista oscuro\" class=\"wp-image-1242629 lazyload\" title=\"Cosa ci faceva Peter Thiel in Italia? Affari e ombre dell\u2019illuminista oscuro\" data-src=\"https:\/\/www.lettera43.it\/wp-content\/uploads\/2025\/09\/Peter-Thiel-lultimo-santone-che-usa-lAnticristo-per-il-suo-capitalismo-tecnologico-4-1024x714.jpg\" loading=\"lazy\" data-has-syndication-rights=\"1\" data-licensor-name=\"Lettera43\" srcset=\"https:\/\/www.lettera43.it\/wp-content\/uploads\/2025\/09\/Peter-Thiel-lultimo-santone-che-usa-lAnticristo-per-il-suo-capitalismo-tecnologico-4-1024x714.jpg 1024w, https:\/\/www.lettera43.it\/wp-content\/uploads\/2025\/09\/Peter-Thiel-lultimo-santone-che-usa-lAnticristo-per-il-suo-capitalismo-tecnologico-4-800x558.jpg 800w, https:\/\/www.lettera43.it\/wp-content\/uploads\/2025\/09\/Peter-Thiel-lultimo-santone-che-usa-lAnticristo-per-il-suo-capitalismo-tecnologico-4-768x536.jpg 768w, https:\/\/www.lettera43.it\/wp-content\/uploads\/2025\/09\/Peter-Thiel-lultimo-santone-che-usa-lAnticristo-per-il-suo-capitalismo-tecnologico-4.jpg 1200w\" sizes=\"auto, (max-width: 1024px) 100vw, 1024px\" \/><\/a><\/figure><\/div><div class=\"swiper-slide\"><figure class=\"wp-block-image size-large\"><a href=\"https:\/\/www.lettera43.it\/galleria\/1291884\/1242628\"><img data-has-syndication-rights=\"1\" data-portal-copyright=\"Lettera43\" data-licensor-name=\"Lettera43\" decoding=\"async\" width=\"1024\" height=\"682\" data-id=\"1242628\" src=\"https:\/\/www.lettera43.it\/wp-content\/uploads\/2025\/09\/Peter-Thiel-lultimo-santone-che-usa-lAnticristo-per-il-suo-capitalismo-tecnologico-2-1024x682.jpg\" alt=\"Cosa ci faceva Peter Thiel in Italia? Affari e ombre dell\u2019illuminista oscuro\" class=\"wp-image-1242628 lazyload\" title=\"Cosa ci faceva Peter Thiel in Italia? Affari e ombre dell\u2019illuminista oscuro\" data-src=\"https:\/\/www.lettera43.it\/wp-content\/uploads\/2025\/09\/Peter-Thiel-lultimo-santone-che-usa-lAnticristo-per-il-suo-capitalismo-tecnologico-2-1024x682.jpg\" loading=\"lazy\" data-has-syndication-rights=\"1\" data-licensor-name=\"Lettera43\" srcset=\"https:\/\/www.lettera43.it\/wp-content\/uploads\/2025\/09\/Peter-Thiel-lultimo-santone-che-usa-lAnticristo-per-il-suo-capitalismo-tecnologico-2-1024x682.jpg 1024w, https:\/\/www.lettera43.it\/wp-content\/uploads\/2025\/09\/Peter-Thiel-lultimo-santone-che-usa-lAnticristo-per-il-suo-capitalismo-tecnologico-2-800x533.jpg 800w, https:\/\/www.lettera43.it\/wp-content\/uploads\/2025\/09\/Peter-Thiel-lultimo-santone-che-usa-lAnticristo-per-il-suo-capitalismo-tecnologico-2-768x512.jpg 768w, https:\/\/www.lettera43.it\/wp-content\/uploads\/2025\/09\/Peter-Thiel-lultimo-santone-che-usa-lAnticristo-per-il-suo-capitalismo-tecnologico-2.jpg 1200w\" sizes=\"auto, (max-width: 1024px) 100vw, 1024px\" \/><\/a><\/figure><\/div><div class=\"swiper-slide\"><figure class=\"wp-block-image size-large\"><a href=\"https:\/\/www.lettera43.it\/galleria\/1291884\/1242627\"><img data-has-syndication-rights=\"1\" data-portal-copyright=\"Lettera43\" data-licensor-name=\"Lettera43\" decoding=\"async\" width=\"1024\" height=\"842\" data-id=\"1242627\" src=\"https:\/\/www.lettera43.it\/wp-content\/uploads\/2025\/09\/Peter-Thiel-lultimo-santone-che-usa-lAnticristo-per-il-suo-capitalismo-tecnologico-1-1024x842.jpg\" alt=\"Cosa ci faceva Peter Thiel in Italia? Affari e ombre dell\u2019illuminista oscuro\" class=\"wp-image-1242627 lazyload\" title=\"Cosa ci faceva Peter Thiel in Italia? Affari e ombre dell\u2019illuminista oscuro\" data-src=\"https:\/\/www.lettera43.it\/wp-content\/uploads\/2025\/09\/Peter-Thiel-lultimo-santone-che-usa-lAnticristo-per-il-suo-capitalismo-tecnologico-1-1024x842.jpg\" loading=\"lazy\" data-has-syndication-rights=\"1\" data-licensor-name=\"Lettera43\" srcset=\"https:\/\/www.lettera43.it\/wp-content\/uploads\/2025\/09\/Peter-Thiel-lultimo-santone-che-usa-lAnticristo-per-il-suo-capitalismo-tecnologico-1-1024x842.jpg 1024w, https:\/\/www.lettera43.it\/wp-content\/uploads\/2025\/09\/Peter-Thiel-lultimo-santone-che-usa-lAnticristo-per-il-suo-capitalismo-tecnologico-1-800x658.jpg 800w, https:\/\/www.lettera43.it\/wp-content\/uploads\/2025\/09\/Peter-Thiel-lultimo-santone-che-usa-lAnticristo-per-il-suo-capitalismo-tecnologico-1-768x631.jpg 768w, https:\/\/www.lettera43.it\/wp-content\/uploads\/2025\/09\/Peter-Thiel-lultimo-santone-che-usa-lAnticristo-per-il-suo-capitalismo-tecnologico-1.jpg 1200w\" sizes=\"auto, (max-width: 1024px) 100vw, 1024px\" \/><\/a><\/figure><\/div><div class=\"swiper-slide\"><figure class=\"wp-block-image size-large\"><a href=\"https:\/\/www.lettera43.it\/galleria\/1291884\/1135403\"><img data-has-syndication-rights=\"1\" data-portal-copyright=\"Lettera43\" data-licensor-name=\"Lettera43\" decoding=\"async\" width=\"1024\" height=\"683\" data-id=\"1135403\" src=\"https:\/\/www.lettera43.it\/wp-content\/uploads\/2024\/08\/Come-nato-lasse-Trump-Musk-tra-guerre-anti-woke-complottismi-e-interessi-comuni-2.jpg\" alt=\"Cosa ci faceva Peter Thiel in Italia? Affari e ombre dell\u2019illuminista oscuro\" class=\"wp-image-1135403 lazyload\" title=\"Cosa ci faceva Peter Thiel in Italia? Affari e ombre dell\u2019illuminista oscuro\" data-src=\"https:\/\/www.lettera43.it\/wp-content\/uploads\/2024\/08\/Come-nato-lasse-Trump-Musk-tra-guerre-anti-woke-complottismi-e-interessi-comuni-2.jpg\" loading=\"lazy\" data-has-syndication-rights=\"1\" data-licensor-name=\"Lettera43\" srcset=\"https:\/\/www.lettera43.it\/wp-content\/uploads\/2024\/08\/Come-nato-lasse-Trump-Musk-tra-guerre-anti-woke-complottismi-e-interessi-comuni-2.jpg 1024w, https:\/\/www.lettera43.it\/wp-content\/uploads\/2024\/08\/Come-nato-lasse-Trump-Musk-tra-guerre-anti-woke-complottismi-e-interessi-comuni-2-300x200.jpg 300w, https:\/\/www.lettera43.it\/wp-content\/uploads\/2024\/08\/Come-nato-lasse-Trump-Musk-tra-guerre-anti-woke-complottismi-e-interessi-comuni-2-768x512.jpg 768w\" sizes=\"auto, (max-width: 1024px) 100vw, 1024px\" \/><\/a><\/figure><\/div><div class=\"swiper-slide\"><figure class=\"wp-block-image size-large\"><a href=\"https:\/\/www.lettera43.it\/galleria\/1291884\/1127716\"><img data-has-syndication-rights=\"1\" data-portal-copyright=\"Lettera43\" data-licensor-name=\"Lettera43\" decoding=\"async\" width=\"1024\" height=\"683\" data-id=\"1127716\" src=\"https:\/\/www.lettera43.it\/wp-content\/uploads\/2024\/07\/Perche-la-Silicon-Valley-si-e-schierata-con-Trump-4.jpg\" alt=\"Cosa ci faceva Peter Thiel in Italia? Affari e ombre dell\u2019illuminista oscuro\" class=\"wp-image-1127716 lazyload\" title=\"Cosa ci faceva Peter Thiel in Italia? Affari e ombre dell\u2019illuminista oscuro\" data-src=\"https:\/\/www.lettera43.it\/wp-content\/uploads\/2024\/07\/Perche-la-Silicon-Valley-si-e-schierata-con-Trump-4.jpg\" loading=\"lazy\" data-has-syndication-rights=\"1\" data-licensor-name=\"Lettera43\" srcset=\"https:\/\/www.lettera43.it\/wp-content\/uploads\/2024\/07\/Perche-la-Silicon-Valley-si-e-schierata-con-Trump-4.jpg 1024w, https:\/\/www.lettera43.it\/wp-content\/uploads\/2024\/07\/Perche-la-Silicon-Valley-si-e-schierata-con-Trump-4-300x200.jpg 300w, https:\/\/www.lettera43.it\/wp-content\/uploads\/2024\/07\/Perche-la-Silicon-Valley-si-e-schierata-con-Trump-4-768x512.jpg 768w\" sizes=\"auto, (max-width: 1024px) 100vw, 1024px\" \/><\/a><\/figure><div class=\"swiper-lazy-preloader\"><\/div><\/div><\/div><div class=\"swiper-pagination\"><\/div><div class=\"swiper-button-next\"><\/div><div class=\"swiper-button-prev\"><\/div><\/div>\n\n\n<h2 class=\"wp-block-heading\">Chi ha partecipato agli incontri a Roma<\/h2>\n\n\n\n<p>Su Peter Thiel grava questa comica nomea di &#8220;<strong>illuminista oscuro<\/strong>&#8221; perch\u00e9, come nel film di <strong>Christopher Nolan<\/strong> uscito nel 2008, il tycoon si presenta come un cavaliere attanagliato da un dilemma morale: fino a che punto pu\u00f2 spingersi per combattere il male senza diventare lui stesso un mostro? Scrive Andrea Venanzoni, giurista ed esperto di tecnologie, che Peter \u00e8 stato accolto a Roma \u00abda un mix di intellettuali conservatori, imprenditori, analisti politici e figure legate al mondo <strong>cattolico<\/strong> internazionale tra cui, oltre a lui stesso, il giornalista <strong>Daniele Capezzone<\/strong>, il finanziere <strong>Guido Maria Brera<\/strong>, lo storico <strong>Giovanni Orsina<\/strong>, l&#8217;economista <strong>Alberto Mingardi<\/strong>, il diplomatico <strong>Antonio Zanardi Landi<\/strong>\u00bb.<\/p>\n\n\n<div class=\"swiper-container\"><div class=\"swiper-wrapper\"><div class=\"swiper-slide\"><figure class=\"wp-block-image size-large\"><a href=\"https:\/\/www.lettera43.it\/galleria\/1291884\/1291928\"><img data-has-syndication-rights=\"1\" data-portal-copyright=\"Lettera43\" data-licensor-name=\"Lettera43\" decoding=\"async\" width=\"1200\" height=\"800\" data-id=\"1291928\" src=\"https:\/\/www.lettera43.it\/wp-content\/uploads\/2026\/03\/Cosa-ci-faceva-Peter-Thiel-in-Italia-Affari-e-ombre-dellilluminista-oscuro-4.jpg\" alt=\"Cosa ci faceva Peter Thiel in Italia? Affari e ombre dell\u2019illuminista oscuro\" class=\"wp-image-1291928 lazyload\" title=\"Cosa ci faceva Peter Thiel in Italia? Affari e ombre dell\u2019illuminista oscuro\" data-src=\"https:\/\/www.lettera43.it\/wp-content\/uploads\/2026\/03\/Cosa-ci-faceva-Peter-Thiel-in-Italia-Affari-e-ombre-dellilluminista-oscuro-4.jpg\" loading=\"lazy\" data-has-syndication-rights=\"1\" data-licensor-name=\"Lettera43\" srcset=\"https:\/\/www.lettera43.it\/wp-content\/uploads\/2026\/03\/Cosa-ci-faceva-Peter-Thiel-in-Italia-Affari-e-ombre-dellilluminista-oscuro-4.jpg 1200w, https:\/\/www.lettera43.it\/wp-content\/uploads\/2026\/03\/Cosa-ci-faceva-Peter-Thiel-in-Italia-Affari-e-ombre-dellilluminista-oscuro-4-800x533.jpg 800w, https:\/\/www.lettera43.it\/wp-content\/uploads\/2026\/03\/Cosa-ci-faceva-Peter-Thiel-in-Italia-Affari-e-ombre-dellilluminista-oscuro-4-390x260.jpg 390w\" sizes=\"auto, (max-width: 1200px) 100vw, 1200px\" \/><\/a><\/figure><\/div><div class=\"swiper-slide\"><figure class=\"wp-block-image size-large\"><a href=\"https:\/\/www.lettera43.it\/galleria\/1291884\/1291934\"><img data-has-syndication-rights=\"1\" data-portal-copyright=\"Lettera43\" data-licensor-name=\"Lettera43\" decoding=\"async\" width=\"1200\" height=\"800\" data-id=\"1291934\" src=\"https:\/\/www.lettera43.it\/wp-content\/uploads\/2026\/03\/Cosa-ci-faceva-Peter-Thiel-in-Italia-Affari-e-ombre-dellilluminista-oscuro-10.jpg\" alt=\"Cosa ci faceva Peter Thiel in Italia? Affari e ombre dell\u2019illuminista oscuro\" class=\"wp-image-1291934 lazyload\" title=\"Cosa ci faceva Peter Thiel in Italia? Affari e ombre dell\u2019illuminista oscuro\" data-src=\"https:\/\/www.lettera43.it\/wp-content\/uploads\/2026\/03\/Cosa-ci-faceva-Peter-Thiel-in-Italia-Affari-e-ombre-dellilluminista-oscuro-10.jpg\" loading=\"lazy\" data-has-syndication-rights=\"1\" data-licensor-name=\"Lettera43\" srcset=\"https:\/\/www.lettera43.it\/wp-content\/uploads\/2026\/03\/Cosa-ci-faceva-Peter-Thiel-in-Italia-Affari-e-ombre-dellilluminista-oscuro-10.jpg 1200w, https:\/\/www.lettera43.it\/wp-content\/uploads\/2026\/03\/Cosa-ci-faceva-Peter-Thiel-in-Italia-Affari-e-ombre-dellilluminista-oscuro-10-800x533.jpg 800w, https:\/\/www.lettera43.it\/wp-content\/uploads\/2026\/03\/Cosa-ci-faceva-Peter-Thiel-in-Italia-Affari-e-ombre-dellilluminista-oscuro-10-390x260.jpg 390w\" sizes=\"auto, (max-width: 1200px) 100vw, 1200px\" \/><\/a><\/figure><\/div><div class=\"swiper-slide\"><figure class=\"wp-block-image size-large\"><a href=\"https:\/\/www.lettera43.it\/galleria\/1291884\/1291929\"><img data-has-syndication-rights=\"1\" data-portal-copyright=\"Lettera43\" data-licensor-name=\"Lettera43\" decoding=\"async\" width=\"1200\" height=\"800\" data-id=\"1291929\" src=\"https:\/\/www.lettera43.it\/wp-content\/uploads\/2026\/03\/Cosa-ci-faceva-Peter-Thiel-in-Italia-Affari-e-ombre-dellilluminista-oscuro-5.jpg\" alt=\"Cosa ci faceva Peter Thiel in Italia? Affari e ombre dell\u2019illuminista oscuro\" class=\"wp-image-1291929 lazyload\" title=\"Cosa ci faceva Peter Thiel in Italia? Affari e ombre dell\u2019illuminista oscuro\" data-src=\"https:\/\/www.lettera43.it\/wp-content\/uploads\/2026\/03\/Cosa-ci-faceva-Peter-Thiel-in-Italia-Affari-e-ombre-dellilluminista-oscuro-5.jpg\" loading=\"lazy\" data-has-syndication-rights=\"1\" data-licensor-name=\"Lettera43\" srcset=\"https:\/\/www.lettera43.it\/wp-content\/uploads\/2026\/03\/Cosa-ci-faceva-Peter-Thiel-in-Italia-Affari-e-ombre-dellilluminista-oscuro-5.jpg 1200w, https:\/\/www.lettera43.it\/wp-content\/uploads\/2026\/03\/Cosa-ci-faceva-Peter-Thiel-in-Italia-Affari-e-ombre-dellilluminista-oscuro-5-800x533.jpg 800w, https:\/\/www.lettera43.it\/wp-content\/uploads\/2026\/03\/Cosa-ci-faceva-Peter-Thiel-in-Italia-Affari-e-ombre-dellilluminista-oscuro-5-390x260.jpg 390w\" sizes=\"auto, (max-width: 1200px) 100vw, 1200px\" \/><\/a><\/figure><\/div><div class=\"swiper-slide\"><figure class=\"wp-block-image size-large\"><a href=\"https:\/\/www.lettera43.it\/galleria\/1291884\/1291925\"><img data-has-syndication-rights=\"1\" data-portal-copyright=\"Lettera43\" data-licensor-name=\"Lettera43\" decoding=\"async\" width=\"1200\" height=\"800\" data-id=\"1291925\" src=\"https:\/\/www.lettera43.it\/wp-content\/uploads\/2026\/03\/Cosa-ci-faceva-Peter-Thiel-in-Italia-Affari-e-ombre-dellilluminista-oscuro-1.jpg\" alt=\"Cosa ci faceva Peter Thiel in Italia? Affari e ombre dell\u2019illuminista oscuro\" class=\"wp-image-1291925 lazyload\" title=\"Cosa ci faceva Peter Thiel in Italia? Affari e ombre dell\u2019illuminista oscuro\" data-src=\"https:\/\/www.lettera43.it\/wp-content\/uploads\/2026\/03\/Cosa-ci-faceva-Peter-Thiel-in-Italia-Affari-e-ombre-dellilluminista-oscuro-1.jpg\" loading=\"lazy\" data-has-syndication-rights=\"1\" data-licensor-name=\"Lettera43\" srcset=\"https:\/\/www.lettera43.it\/wp-content\/uploads\/2026\/03\/Cosa-ci-faceva-Peter-Thiel-in-Italia-Affari-e-ombre-dellilluminista-oscuro-1.jpg 1200w, https:\/\/www.lettera43.it\/wp-content\/uploads\/2026\/03\/Cosa-ci-faceva-Peter-Thiel-in-Italia-Affari-e-ombre-dellilluminista-oscuro-1-800x533.jpg 800w, https:\/\/www.lettera43.it\/wp-content\/uploads\/2026\/03\/Cosa-ci-faceva-Peter-Thiel-in-Italia-Affari-e-ombre-dellilluminista-oscuro-1-390x260.jpg 390w\" sizes=\"auto, (max-width: 1200px) 100vw, 1200px\" \/><\/a><\/figure><div class=\"swiper-lazy-preloader\"><\/div><\/div><\/div><div class=\"swiper-pagination\"><\/div><div class=\"swiper-button-next\"><\/div><div class=\"swiper-button-prev\"><\/div><\/div>\n\n\n<h2 class=\"wp-block-heading\">Il benvenuto di <em>Welcome to Favelas<\/em>, megafono di Musk e della destra<\/h2>\n\n\n\n<p>La pagina social <em><strong>Welcome to Favelas<\/strong><\/em>, che dopo aver incontrato i rappresentanti di Musk \u00e8 diventata, da oltre un anno, <a href=\"https:\/\/www.raiplay.it\/video\/2025\/12\/Chi-non-conosce-Welcome-to-favelas---Report-14122025-0f108525-640b-488e-89d5-9321849fcbed.html\"  rel=\"noreferrer noopener\">megafono della <strong>propaganda<\/strong> di <strong>destra<\/strong><\/a> (persino sul referendum sulla giustizia), ha accolto Thiel con uno striscione col Colosseo sullo sfondo, scrivendo in un post: \u00abIn occasione della visita di Peter Thiel a Roma insieme agli amici di <strong>@therightside.podcast<\/strong> abbiamo voluto omaggiarlo con uno striscione di benvenuto. Porgiamo i migliori auguri per i lavori che si terranno in questi giorni a tutti i partecipanti, auspicando che le parole di una delle menti pi\u00f9 brillanti del nostro tempo trovino terreno fertile proprio qui, nella Citt\u00e0 Eterna, sempre pi\u00f9 minacciata dai <strong>falsi pacificatori<\/strong> e dai predicatori dell&#8217;<strong>entropia<\/strong> ormai radicati nella politica e nei vecchi media\u00bb.<\/p>\n\n\n<figure class=\"wp-block-image size-full\"><a href=\"https:\/\/www.lettera43.it\/galleria\/1291884\/1291927\"><img data-has-syndication-rights=\"1\" data-portal-copyright=\"Lettera43\" data-licensor-name=\"Lettera43\" decoding=\"async\" width=\"1200\" height=\"1121\" src=\"https:\/\/www.lettera43.it\/wp-content\/uploads\/2026\/03\/Cosa-ci-faceva-Peter-Thiel-in-Italia-Affari-e-ombre-dellilluminista-oscuro-3.jpg\" alt=\"Cosa ci faceva Peter Thiel in Italia? Affari e ombre dell\u2019illuminista oscuro\" class=\"wp-image-1291927 lazyload\" title=\"Cosa ci faceva Peter Thiel in Italia? Affari e ombre dell\u2019illuminista oscuro\" data-src=\"https:\/\/www.lettera43.it\/wp-content\/uploads\/2026\/03\/Cosa-ci-faceva-Peter-Thiel-in-Italia-Affari-e-ombre-dellilluminista-oscuro-3.jpg\" loading=\"lazy\" data-has-syndication-rights=\"1\" data-licensor-name=\"Lettera43\" srcset=\"https:\/\/www.lettera43.it\/wp-content\/uploads\/2026\/03\/Cosa-ci-faceva-Peter-Thiel-in-Italia-Affari-e-ombre-dellilluminista-oscuro-3.jpg 1200w, https:\/\/www.lettera43.it\/wp-content\/uploads\/2026\/03\/Cosa-ci-faceva-Peter-Thiel-in-Italia-Affari-e-ombre-dellilluminista-oscuro-3-800x747.jpg 800w, https:\/\/www.lettera43.it\/wp-content\/uploads\/2026\/03\/Cosa-ci-faceva-Peter-Thiel-in-Italia-Affari-e-ombre-dellilluminista-oscuro-3-390x364.jpg 390w\" sizes=\"auto, (max-width: 1200px) 100vw, 1200px\" \/><\/a><figcaption class=\"wp-element-caption\">La foto pubblicata sul profilo Instagram di Welcome to Favelas con il benvenuto a Roma al magate fondatore di Palantir, Peter Thiel (foto Ansa).<\/figcaption><\/figure>\n\n\n<h2 class=\"wp-block-heading\">Le teorie sull&#8217;Anticristo e la paura dell&#8217;Armageddon<\/h2>\n\n\n\n<p>Il cavaliere oscuro voleva andare all&#8217;<strong>Angelicum<\/strong> o alla <strong>Pontificia Universit\u00e0 Gregoriana<\/strong> a raccontare la sua teoria sull&#8217;<strong>Anticristo<\/strong> che, secondo lui, \u00abtorner\u00e0 sfruttando la paura dell&#8217;<strong>Armageddon<\/strong> per consolidare il controllo politico e imporre un governo mondiale\u00bb, ma i preti sveglissimi di quelle prestigiose istituzioni devono aver subito &#8220;sgamato&#8221; che l&#8217;Anticristo dal quale Thiel voleva metterli in guardia era praticamente lui, e si sono affrettati a ribadire pi\u00f9 volte che loro non c&#8217;entravano nulla con quel \u00abseminario a porte chiuse\u00bb annunciato a pi\u00f9 riprese, per solleticare la curiosit\u00e0 delle mezze calze.<\/p>\n\n\n<figure class=\"wp-block-image size-full\"><a href=\"https:\/\/www.lettera43.it\/galleria\/1291884\/1291926\"><img data-has-syndication-rights=\"1\" data-portal-copyright=\"Lettera43\" data-licensor-name=\"Lettera43\" decoding=\"async\" width=\"1024\" height=\"576\" src=\"https:\/\/www.lettera43.it\/wp-content\/uploads\/2026\/03\/Cosa-ci-faceva-Peter-Thiel-in-Italia-Affari-e-ombre-dellilluminista-oscuro-2.jpg\" alt=\"Cosa ci faceva Peter Thiel in Italia? Affari e ombre dell\u2019illuminista oscuro\" class=\"wp-image-1291926 lazyload\" title=\"Cosa ci faceva Peter Thiel in Italia? Affari e ombre dell\u2019illuminista oscuro\" data-src=\"https:\/\/www.lettera43.it\/wp-content\/uploads\/2026\/03\/Cosa-ci-faceva-Peter-Thiel-in-Italia-Affari-e-ombre-dellilluminista-oscuro-2.jpg\" loading=\"lazy\" data-has-syndication-rights=\"1\" data-licensor-name=\"Lettera43\" srcset=\"https:\/\/www.lettera43.it\/wp-content\/uploads\/2026\/03\/Cosa-ci-faceva-Peter-Thiel-in-Italia-Affari-e-ombre-dellilluminista-oscuro-2.jpg 1024w, https:\/\/www.lettera43.it\/wp-content\/uploads\/2026\/03\/Cosa-ci-faceva-Peter-Thiel-in-Italia-Affari-e-ombre-dellilluminista-oscuro-2-800x450.jpg 800w, https:\/\/www.lettera43.it\/wp-content\/uploads\/2026\/03\/Cosa-ci-faceva-Peter-Thiel-in-Italia-Affari-e-ombre-dellilluminista-oscuro-2-390x219.jpg 390w\" sizes=\"auto, (max-width: 1024px) 100vw, 1024px\" \/><\/a><figcaption class=\"wp-element-caption\">Flash mob del movimento No Kings contro Peter Thiel davanti al ministero Difesa (foto Ansa).<\/figcaption><\/figure>\n\n\n<h2 class=\"wp-block-heading\">\u00c8 pi\u00f9 grottesco lui o chi gli d\u00e0 credito?<\/h2>\n\n\n\n<p>Thiel e Musk vogliono fortissimamente diventare <strong>immortali<\/strong>: uno colonizzando <strong>Marte<\/strong>, l&#8217;altro raccontando alle persone in giro per il mondo che l&#8217;<strong>Anticristo<\/strong> ha le sembianze di <strong>Greta Thunberg<\/strong>. Non si sa cosa sia pi\u00f9 grottesco: se lui o quelli che gli danno credito. Thiel vuole &#8220;bombardare&#8221; questa modernit\u00e0 decadente, la <strong>guerra<\/strong> \u00e8 tornata a essere l&#8217;igiene dei popoli e \u00abil bellissimo azzardo che risveglia dal sonno del declino\u00bb.<\/p>\n\n\n<figure class=\"wp-block-image size-large\"><a href=\"https:\/\/www.lettera43.it\/galleria\/1291884\/1246901\"><img data-has-syndication-rights=\"1\" data-portal-copyright=\"Lettera43\" data-licensor-name=\"Lettera43\" decoding=\"async\" width=\"1024\" height=\"684\" src=\"https:\/\/www.lettera43.it\/wp-content\/uploads\/2025\/09\/tagfin_20250917175250592_2cd29fb7c1e2bb85039799a18f49fbbf-1024x684.jpg\" alt=\"Cosa ci faceva Peter Thiel in Italia? Affari e ombre dell\u2019illuminista oscuro\" class=\"wp-image-1246901 lazyload\" title=\"Cosa ci faceva Peter Thiel in Italia? Affari e ombre dell\u2019illuminista oscuro\" data-src=\"https:\/\/www.lettera43.it\/wp-content\/uploads\/2025\/09\/tagfin_20250917175250592_2cd29fb7c1e2bb85039799a18f49fbbf-1024x684.jpg\" loading=\"lazy\" data-has-syndication-rights=\"1\" data-licensor-name=\"Lettera43\" srcset=\"https:\/\/www.lettera43.it\/wp-content\/uploads\/2025\/09\/tagfin_20250917175250592_2cd29fb7c1e2bb85039799a18f49fbbf-1024x684.jpg 1024w, https:\/\/www.lettera43.it\/wp-content\/uploads\/2025\/09\/tagfin_20250917175250592_2cd29fb7c1e2bb85039799a18f49fbbf-800x534.jpg 800w, https:\/\/www.lettera43.it\/wp-content\/uploads\/2025\/09\/tagfin_20250917175250592_2cd29fb7c1e2bb85039799a18f49fbbf-768x513.jpg 768w, https:\/\/www.lettera43.it\/wp-content\/uploads\/2025\/09\/tagfin_20250917175250592_2cd29fb7c1e2bb85039799a18f49fbbf-scaled.jpg 1200w\" sizes=\"auto, (max-width: 1024px) 100vw, 1024px\" \/><\/a><figcaption class=\"wp-element-caption\">Greta Thunberg (Ansa).<\/figcaption><\/figure>\n\n\n<p>L&#8217;<strong>ecologia<\/strong>, la <strong>Sharia<\/strong> e lo<strong> Stato comunista totalitario<\/strong> sono le <strong>ideologie<\/strong> da abbattere, dice quest&#8217;uomo che si present\u00f2 alla convention repubblicana del 2016 per appoggiare <strong>Donald Trump<\/strong> dicendo di essere \u00aborgogliosamente <strong>gay<\/strong>, americano e innovatore\u00bb.<\/p>\n\n\n<figure class=\"wp-block-image size-full\"><a href=\"https:\/\/www.lettera43.it\/galleria\/1291884\/1291931\"><img data-has-syndication-rights=\"1\" data-portal-copyright=\"Lettera43\" data-licensor-name=\"Lettera43\" decoding=\"async\" width=\"1200\" height=\"801\" src=\"https:\/\/www.lettera43.it\/wp-content\/uploads\/2026\/03\/Cosa-ci-faceva-Peter-Thiel-in-Italia-Affari-e-ombre-dellilluminista-oscuro-7.jpg\" alt=\"Cosa ci faceva Peter Thiel in Italia? Affari e ombre dell\u2019illuminista oscuro\" class=\"wp-image-1291931 lazyload\" title=\"Cosa ci faceva Peter Thiel in Italia? Affari e ombre dell\u2019illuminista oscuro\" data-src=\"https:\/\/www.lettera43.it\/wp-content\/uploads\/2026\/03\/Cosa-ci-faceva-Peter-Thiel-in-Italia-Affari-e-ombre-dellilluminista-oscuro-7.jpg\" loading=\"lazy\" data-has-syndication-rights=\"1\" data-licensor-name=\"Lettera43\" srcset=\"https:\/\/www.lettera43.it\/wp-content\/uploads\/2026\/03\/Cosa-ci-faceva-Peter-Thiel-in-Italia-Affari-e-ombre-dellilluminista-oscuro-7.jpg 1200w, https:\/\/www.lettera43.it\/wp-content\/uploads\/2026\/03\/Cosa-ci-faceva-Peter-Thiel-in-Italia-Affari-e-ombre-dellilluminista-oscuro-7-800x534.jpg 800w, https:\/\/www.lettera43.it\/wp-content\/uploads\/2026\/03\/Cosa-ci-faceva-Peter-Thiel-in-Italia-Affari-e-ombre-dellilluminista-oscuro-7-390x260.jpg 390w\" sizes=\"auto, (max-width: 1200px) 100vw, 1200px\" \/><\/a><figcaption class=\"wp-element-caption\">Peter Thiel alla convention repubblicana nel 2016 (foto Ansa).<\/figcaption><\/figure>\n\n\n<h2 class=\"wp-block-heading\">Il patriarca che doveva dare una svolta neo-reazionaria alla Silicon Valley<\/h2>\n\n\n\n<p>La sua biografia dice che \u00e8 nato a <strong>Francoforte<\/strong>, ma si \u00e8 trasferito bambino negli <strong>Stati Uniti<\/strong>, passando per\u00f2 alcuni anni \u00abmolto formativi\u00bb in una colonia tedesca della <strong>Namibia<\/strong>, in <strong>Africa<\/strong>, nota per accogliere chi non si rassegn\u00f2 mai a rinnegare gli ideali <strong>nazisti<\/strong>. Quando, a fine Anni 90, fond\u00f2 PayPal con Musk, <strong>Roelof Botha<\/strong> e <strong>David Sacks<\/strong> (tutti sudafricani) divenne subito, tra i tre, il patriarca ideologico incaricato di imprimere una svolta neo-reazionaria alla <strong>Silicon Valley<\/strong>, dove si costruisce il futuro tecnologico dell&#8217;umanit\u00e0.<\/p>\n\n\n<figure class=\"wp-block-image size-full\"><a href=\"https:\/\/www.lettera43.it\/galleria\/1291884\/1242632\"><img data-has-syndication-rights=\"1\" data-portal-copyright=\"Lettera43\" data-licensor-name=\"Lettera43\" decoding=\"async\" width=\"926\" height=\"820\" src=\"https:\/\/www.lettera43.it\/wp-content\/uploads\/2025\/09\/Peter-Thiel-lultimo-santone-che-usa-lAnticristo-per-il-suo-capitalismo-tecnologico-6.jpg\" alt=\"Cosa ci faceva Peter Thiel in Italia? Affari e ombre dell\u2019illuminista oscuro\" class=\"wp-image-1242632 lazyload\" title=\"Cosa ci faceva Peter Thiel in Italia? Affari e ombre dell\u2019illuminista oscuro\" data-src=\"https:\/\/www.lettera43.it\/wp-content\/uploads\/2025\/09\/Peter-Thiel-lultimo-santone-che-usa-lAnticristo-per-il-suo-capitalismo-tecnologico-6.jpg\" loading=\"lazy\" data-has-syndication-rights=\"1\" data-licensor-name=\"Lettera43\" srcset=\"https:\/\/www.lettera43.it\/wp-content\/uploads\/2025\/09\/Peter-Thiel-lultimo-santone-che-usa-lAnticristo-per-il-suo-capitalismo-tecnologico-6.jpg 926w, https:\/\/www.lettera43.it\/wp-content\/uploads\/2025\/09\/Peter-Thiel-lultimo-santone-che-usa-lAnticristo-per-il-suo-capitalismo-tecnologico-6-800x708.jpg 800w, https:\/\/www.lettera43.it\/wp-content\/uploads\/2025\/09\/Peter-Thiel-lultimo-santone-che-usa-lAnticristo-per-il-suo-capitalismo-tecnologico-6-768x680.jpg 768w\" sizes=\"auto, (max-width: 926px) 100vw, 926px\" \/><\/a><figcaption class=\"wp-element-caption\">La biografia di Ren\u00e9 Girard.<\/figcaption><\/figure>\n\n\n<p>Avendo studiato a <strong>Stanford<\/strong>, pare che abbia avuto tra i suoi maestri <strong>Ren\u00e9 Girard<\/strong>, il filosofo e critico letterario francese del celebre <em>Il capro espiatorio<\/em> (1982). E provocano ilarit\u00e0 in un certo mondo accademico coloro che, oggi in Italia, lo assecondano disquisendo dottamente di teoria mimetica e analisi dei miti; meno male che <strong>Edoardo Camurri<\/strong>, in una delle sue interviste che vanno in onda la domenica su <strong>Rai Radio 3<\/strong>, ha interrogato direttamente Girard domandandogli: \u00ab\u00c8 vero che Peter Thiel \u00e8 stato suo allievo?\u00bb. Ottenendo dal grand&#8217;uomo questa risposta: \u00abCosa vuole, non ricordo, i miei studenti erano cos\u00ec numerosi\u00bb.<\/p>\n","protected":false},"excerpt":{"rendered":"<p>L&#8217;Anticristo, la guerra come igiene dei popoli, l&#8217;incontro con intellettuali conservatori, imprenditori e analisti politici: dietro lo sbarco a Roma dell&#8217;ex socio di Musk ci sono ragioni economiche. Ma anche di propaganda.<\/p>\n","protected":false},"author":754,"featured_media":0,"comment_status":"closed","ping_status":"closed","sticky":false,"template":"","format":"standard","meta":{"om_disable_all_campaigns":false,"_monsterinsights_skip_tracking":false,"_monsterinsights_sitenote_active":false,"_monsterinsights_sitenote_note":"","_monsterinsights_sitenote_category":0,"footnotes":""},"categories":[20],"tags":[],"class_list":["post-826233","post","type-post","status-publish","format-standard","hentry","category-esteri"],"aioseo_notices":[],"_links":{"self":[{"href":"https:\/\/nugnes.com\/index.php?rest_route=\/wp\/v2\/posts\/826233","targetHints":{"allow":["GET"]}}],"collection":[{"href":"https:\/\/nugnes.com\/index.php?rest_route=\/wp\/v2\/posts"}],"about":[{"href":"https:\/\/nugnes.com\/index.php?rest_route=\/wp\/v2\/types\/post"}],"author":[{"embeddable":true,"href":"https:\/\/nugnes.com\/index.php?rest_route=\/wp\/v2\/users\/754"}],"replies":[{"embeddable":true,"href":"https:\/\/nugnes.com\/index.php?rest_route=%2Fwp%2Fv2%2Fcomments&post=826233"}],"version-history":[{"count":1,"href":"https:\/\/nugnes.com\/index.php?rest_route=\/wp\/v2\/posts\/826233\/revisions"}],"predecessor-version":[{"id":826234,"href":"https:\/\/nugnes.com\/index.php?rest_route=\/wp\/v2\/posts\/826233\/revisions\/826234"}],"wp:attachment":[{"href":"https:\/\/nugnes.com\/index.php?rest_route=%2Fwp%2Fv2%2Fmedia&parent=826233"}],"wp:term":[{"taxonomy":"category","embeddable":true,"href":"https:\/\/nugnes.com\/index.php?rest_route=%2Fwp%2Fv2%2Fcategories&post=826233"},{"taxonomy":"post_tag","embeddable":true,"href":"https:\/\/nugnes.com\/index.php?rest_route=%2Fwp%2Fv2%2Ftags&post=826233"}],"curies":[{"name":"wp","href":"https:\/\/api.w.org\/{rel}","templated":true}]}}