{"id":827805,"date":"2026-04-17T07:29:54","date_gmt":"2026-04-17T07:29:54","guid":{"rendered":"https:\/\/www.lettera43.it\/?p=1297160"},"modified":"2026-04-17T07:29:54","modified_gmt":"2026-04-17T07:29:54","slug":"salvini-porta-la-lega-in-piazza-duomo-tra-pullman-trattori-e-sospetti","status":"publish","type":"post","link":"https:\/\/nugnes.com\/?p=827805","title":{"rendered":"Salvini porta la Lega in piazza Duomo tra pullman, trattori e sospetti"},"content":{"rendered":"\n<p>Una manifestazione per chiedere \u00ab<strong>pace e sicurezza<\/strong>\u00bb e dare la <strong>sveglia all\u2019Europa<\/strong> affinch\u00e9 permetta ai singoli Stati di agire con <strong>sostegni economici <\/strong>per imprese e famiglie prima che sia troppo tardi. La <strong>Lega<\/strong> scende in piazza per la prima grande <strong>manifestazione<\/strong> da quando \u00e8 al governo. <\/p>\n\n\n<figure class=\"wp-block-image size-full\"><a href=\"https:\/\/www.lettera43.it\/galleria\/1297160\/1297027\"><img data-has-syndication-rights=\"1\" data-portal-copyright=\"Lettera43\" data-licensor-name=\"Lettera43\" decoding=\"async\" width=\"1200\" height=\"800\" src=\"https:\/\/www.lettera43.it\/wp-content\/uploads\/2026\/04\/SALVINIr.jpg\" alt=\"Salvini porta la Lega in piazza Duomo tra pullman, trattori e sospetti\" class=\"wp-image-1297027 lazyload\" title=\"Salvini porta la Lega in piazza Duomo tra pullman, trattori e sospetti\" data-src=\"https:\/\/www.lettera43.it\/wp-content\/uploads\/2026\/04\/SALVINIr.jpg\" loading=\"lazy\" data-has-syndication-rights=\"1\" data-licensor-name=\"Lettera43\" srcset=\"https:\/\/www.lettera43.it\/wp-content\/uploads\/2026\/04\/SALVINIr.jpg 1200w, https:\/\/www.lettera43.it\/wp-content\/uploads\/2026\/04\/SALVINIr-800x533.jpg 800w, https:\/\/www.lettera43.it\/wp-content\/uploads\/2026\/04\/SALVINIr-390x260.jpg 390w\" sizes=\"auto, (max-width: 1200px) 100vw, 1200px\" \/><\/a><figcaption class=\"wp-element-caption\">Matteo Salvini a un gazebo della Lega (Imagoeconomica).<\/figcaption><\/figure>\n\n\n<h2 class=\"wp-block-heading\">A Milano tornano anche i trattori<\/h2>\n\n\n\n<p>Il partito di <strong>Matteo Salvini<\/strong> rincorre l\u2019eco del passato. In <strong>piazza Duomo<\/strong> a Milano con i <strong>Patrioti europei<\/strong>, &#8220;<strong>Senza paura<\/strong>&#8221; cerca di replicare le grandi manifestazioni degli anni scorsi, come quella del 2014, &#8220;Stop invasione\u201d, sempre nel capoluogo lombardo, contro il governo Renzi, l\u2019operazione Mare nostrum e l\u2019immigrazione irregolare. Oppure quella del febbraio 2015 a Roma, sempre contro Renzi, per la prima volta insieme con CasaPound. O ancora l\u20198 dicembre del 2018, \u201cL\u2019Italia rialza la testa\u201d, nella Capitale, per celebrare i successi del governo con i 5 stelle. E la pi\u00f9 nota, quella della chiusura della campagna elettorale delle Europee del 2019, con il <strong>giuramento di Salvini<\/strong> sul <strong>Vangelo<\/strong> davanti a un&#8217;affollata piazza Duomo milanese. Il tragitto \u00e8 sempre lo stesso: si parte da piazza Oberdan alle porte dell\u2019area C e si arriva sotto la Madonnina. Tornano persino i <strong>trattori<\/strong> (20 ne ha annunciati Salvini) con gli<strong> agricoltori<\/strong>, azzoppati dal <strong>caro energia<\/strong>, ad aprire e chiudere il corteo.<\/p>\n\n\n<div class=\"swiper-container\"><div class=\"swiper-wrapper\"><div class=\"swiper-slide\"><figure class=\"wp-block-image size-large\"><a href=\"https:\/\/www.lettera43.it\/galleria\/1297160\/1297180\"><img data-has-syndication-rights=\"1\" data-portal-copyright=\"Lettera43\" data-licensor-name=\"Lettera43\" decoding=\"async\" width=\"1200\" height=\"823\" data-id=\"1297180\" src=\"https:\/\/www.lettera43.it\/wp-content\/uploads\/2026\/04\/Salvini-porta-la-Lega-in-piazza-Duomo-tra-pullman-trattori-e-sospetti-2014.jpg\" alt=\"Salvini porta la Lega in piazza Duomo tra pullman, trattori e sospetti\" class=\"wp-image-1297180 lazyload\" title=\"Salvini porta la Lega in piazza Duomo tra pullman, trattori e sospetti\" data-src=\"https:\/\/www.lettera43.it\/wp-content\/uploads\/2026\/04\/Salvini-porta-la-Lega-in-piazza-Duomo-tra-pullman-trattori-e-sospetti-2014.jpg\" loading=\"lazy\" data-has-syndication-rights=\"1\" data-licensor-name=\"Lettera43\" srcset=\"https:\/\/www.lettera43.it\/wp-content\/uploads\/2026\/04\/Salvini-porta-la-Lega-in-piazza-Duomo-tra-pullman-trattori-e-sospetti-2014.jpg 1200w, https:\/\/www.lettera43.it\/wp-content\/uploads\/2026\/04\/Salvini-porta-la-Lega-in-piazza-Duomo-tra-pullman-trattori-e-sospetti-2014-800x549.jpg 800w, https:\/\/www.lettera43.it\/wp-content\/uploads\/2026\/04\/Salvini-porta-la-Lega-in-piazza-Duomo-tra-pullman-trattori-e-sospetti-2014-390x267.jpg 390w\" sizes=\"auto, (max-width: 1200px) 100vw, 1200px\" \/><\/a><\/figure><\/div><div class=\"swiper-slide\"><figure class=\"wp-block-image size-large\"><a href=\"https:\/\/www.lettera43.it\/galleria\/1297160\/1297181\"><img data-has-syndication-rights=\"1\" data-portal-copyright=\"Lettera43\" data-licensor-name=\"Lettera43\" decoding=\"async\" width=\"1200\" height=\"800\" data-id=\"1297181\" src=\"https:\/\/www.lettera43.it\/wp-content\/uploads\/2026\/04\/Salvini-porta-la-Lega-in-piazza-Duomo-tra-pullman-trattori-e-sospetti-2018.jpg\" alt=\"Salvini porta la Lega in piazza Duomo tra pullman, trattori e sospetti\" class=\"wp-image-1297181 lazyload\" title=\"Salvini porta la Lega in piazza Duomo tra pullman, trattori e sospetti\" data-src=\"https:\/\/www.lettera43.it\/wp-content\/uploads\/2026\/04\/Salvini-porta-la-Lega-in-piazza-Duomo-tra-pullman-trattori-e-sospetti-2018.jpg\" loading=\"lazy\" data-has-syndication-rights=\"1\" data-licensor-name=\"Lettera43\" srcset=\"https:\/\/www.lettera43.it\/wp-content\/uploads\/2026\/04\/Salvini-porta-la-Lega-in-piazza-Duomo-tra-pullman-trattori-e-sospetti-2018.jpg 1200w, https:\/\/www.lettera43.it\/wp-content\/uploads\/2026\/04\/Salvini-porta-la-Lega-in-piazza-Duomo-tra-pullman-trattori-e-sospetti-2018-800x533.jpg 800w, https:\/\/www.lettera43.it\/wp-content\/uploads\/2026\/04\/Salvini-porta-la-Lega-in-piazza-Duomo-tra-pullman-trattori-e-sospetti-2018-390x260.jpg 390w\" sizes=\"auto, (max-width: 1200px) 100vw, 1200px\" \/><\/a><\/figure><\/div><div class=\"swiper-slide\"><figure class=\"wp-block-image size-large\"><a href=\"https:\/\/www.lettera43.it\/galleria\/1297160\/1297183\"><img data-has-syndication-rights=\"1\" data-portal-copyright=\"Lettera43\" data-licensor-name=\"Lettera43\" decoding=\"async\" width=\"1200\" height=\"800\" data-id=\"1297183\" src=\"https:\/\/www.lettera43.it\/wp-content\/uploads\/2026\/04\/Salvini-porta-la-Lega-in-piazza-Duomo-tra-pullman-trattori-e-sospetti-salvini-day-2019.jpg\" alt=\"Salvini porta la Lega in piazza Duomo tra pullman, trattori e sospetti\" class=\"wp-image-1297183 lazyload\" title=\"Salvini porta la Lega in piazza Duomo tra pullman, trattori e sospetti\" data-src=\"https:\/\/www.lettera43.it\/wp-content\/uploads\/2026\/04\/Salvini-porta-la-Lega-in-piazza-Duomo-tra-pullman-trattori-e-sospetti-salvini-day-2019.jpg\" loading=\"lazy\" data-has-syndication-rights=\"1\" data-licensor-name=\"Lettera43\" srcset=\"https:\/\/www.lettera43.it\/wp-content\/uploads\/2026\/04\/Salvini-porta-la-Lega-in-piazza-Duomo-tra-pullman-trattori-e-sospetti-salvini-day-2019.jpg 1200w, https:\/\/www.lettera43.it\/wp-content\/uploads\/2026\/04\/Salvini-porta-la-Lega-in-piazza-Duomo-tra-pullman-trattori-e-sospetti-salvini-day-2019-800x533.jpg 800w, https:\/\/www.lettera43.it\/wp-content\/uploads\/2026\/04\/Salvini-porta-la-Lega-in-piazza-Duomo-tra-pullman-trattori-e-sospetti-salvini-day-2019-390x260.jpg 390w\" sizes=\"auto, (max-width: 1200px) 100vw, 1200px\" \/><\/a><\/figure><div class=\"swiper-lazy-preloader\"><\/div><\/div><\/div><div class=\"swiper-pagination\"><\/div><div class=\"swiper-button-next\"><\/div><div class=\"swiper-button-prev\"><\/div><\/div>\n\n\n<h2 class=\"wp-block-heading\">\u00c8 scattata l&#8217;operazione riempi-piazza <\/h2>\n\n\n\n<p>\u00abMa altro che trattori\u00bb, \u00e8 lo <strong>sfogo di un big <\/strong>che interpreta il sentimento di segretari regionali, provinciali e tutti gli eletti, martellati da settimane. \u00abQui per far \u2018schiodare\u2019 la gente da casa ci servivano le gru\u00bb, aggiunge. \u00abSar\u00e0 per la guerra e perch\u00e9 la gente fa fatica ad arrivare alla fine del mese, ma mai avevo incontrato cos\u00ec tante<strong> resistenze<\/strong> <strong>a partecipare<\/strong> tra i nostri\u00bb. Da settimane il<strong> tam tam<\/strong> di via Bellerio \u00e8 assillante: Salvini chiama, chiede, pretende un <strong>censimento accurato<\/strong> di chi sar\u00e0 presente. Il partito certo non \u00e8 arrivato con le gru, ma ha messo a disposizione centinaia di <strong>pullman gratuiti <\/strong>da tutte le province. La macchina si \u00e8 messa in moto soprattutto al<strong> Nord<\/strong>. E il segretario non si \u00e8 risparmiato, impegnandosi nelle ultime ore prima della manifestazione in un<strong> tour de force di interviste<\/strong> a radio e tv. <\/p>\n\n\n<figure class=\"wp-block-image size-full\"><a href=\"https:\/\/www.lettera43.it\/galleria\/1297160\/1297179\"><img data-has-syndication-rights=\"1\" data-portal-copyright=\"Lettera43\" data-licensor-name=\"Lettera43\" decoding=\"async\" width=\"1200\" height=\"800\" src=\"https:\/\/www.lettera43.it\/wp-content\/uploads\/2026\/04\/Salvini-porta-la-Lega-in-piazza-Duomo-tra-pullman-trattori-e-sospetti-1.jpg\" alt=\"Salvini porta la Lega in piazza Duomo tra pullman, trattori e sospetti\" class=\"wp-image-1297179 lazyload\" title=\"Salvini porta la Lega in piazza Duomo tra pullman, trattori e sospetti\" data-src=\"https:\/\/www.lettera43.it\/wp-content\/uploads\/2026\/04\/Salvini-porta-la-Lega-in-piazza-Duomo-tra-pullman-trattori-e-sospetti-1.jpg\" loading=\"lazy\" data-has-syndication-rights=\"1\" data-licensor-name=\"Lettera43\" srcset=\"https:\/\/www.lettera43.it\/wp-content\/uploads\/2026\/04\/Salvini-porta-la-Lega-in-piazza-Duomo-tra-pullman-trattori-e-sospetti-1.jpg 1200w, https:\/\/www.lettera43.it\/wp-content\/uploads\/2026\/04\/Salvini-porta-la-Lega-in-piazza-Duomo-tra-pullman-trattori-e-sospetti-1-800x533.jpg 800w, https:\/\/www.lettera43.it\/wp-content\/uploads\/2026\/04\/Salvini-porta-la-Lega-in-piazza-Duomo-tra-pullman-trattori-e-sospetti-1-390x260.jpg 390w\" sizes=\"auto, (max-width: 1200px) 100vw, 1200px\" \/><\/a><figcaption class=\"wp-element-caption\">Matteo Salvini durante una conferenza stampa in via Bellerio (Imagoeconomica).<\/figcaption><\/figure>\n\n\n<h2 class=\"wp-block-heading\">Il momento no dell&#8217;internazionale sovranista<\/h2>\n\n\n\n<p>Il risultato di questa campagna dovrebbe portare a un afflusso di <strong>almeno 5.000 persone<\/strong> in piazza, \u00e8 stato calcolato dalla Lega. Insomma, <strong>non un pienone<\/strong> (piazza Duomo contiene 10 mila persone) ma, viste le premesse, per i leghisti sarebbe una <strong>sfida vinta<\/strong>. Anche perch\u00e9 non \u00e8 facile organizzare manifestazioni di questo tipo quando si \u00e8 al governo, e non all\u2019opposizione, soprattutto quando ci sono <strong>due guerre in corso<\/strong>, \u00e8 il commento generale. Se poi sul palco si alterna l\u2019<strong>internazionale sovranista<\/strong>, che, con<strong><a href=\"https:\/\/www.lettera43.it\/salvini-trump-meloni-papa-lega-manifestazione-milano-patrioti\/\"  rel=\"noreferrer noopener\"> Donald Trump<\/a><\/strong>, ha portato a questo caos, la manifestazione leghista sembra quasi un miracolo. <\/p>\n\n\n<figure class=\"wp-block-image size-full\"><a href=\"https:\/\/www.lettera43.it\/galleria\/1297160\/1297179\"><img data-has-syndication-rights=\"1\" data-portal-copyright=\"Lettera43\" data-licensor-name=\"Lettera43\" decoding=\"async\" width=\"1200\" height=\"800\" src=\"https:\/\/www.lettera43.it\/wp-content\/uploads\/2026\/04\/Salvini-porta-la-Lega-in-piazza-Duomo-tra-pullman-trattori-e-sospetti-1.jpg\" alt=\"Salvini porta la Lega in piazza Duomo tra pullman, trattori e sospetti\" class=\"wp-image-1297179 lazyload\" title=\"Salvini porta la Lega in piazza Duomo tra pullman, trattori e sospetti\" data-src=\"https:\/\/www.lettera43.it\/wp-content\/uploads\/2026\/04\/Salvini-porta-la-Lega-in-piazza-Duomo-tra-pullman-trattori-e-sospetti-1.jpg\" loading=\"lazy\" data-has-syndication-rights=\"1\" data-licensor-name=\"Lettera43\" srcset=\"https:\/\/www.lettera43.it\/wp-content\/uploads\/2026\/04\/Salvini-porta-la-Lega-in-piazza-Duomo-tra-pullman-trattori-e-sospetti-1.jpg 1200w, https:\/\/www.lettera43.it\/wp-content\/uploads\/2026\/04\/Salvini-porta-la-Lega-in-piazza-Duomo-tra-pullman-trattori-e-sospetti-1-800x533.jpg 800w, https:\/\/www.lettera43.it\/wp-content\/uploads\/2026\/04\/Salvini-porta-la-Lega-in-piazza-Duomo-tra-pullman-trattori-e-sospetti-1-390x260.jpg 390w\" sizes=\"auto, (max-width: 1200px) 100vw, 1200px\" \/><\/a><figcaption class=\"wp-element-caption\">Matteo Salvini durante una conferenza stampa in via Bellerio (Imagoeconomica).<\/figcaption><\/figure>\n\n\n<h2 class=\"wp-block-heading\">Dal Veneto di Stefani scarseggiano le adesioni<\/h2>\n\n\n\n<p>E forse lo \u00e8 se si origlia alle porte delle stanze del partito. Per esempio, c\u2019\u00e8 chi fa notare che dal <strong>Piemonte<\/strong> dovrebbero arrivare circa 500 militanti. Pi\u00f9 del doppio le presenze dalla <strong>Lombardia<\/strong>. E dal <strong>Veneto<\/strong>? Ecco, dalla Regione presieduta dal pupillo di Salvini, <strong>Alberto Stefani<\/strong>, fino a pochi giorni fa le adesioni arrivate erano solo 300. Uno scandalo per i leghisti non veneti. Se ne sarebbe lamentato anche il segretario. <\/p>\n\n\n<figure class=\"wp-block-image size-full\"><a href=\"https:\/\/www.lettera43.it\/galleria\/1297160\/1297184\"><img data-has-syndication-rights=\"1\" data-portal-copyright=\"Lettera43\" data-licensor-name=\"Lettera43\" decoding=\"async\" width=\"1200\" height=\"800\" src=\"https:\/\/www.lettera43.it\/wp-content\/uploads\/2026\/04\/Salvini-porta-la-Lega-in-piazza-Duomo-tra-pullman-trattori-e-sospetti-stefani.jpg\" alt=\"Salvini porta la Lega in piazza Duomo tra pullman, trattori e sospetti\" class=\"wp-image-1297184 lazyload\" title=\"Salvini porta la Lega in piazza Duomo tra pullman, trattori e sospetti\" data-src=\"https:\/\/www.lettera43.it\/wp-content\/uploads\/2026\/04\/Salvini-porta-la-Lega-in-piazza-Duomo-tra-pullman-trattori-e-sospetti-stefani.jpg\" loading=\"lazy\" data-has-syndication-rights=\"1\" data-licensor-name=\"Lettera43\" srcset=\"https:\/\/www.lettera43.it\/wp-content\/uploads\/2026\/04\/Salvini-porta-la-Lega-in-piazza-Duomo-tra-pullman-trattori-e-sospetti-stefani.jpg 1200w, https:\/\/www.lettera43.it\/wp-content\/uploads\/2026\/04\/Salvini-porta-la-Lega-in-piazza-Duomo-tra-pullman-trattori-e-sospetti-stefani-800x533.jpg 800w, https:\/\/www.lettera43.it\/wp-content\/uploads\/2026\/04\/Salvini-porta-la-Lega-in-piazza-Duomo-tra-pullman-trattori-e-sospetti-stefani-390x260.jpg 390w\" sizes=\"auto, (max-width: 1200px) 100vw, 1200px\" \/><\/a><figcaption class=\"wp-element-caption\">Il presidente della Regione Veneto, Alberto Stefani (Ansa).<\/figcaption><\/figure>\n\n\n<h2 class=\"wp-block-heading\">Quel sospetto di boicottaggio interno&#8230;<\/h2>\n\n\n\n<p>E poi c\u2019\u00e8 quella storia della \u201c<strong>squadra di controllo<\/strong>\u201d che avrebbe messo su la <strong>fronda anti-Romeo<\/strong> in Lombardia. I tre componenti del team avrebbero proceduto a un lungo <strong>giro di telefonate<\/strong> ai militanti lombardi per verificare la loro presenza o i motivi dell&#8217;eventuale assenza alla manifestazione. Telefonate gi\u00e0 fatte dai segretari provinciali e da quello regionale, il capogruppo al Senato, <strong>Massimiliano Romeo<\/strong>. Di cui evidentemente non si fidano. Non \u00e8 chiaro se l\u2019operazione \u2018Stasi\u2019 sia stata ispirata da Salvini o sia autonoma. Nel primo caso sarebbe grave se il segretario avesse pensato che qualcuno in Lombardia stia remando contro di lui tanto da cercare di <strong>boicottare la manifestazione<\/strong>. Ma queste ormai sono storie di ordinario veleno in via Bellerio.<\/p>\n\n\n<figure class=\"wp-block-image size-full\"><a href=\"https:\/\/www.lettera43.it\/galleria\/1297160\/1297182\"><img data-has-syndication-rights=\"1\" data-portal-copyright=\"Lettera43\" data-licensor-name=\"Lettera43\" decoding=\"async\" width=\"1200\" height=\"800\" src=\"https:\/\/www.lettera43.it\/wp-content\/uploads\/2026\/04\/Salvini-porta-la-Lega-in-piazza-Duomo-tra-pullman-trattori-e-sospetti-romeo.jpg\" alt=\"Salvini porta la Lega in piazza Duomo tra pullman, trattori e sospetti\" class=\"wp-image-1297182 lazyload\" title=\"Salvini porta la Lega in piazza Duomo tra pullman, trattori e sospetti\" data-src=\"https:\/\/www.lettera43.it\/wp-content\/uploads\/2026\/04\/Salvini-porta-la-Lega-in-piazza-Duomo-tra-pullman-trattori-e-sospetti-romeo.jpg\" loading=\"lazy\" data-has-syndication-rights=\"1\" data-licensor-name=\"Lettera43\" srcset=\"https:\/\/www.lettera43.it\/wp-content\/uploads\/2026\/04\/Salvini-porta-la-Lega-in-piazza-Duomo-tra-pullman-trattori-e-sospetti-romeo.jpg 1200w, https:\/\/www.lettera43.it\/wp-content\/uploads\/2026\/04\/Salvini-porta-la-Lega-in-piazza-Duomo-tra-pullman-trattori-e-sospetti-romeo-800x533.jpg 800w, https:\/\/www.lettera43.it\/wp-content\/uploads\/2026\/04\/Salvini-porta-la-Lega-in-piazza-Duomo-tra-pullman-trattori-e-sospetti-romeo-390x260.jpg 390w\" sizes=\"auto, (max-width: 1200px) 100vw, 1200px\" \/><\/a><figcaption class=\"wp-element-caption\">Massimiliano Romeo (Imagoeconomica).<\/figcaption><\/figure>","protected":false},"excerpt":{"rendered":"<p>Portare almeno 5 mila persone sabato a Milano sar\u00e0 un mezzo miracolo,  visti i tempi bui dell&#8217;internazionale sovranista e le due guerre in corso. Senza contare i timori di boicottaggio interno.<\/p>\n","protected":false},"author":4,"featured_media":0,"comment_status":"closed","ping_status":"closed","sticky":false,"template":"","format":"standard","meta":{"om_disable_all_campaigns":false,"_monsterinsights_skip_tracking":false,"_monsterinsights_sitenote_active":false,"_monsterinsights_sitenote_note":"","_monsterinsights_sitenote_category":0,"footnotes":""},"categories":[15],"tags":[],"class_list":["post-827805","post","type-post","status-publish","format-standard","hentry","category-politica"],"aioseo_notices":[],"_links":{"self":[{"href":"https:\/\/nugnes.com\/index.php?rest_route=\/wp\/v2\/posts\/827805","targetHints":{"allow":["GET"]}}],"collection":[{"href":"https:\/\/nugnes.com\/index.php?rest_route=\/wp\/v2\/posts"}],"about":[{"href":"https:\/\/nugnes.com\/index.php?rest_route=\/wp\/v2\/types\/post"}],"author":[{"embeddable":true,"href":"https:\/\/nugnes.com\/index.php?rest_route=\/wp\/v2\/users\/4"}],"replies":[{"embeddable":true,"href":"https:\/\/nugnes.com\/index.php?rest_route=%2Fwp%2Fv2%2Fcomments&post=827805"}],"version-history":[{"count":1,"href":"https:\/\/nugnes.com\/index.php?rest_route=\/wp\/v2\/posts\/827805\/revisions"}],"predecessor-version":[{"id":827806,"href":"https:\/\/nugnes.com\/index.php?rest_route=\/wp\/v2\/posts\/827805\/revisions\/827806"}],"wp:attachment":[{"href":"https:\/\/nugnes.com\/index.php?rest_route=%2Fwp%2Fv2%2Fmedia&parent=827805"}],"wp:term":[{"taxonomy":"category","embeddable":true,"href":"https:\/\/nugnes.com\/index.php?rest_route=%2Fwp%2Fv2%2Fcategories&post=827805"},{"taxonomy":"post_tag","embeddable":true,"href":"https:\/\/nugnes.com\/index.php?rest_route=%2Fwp%2Fv2%2Ftags&post=827805"}],"curies":[{"name":"wp","href":"https:\/\/api.w.org\/{rel}","templated":true}]}}