{"id":827984,"date":"2026-04-21T12:29:25","date_gmt":"2026-04-21T12:29:25","guid":{"rendered":"https:\/\/www.lettera43.it\/?p=1297733"},"modified":"2026-04-21T12:29:25","modified_gmt":"2026-04-21T12:29:25","slug":"niente-festa-a-freni-la-poltrona-per-melandri-e-il-riassetto-al-corriere-le-pillole","status":"publish","type":"post","link":"https:\/\/nugnes.com\/?p=827984","title":{"rendered":"Niente festa a Freni, la poltrona per Melandri e il riassetto al Corriere: le pillole"},"content":{"rendered":"\n<p>L\u2019idea era geniale: avere come \u201cguest star\u201d alla cerimonia aziendale di <strong>Unipol<\/strong> il nuovo numero uno della <strong>Consob<\/strong>. E cos\u00ec, agenda alla mano, era stata scelta la data del 21 aprile, avendo come location il romano <strong>Palazzo della Cancelleria<\/strong>, per di pi\u00f9 vaticanissimo dato che \u00e8 di propriet\u00e0 della<strong> Santa Sede<\/strong>, alla presenza di <strong>Carlo Cimbri<\/strong> e del vertice del colosso assicurativo: quasi una benedizione, per <strong><a href=\"https:\/\/www.lettera43.it\/si-stringe-per-completare-squadra-governo-resta-nodo-consob\/#:~:text=una%20Forza%20Italia.-,Il%20nodo%20Consob,sua%20volta%2C%20potrebbe%20lasciare%20il%20suo%20incarico%20all%E2%80%99azzurra%20Chiara%20Tenerini.,-Salvini%20e%20Sky\"  rel=\"noreferrer noopener\">Federico Freni<\/a><\/strong>. Peccato per\u00f2 che il calcolo fosse sbagliato. <a href=\"https:\/\/www.lettera43.it\/consob-freni-tajani-lega-consob-molinari-mieli-mostra-giuseppe-di-piazza\/\"  rel=\"noreferrer noopener\">Contro Freni si sono messi tutti<\/a>: prima <strong>Antonio Tajani<\/strong>, poi <strong>Giorgia Meloni<\/strong> che formalmente nutrirebbe dubbi sul passaggio dal governo alla Consob senza un periodo sabbatico, quindi le varie autorit\u00e0 pi\u00f9 o meno indipendenti che vagliano il curriculum del pretendente e fanno scivolare giudizi anonimi che per\u00f2 rischiano di essere letali per il candidato (come \u00e8 gi\u00e0 capitato con le <strong>banche<\/strong>, con fucilate dirette a chi vuole diventare amministratore delegato). I forzisti puntano su un altro Federico, <strong>Cornelli<\/strong>: sarebbe una promozione interna. Fatto sta che l\u2019evento romano non ha permesso di festeggiare Freni. Non gli resta che andare al prossimo appuntamento al <strong>Teatro dell\u2019Opera<\/strong>, nell\u2019attesa.<\/p>\n\n\n<div class=\"swiper-container\"><div class=\"swiper-wrapper\"><div class=\"swiper-slide\"><figure class=\"wp-block-image size-large\"><a href=\"https:\/\/www.lettera43.it\/galleria\/1297733\/1297783\"><img data-has-syndication-rights=\"1\" data-portal-copyright=\"Lettera43\" data-licensor-name=\"Lettera43\" decoding=\"async\" width=\"1200\" height=\"799\" data-id=\"1297783\" src=\"https:\/\/www.lettera43.it\/wp-content\/uploads\/2026\/04\/Niente-festa-a-Freni-la-poltrona-per-Melandri-e-il-riassetto-al-Corriere-le-pillole-2.jpg\" alt=\"Niente festa a Freni, la poltrona per Melandri e il riassetto al Corriere: le pillole\" class=\"wp-image-1297783 lazyload\" title=\"Niente festa a Freni, la poltrona per Melandri e il riassetto al Corriere: le pillole\" data-src=\"https:\/\/www.lettera43.it\/wp-content\/uploads\/2026\/04\/Niente-festa-a-Freni-la-poltrona-per-Melandri-e-il-riassetto-al-Corriere-le-pillole-2.jpg\" loading=\"lazy\" data-has-syndication-rights=\"1\" data-licensor-name=\"Lettera43\" srcset=\"https:\/\/www.lettera43.it\/wp-content\/uploads\/2026\/04\/Niente-festa-a-Freni-la-poltrona-per-Melandri-e-il-riassetto-al-Corriere-le-pillole-2.jpg 1200w, https:\/\/www.lettera43.it\/wp-content\/uploads\/2026\/04\/Niente-festa-a-Freni-la-poltrona-per-Melandri-e-il-riassetto-al-Corriere-le-pillole-2-800x533.jpg 800w, https:\/\/www.lettera43.it\/wp-content\/uploads\/2026\/04\/Niente-festa-a-Freni-la-poltrona-per-Melandri-e-il-riassetto-al-Corriere-le-pillole-2-390x260.jpg 390w\" sizes=\"auto, (max-width: 1200px) 100vw, 1200px\" \/><\/a><\/figure><\/div><div class=\"swiper-slide\"><figure class=\"wp-block-image size-large\"><a href=\"https:\/\/www.lettera43.it\/galleria\/1297733\/1297789\"><img data-has-syndication-rights=\"1\" data-portal-copyright=\"Lettera43\" data-licensor-name=\"Lettera43\" decoding=\"async\" width=\"1200\" height=\"800\" data-id=\"1297789\" src=\"https:\/\/www.lettera43.it\/wp-content\/uploads\/2026\/04\/Niente-festa-a-Freni-la-poltrona-per-Melandri-e-il-riassetto-al-Corriere-le-pillole-9.jpg\" alt=\"Niente festa a Freni, la poltrona per Melandri e il riassetto al Corriere: le pillole\" class=\"wp-image-1297789 lazyload\" title=\"Niente festa a Freni, la poltrona per Melandri e il riassetto al Corriere: le pillole\" data-src=\"https:\/\/www.lettera43.it\/wp-content\/uploads\/2026\/04\/Niente-festa-a-Freni-la-poltrona-per-Melandri-e-il-riassetto-al-Corriere-le-pillole-9.jpg\" loading=\"lazy\" data-has-syndication-rights=\"1\" data-licensor-name=\"Lettera43\" srcset=\"https:\/\/www.lettera43.it\/wp-content\/uploads\/2026\/04\/Niente-festa-a-Freni-la-poltrona-per-Melandri-e-il-riassetto-al-Corriere-le-pillole-9.jpg 1200w, https:\/\/www.lettera43.it\/wp-content\/uploads\/2026\/04\/Niente-festa-a-Freni-la-poltrona-per-Melandri-e-il-riassetto-al-Corriere-le-pillole-9-800x533.jpg 800w, https:\/\/www.lettera43.it\/wp-content\/uploads\/2026\/04\/Niente-festa-a-Freni-la-poltrona-per-Melandri-e-il-riassetto-al-Corriere-le-pillole-9-390x260.jpg 390w\" sizes=\"auto, (max-width: 1200px) 100vw, 1200px\" \/><\/a><\/figure><\/div><div class=\"swiper-slide\"><figure class=\"wp-block-image size-large\"><a href=\"https:\/\/www.lettera43.it\/galleria\/1297733\/1297785\"><img data-has-syndication-rights=\"1\" data-portal-copyright=\"Lettera43\" data-licensor-name=\"Lettera43\" decoding=\"async\" width=\"1200\" height=\"799\" data-id=\"1297785\" src=\"https:\/\/www.lettera43.it\/wp-content\/uploads\/2026\/04\/Niente-festa-a-Freni-la-poltrona-per-Melandri-e-il-riassetto-al-Corriere-le-pillole-5.jpg\" alt=\"Niente festa a Freni, la poltrona per Melandri e il riassetto al Corriere: le pillole\" class=\"wp-image-1297785 lazyload\" title=\"Niente festa a Freni, la poltrona per Melandri e il riassetto al Corriere: le pillole\" data-src=\"https:\/\/www.lettera43.it\/wp-content\/uploads\/2026\/04\/Niente-festa-a-Freni-la-poltrona-per-Melandri-e-il-riassetto-al-Corriere-le-pillole-5.jpg\" loading=\"lazy\" data-has-syndication-rights=\"1\" data-licensor-name=\"Lettera43\" srcset=\"https:\/\/www.lettera43.it\/wp-content\/uploads\/2026\/04\/Niente-festa-a-Freni-la-poltrona-per-Melandri-e-il-riassetto-al-Corriere-le-pillole-5.jpg 1200w, https:\/\/www.lettera43.it\/wp-content\/uploads\/2026\/04\/Niente-festa-a-Freni-la-poltrona-per-Melandri-e-il-riassetto-al-Corriere-le-pillole-5-800x533.jpg 800w, https:\/\/www.lettera43.it\/wp-content\/uploads\/2026\/04\/Niente-festa-a-Freni-la-poltrona-per-Melandri-e-il-riassetto-al-Corriere-le-pillole-5-390x260.jpg 390w\" sizes=\"auto, (max-width: 1200px) 100vw, 1200px\" \/><\/a><\/figure><div class=\"swiper-lazy-preloader\"><\/div><\/div><\/div><div class=\"swiper-pagination\"><\/div><div class=\"swiper-button-next\"><\/div><div class=\"swiper-button-prev\"><\/div><\/div>\n\n\n<h2 class=\"wp-block-heading\">Giovanna Melandri torna in un museo, il Palaexpo romano<\/h2>\n\n\n\n<p>\u00abCome si fa a lasciare <strong>Giovanna Melandri<\/strong> senza un incarico?\u00bb, si sente dire da tempo nei salotti romani, quelli del centro storico e dei Parioli, la ben nota \u201cZtl del <strong>Pd capitolino<\/strong>\u201d. Gi\u00e0, la Melandri: senza il <strong>Maxxi<\/strong>, dove ha esercitato il suo potere per tanti anni, ora \u00e8 pronta una nuova poltrona, stavolta per decisione del <strong>Campidoglio<\/strong> che ha il controllo dell\u2019<strong>Azienda Speciale Palaexpo<\/strong>, quella che ha in pancia il <strong>Palazzo delle Esposizioni<\/strong> di via Nazionale. Dopo <strong>Marco Delogu<\/strong>, tutte le voci indicano Giovanna Melandri come nuova presidente: intanto lei visita mostre, studi di artisti, va in giro per musei. Si \u00e8 fatta vedere con <a href=\"https:\/\/www.lettera43.it\/manfredi-catella-chi-e-presidente-coima-re-mattone-milano\/\"  rel=\"noreferrer noopener\"><strong>Manfredi Catella<\/strong>, il numero uno di <strong>Coima<\/strong><\/a>, proprio al Maxxi, guardando dall\u2019altra parte della strada, verso via Guido Reni, dove c\u2019\u00e8 il cantiere caro all\u2019immobiliarista. \u00abL\u2019amica Melandri\u00bb, ha sempre detto Catella. Che poi la ex presidente della Fondazione Maxxi ha la sua <strong>Human Foundation<\/strong> e, particolare da non dimenticare, \u00e8 cugina di <strong>Giovanni Minoli<\/strong>&#8230;<\/p>\n\n\n<figure class=\"wp-block-image size-full\"><a href=\"https:\/\/www.lettera43.it\/galleria\/1297733\/1297782\"><img data-has-syndication-rights=\"1\" data-portal-copyright=\"Lettera43\" data-licensor-name=\"Lettera43\" decoding=\"async\" width=\"1200\" height=\"800\" src=\"https:\/\/www.lettera43.it\/wp-content\/uploads\/2026\/04\/Niente-festa-a-Freni-la-poltrona-per-Melandri-e-il-riassetto-al-Corriere-le-pillole-3.jpg\" alt=\"Niente festa a Freni, la poltrona per Melandri e il riassetto al Corriere: le pillole\" class=\"wp-image-1297782 lazyload\" title=\"Niente festa a Freni, la poltrona per Melandri e il riassetto al Corriere: le pillole\" data-src=\"https:\/\/www.lettera43.it\/wp-content\/uploads\/2026\/04\/Niente-festa-a-Freni-la-poltrona-per-Melandri-e-il-riassetto-al-Corriere-le-pillole-3.jpg\" loading=\"lazy\" data-has-syndication-rights=\"1\" data-licensor-name=\"Lettera43\" srcset=\"https:\/\/www.lettera43.it\/wp-content\/uploads\/2026\/04\/Niente-festa-a-Freni-la-poltrona-per-Melandri-e-il-riassetto-al-Corriere-le-pillole-3.jpg 1200w, https:\/\/www.lettera43.it\/wp-content\/uploads\/2026\/04\/Niente-festa-a-Freni-la-poltrona-per-Melandri-e-il-riassetto-al-Corriere-le-pillole-3-800x533.jpg 800w, https:\/\/www.lettera43.it\/wp-content\/uploads\/2026\/04\/Niente-festa-a-Freni-la-poltrona-per-Melandri-e-il-riassetto-al-Corriere-le-pillole-3-390x260.jpg 390w\" sizes=\"auto, (max-width: 1200px) 100vw, 1200px\" \/><\/a><figcaption class=\"wp-element-caption\">Giovanna Melandri (foto Imagoeconomica).<\/figcaption><\/figure>\n\n\n<h2 class=\"wp-block-heading\"><em>Corriere<\/em>, le due condirettrici pronte a duellare?<\/h2>\n\n\n\n<p>Cambiano gli equilibri al <em>Corriere della sera<\/em>. E il futuro post <strong>Luciano Fontana<\/strong> (che ha 67 anni ed \u00e8 alla direzione dal 2015, ma \u00e8 stato confermato almeno fino al 2028) sembra essere donna, visto che le due contendenti pronte a scannarsi per la poltrona pi\u00f9 prestigiosa del quotidiano sono state designate. <strong>Barbara Stefanelli<\/strong> (classe 1965) assume l&#8217;incarico di <strong>condirettrice<\/strong> a <strong>Milano<\/strong>, affiancata da <strong>Fiorenza Sarzanini<\/strong>, 60 anni, che ricoprir\u00e0 lo stesso ruolo nella sede di <strong>Roma<\/strong>. La rivoluzione &#8211; o presunta tale &#8211; \u00e8 pronta a iniziare a met\u00e0 maggio. Lo scopo? Nelle intenzioni, rafforzare la prima linea e attrezzare il gruppo dirigente per la gestione dei progetti legati all\u2019<strong>intelligenza artificiale<\/strong> e alla completa trasformazione <strong>digitale<\/strong>, in un passaggio definito delicato quanto quello del 2016. Ma non tutti la pensano cos\u00ec. E specialmente Stefanelli sarebbe mal sopportata da un gruppo di uomini della redazione. Novit\u00e0 anche per <strong>Venanzio Postiglione<\/strong>: il 59enne vicedirettore viene promosso (siamo proprio sicuri sia una promozione?) alla direzione del settimanale <em>7<\/em>. Postiglione manterr\u00e0 comunque il ruolo di editorialista e la guida delle attivit\u00e0 per le celebrazioni dei 150 anni del quotidiano. Sono mosse che rappresentano solo il primo tassello di una <strong>riorganizzazione<\/strong> pi\u00f9 ampia che coinvolger\u00e0 l&#8217;intero gruppo dirigente e i progetti editoriali. Nelle prossime settimane \u00e8 previsto il confronto con il <strong>Cdr<\/strong> per definire i dettagli di una fase che si preannuncia di rottura con il passato recente.<\/p>\n\n\n<div class=\"swiper-container\"><div class=\"swiper-wrapper\"><div class=\"swiper-slide\"><figure class=\"wp-block-image size-large\"><a href=\"https:\/\/www.lettera43.it\/galleria\/1297733\/1297786\"><img data-has-syndication-rights=\"1\" data-portal-copyright=\"Lettera43\" data-licensor-name=\"Lettera43\" decoding=\"async\" width=\"1200\" height=\"800\" data-id=\"1297786\" src=\"https:\/\/www.lettera43.it\/wp-content\/uploads\/2026\/04\/Niente-festa-a-Freni-la-poltrona-per-Melandri-e-il-riassetto-al-Corriere-le-pillole-6.jpg\" alt=\"Niente festa a Freni, la poltrona per Melandri e il riassetto al Corriere: le pillole\" class=\"wp-image-1297786 lazyload\" title=\"Niente festa a Freni, la poltrona per Melandri e il riassetto al Corriere: le pillole\" data-src=\"https:\/\/www.lettera43.it\/wp-content\/uploads\/2026\/04\/Niente-festa-a-Freni-la-poltrona-per-Melandri-e-il-riassetto-al-Corriere-le-pillole-6.jpg\" loading=\"lazy\" data-has-syndication-rights=\"1\" data-licensor-name=\"Lettera43\" srcset=\"https:\/\/www.lettera43.it\/wp-content\/uploads\/2026\/04\/Niente-festa-a-Freni-la-poltrona-per-Melandri-e-il-riassetto-al-Corriere-le-pillole-6.jpg 1200w, https:\/\/www.lettera43.it\/wp-content\/uploads\/2026\/04\/Niente-festa-a-Freni-la-poltrona-per-Melandri-e-il-riassetto-al-Corriere-le-pillole-6-800x533.jpg 800w, https:\/\/www.lettera43.it\/wp-content\/uploads\/2026\/04\/Niente-festa-a-Freni-la-poltrona-per-Melandri-e-il-riassetto-al-Corriere-le-pillole-6-390x260.jpg 390w\" sizes=\"auto, (max-width: 1200px) 100vw, 1200px\" \/><\/a><\/figure><\/div><div class=\"swiper-slide\"><figure class=\"wp-block-image size-large\"><a href=\"https:\/\/www.lettera43.it\/galleria\/1297733\/1297788\"><img data-has-syndication-rights=\"1\" data-portal-copyright=\"Lettera43\" data-licensor-name=\"Lettera43\" decoding=\"async\" width=\"1200\" height=\"823\" data-id=\"1297788\" src=\"https:\/\/www.lettera43.it\/wp-content\/uploads\/2026\/04\/Niente-festa-a-Freni-la-poltrona-per-Melandri-e-il-riassetto-al-Corriere-le-pillole-8.jpg\" alt=\"Niente festa a Freni, la poltrona per Melandri e il riassetto al Corriere: le pillole\" class=\"wp-image-1297788 lazyload\" title=\"Niente festa a Freni, la poltrona per Melandri e il riassetto al Corriere: le pillole\" data-src=\"https:\/\/www.lettera43.it\/wp-content\/uploads\/2026\/04\/Niente-festa-a-Freni-la-poltrona-per-Melandri-e-il-riassetto-al-Corriere-le-pillole-8.jpg\" loading=\"lazy\" data-has-syndication-rights=\"1\" data-licensor-name=\"Lettera43\" srcset=\"https:\/\/www.lettera43.it\/wp-content\/uploads\/2026\/04\/Niente-festa-a-Freni-la-poltrona-per-Melandri-e-il-riassetto-al-Corriere-le-pillole-8.jpg 1200w, https:\/\/www.lettera43.it\/wp-content\/uploads\/2026\/04\/Niente-festa-a-Freni-la-poltrona-per-Melandri-e-il-riassetto-al-Corriere-le-pillole-8-800x549.jpg 800w, https:\/\/www.lettera43.it\/wp-content\/uploads\/2026\/04\/Niente-festa-a-Freni-la-poltrona-per-Melandri-e-il-riassetto-al-Corriere-le-pillole-8-390x267.jpg 390w\" sizes=\"auto, (max-width: 1200px) 100vw, 1200px\" \/><\/a><\/figure><\/div><div class=\"swiper-slide\"><figure class=\"wp-block-image size-large\"><a href=\"https:\/\/www.lettera43.it\/galleria\/1297733\/1297781\"><img data-has-syndication-rights=\"1\" data-portal-copyright=\"Lettera43\" data-licensor-name=\"Lettera43\" decoding=\"async\" width=\"1200\" height=\"800\" data-id=\"1297781\" src=\"https:\/\/www.lettera43.it\/wp-content\/uploads\/2026\/04\/Niente-festa-a-Freni-la-poltrona-per-Melandri-e-il-riassetto-al-Corriere-le-pillole-1.jpg\" alt=\"Niente festa a Freni, la poltrona per Melandri e il riassetto al Corriere: le pillole\" class=\"wp-image-1297781 lazyload\" title=\"Niente festa a Freni, la poltrona per Melandri e il riassetto al Corriere: le pillole\" data-src=\"https:\/\/www.lettera43.it\/wp-content\/uploads\/2026\/04\/Niente-festa-a-Freni-la-poltrona-per-Melandri-e-il-riassetto-al-Corriere-le-pillole-1.jpg\" loading=\"lazy\" data-has-syndication-rights=\"1\" data-licensor-name=\"Lettera43\" srcset=\"https:\/\/www.lettera43.it\/wp-content\/uploads\/2026\/04\/Niente-festa-a-Freni-la-poltrona-per-Melandri-e-il-riassetto-al-Corriere-le-pillole-1.jpg 1200w, https:\/\/www.lettera43.it\/wp-content\/uploads\/2026\/04\/Niente-festa-a-Freni-la-poltrona-per-Melandri-e-il-riassetto-al-Corriere-le-pillole-1-800x533.jpg 800w, https:\/\/www.lettera43.it\/wp-content\/uploads\/2026\/04\/Niente-festa-a-Freni-la-poltrona-per-Melandri-e-il-riassetto-al-Corriere-le-pillole-1-390x260.jpg 390w\" sizes=\"auto, (max-width: 1200px) 100vw, 1200px\" \/><\/a><\/figure><\/div><div class=\"swiper-slide\"><figure class=\"wp-block-image size-large\"><a href=\"https:\/\/www.lettera43.it\/galleria\/1297733\/1297784\"><img data-has-syndication-rights=\"1\" data-portal-copyright=\"Lettera43\" data-licensor-name=\"Lettera43\" decoding=\"async\" width=\"1200\" height=\"948\" data-id=\"1297784\" src=\"https:\/\/www.lettera43.it\/wp-content\/uploads\/2026\/04\/Niente-festa-a-Freni-la-poltrona-per-Melandri-e-il-riassetto-al-Corriere-le-pillole-4.jpg\" alt=\"Niente festa a Freni, la poltrona per Melandri e il riassetto al Corriere: le pillole\" class=\"wp-image-1297784 lazyload\" title=\"Niente festa a Freni, la poltrona per Melandri e il riassetto al Corriere: le pillole\" data-src=\"https:\/\/www.lettera43.it\/wp-content\/uploads\/2026\/04\/Niente-festa-a-Freni-la-poltrona-per-Melandri-e-il-riassetto-al-Corriere-le-pillole-4.jpg\" loading=\"lazy\" data-has-syndication-rights=\"1\" data-licensor-name=\"Lettera43\" srcset=\"https:\/\/www.lettera43.it\/wp-content\/uploads\/2026\/04\/Niente-festa-a-Freni-la-poltrona-per-Melandri-e-il-riassetto-al-Corriere-le-pillole-4.jpg 1200w, https:\/\/www.lettera43.it\/wp-content\/uploads\/2026\/04\/Niente-festa-a-Freni-la-poltrona-per-Melandri-e-il-riassetto-al-Corriere-le-pillole-4-800x632.jpg 800w, https:\/\/www.lettera43.it\/wp-content\/uploads\/2026\/04\/Niente-festa-a-Freni-la-poltrona-per-Melandri-e-il-riassetto-al-Corriere-le-pillole-4-390x308.jpg 390w\" sizes=\"auto, (max-width: 1200px) 100vw, 1200px\" \/><\/a><\/figure><div class=\"swiper-lazy-preloader\"><\/div><\/div><\/div><div class=\"swiper-pagination\"><\/div><div class=\"swiper-button-next\"><\/div><div class=\"swiper-button-prev\"><\/div><\/div>\n\n\n<h2 class=\"wp-block-heading\">Papa Francesco oscura il Natale di Roma<\/h2>\n\n\n\n<p>C\u2019era una volta il <strong>Natale di Roma<\/strong>, festeggiato il 21 aprile. Il Campidoglio si riempiva di personaggi arrivati da ogni parte del mondo, il <strong>Comune<\/strong> organizzava eventi con gli scienziati dell\u2019<strong>Unione Sovietica<\/strong> e dei Paesi oltre la \u201ccortina di ferro\u201d, si parlava del legame tra Roma e Mosca. Fino a tempi recenti, con iniziative di ogni tipo. Ora, invece, dato che <strong>papa Francesco<\/strong> \u00e8 morto il 21 aprile 2025, a Roma le cerimonie sono tutte in suo onore. La basilica di <strong>Santa Maria Maggiore<\/strong> ha in cantiere un omaggio nella <strong>cappella Paolina<\/strong>, tante volte visitata dal papa argentino, con la preghiera del Rosario. Quindi verr\u00e0 svelata una lapide commemorativa dello speciale legame tra papa Francesco e l\u2019icona della <strong>Salus Populi Romani<\/strong>. Si potr\u00e0 leggere, in latino: \u00abFrancesco Sommo Pontefice che sost\u00f2 126 volte in devota preghiera ai piedi della Salus Populi Romani per sua volont\u00e0 riposa in questa Basilica Papale, 21 aprile 2026, Primo anniversario della morte\u00bb. Dopo il rosario, la Messa, durante la quale sar\u00e0 letto il messaggio di <strong>Leone XIV<\/strong>, fisicamente assente da Roma, impegnato nel viaggio apostolico in <strong>Africa<\/strong>. La celebrazione sar\u00e0 trasmessa su un maxischermo presente sul fronte della basilica, in piazza di <strong>Santa Maria Maggiore<\/strong>. Quella che era la \u201claicit\u00e0\u201d di Roma, celebrata il 21 aprile, rester\u00e0 solo un ricordo. A dirla tutta, \u00e8 una situazione che piace al sindaco della Capitale, <strong>Roberto Gualtieri<\/strong>, che sta lavorando per candidarsi al secondo mandato di primo cittadino: anche perch\u00e9, come ha sperimentato <strong>Donald Trump<\/strong>, <a href=\"https:\/\/www.lettera43.it\/scontro-trump-papa-leone-bergoglio\/\"  rel=\"noreferrer noopener\">a mettersi contro il papa e il <strong>Vaticano<\/strong> si rischia brutto<\/a>&#8230;<\/p>\n\n\n<figure class=\"wp-block-image size-full\"><a href=\"https:\/\/www.lettera43.it\/galleria\/1297733\/1297787\"><img data-has-syndication-rights=\"1\" data-portal-copyright=\"Lettera43\" data-licensor-name=\"Lettera43\" decoding=\"async\" width=\"1200\" height=\"799\" src=\"https:\/\/www.lettera43.it\/wp-content\/uploads\/2026\/04\/Niente-festa-a-Freni-la-poltrona-per-Melandri-e-il-riassetto-al-Corriere-le-pillole-7.jpg\" alt=\"Niente festa a Freni, la poltrona per Melandri e il riassetto al Corriere: le pillole\" class=\"wp-image-1297787 lazyload\" title=\"Niente festa a Freni, la poltrona per Melandri e il riassetto al Corriere: le pillole\" data-src=\"https:\/\/www.lettera43.it\/wp-content\/uploads\/2026\/04\/Niente-festa-a-Freni-la-poltrona-per-Melandri-e-il-riassetto-al-Corriere-le-pillole-7.jpg\" loading=\"lazy\" data-has-syndication-rights=\"1\" data-licensor-name=\"Lettera43\" srcset=\"https:\/\/www.lettera43.it\/wp-content\/uploads\/2026\/04\/Niente-festa-a-Freni-la-poltrona-per-Melandri-e-il-riassetto-al-Corriere-le-pillole-7.jpg 1200w, https:\/\/www.lettera43.it\/wp-content\/uploads\/2026\/04\/Niente-festa-a-Freni-la-poltrona-per-Melandri-e-il-riassetto-al-Corriere-le-pillole-7-800x533.jpg 800w, https:\/\/www.lettera43.it\/wp-content\/uploads\/2026\/04\/Niente-festa-a-Freni-la-poltrona-per-Melandri-e-il-riassetto-al-Corriere-le-pillole-7-390x260.jpg 390w\" sizes=\"auto, (max-width: 1200px) 100vw, 1200px\" \/><\/a><figcaption class=\"wp-element-caption\">Papa Francesco con Roberto Gualtieri nel 2024 (foto Imagoeconomica).<\/figcaption><\/figure>","protected":false},"excerpt":{"rendered":"<p>Alla cerimonia aziendale di Unipol era tutto apparecchiato per il nuovo numero uno della Consob. Ma gli scontri politici si sono messi di mezzo. Intanto la ex n.1 del Maxxi torna in un museo. Mentre sono state designate le due contendenti per il post Fontana&#8230; Le chicche di L43.<\/p>\n","protected":false},"author":4,"featured_media":0,"comment_status":"closed","ping_status":"closed","sticky":false,"template":"","format":"standard","meta":{"om_disable_all_campaigns":false,"_monsterinsights_skip_tracking":false,"_monsterinsights_sitenote_active":false,"_monsterinsights_sitenote_note":"","_monsterinsights_sitenote_category":0,"footnotes":""},"categories":[417,15],"tags":[],"class_list":["post-827984","post","type-post","status-publish","format-standard","hentry","category-corridoi","category-politica"],"aioseo_notices":[],"_links":{"self":[{"href":"https:\/\/nugnes.com\/index.php?rest_route=\/wp\/v2\/posts\/827984","targetHints":{"allow":["GET"]}}],"collection":[{"href":"https:\/\/nugnes.com\/index.php?rest_route=\/wp\/v2\/posts"}],"about":[{"href":"https:\/\/nugnes.com\/index.php?rest_route=\/wp\/v2\/types\/post"}],"author":[{"embeddable":true,"href":"https:\/\/nugnes.com\/index.php?rest_route=\/wp\/v2\/users\/4"}],"replies":[{"embeddable":true,"href":"https:\/\/nugnes.com\/index.php?rest_route=%2Fwp%2Fv2%2Fcomments&post=827984"}],"version-history":[{"count":1,"href":"https:\/\/nugnes.com\/index.php?rest_route=\/wp\/v2\/posts\/827984\/revisions"}],"predecessor-version":[{"id":827985,"href":"https:\/\/nugnes.com\/index.php?rest_route=\/wp\/v2\/posts\/827984\/revisions\/827985"}],"wp:attachment":[{"href":"https:\/\/nugnes.com\/index.php?rest_route=%2Fwp%2Fv2%2Fmedia&parent=827984"}],"wp:term":[{"taxonomy":"category","embeddable":true,"href":"https:\/\/nugnes.com\/index.php?rest_route=%2Fwp%2Fv2%2Fcategories&post=827984"},{"taxonomy":"post_tag","embeddable":true,"href":"https:\/\/nugnes.com\/index.php?rest_route=%2Fwp%2Fv2%2Ftags&post=827984"}],"curies":[{"name":"wp","href":"https:\/\/api.w.org\/{rel}","templated":true}]}}