{"id":827990,"date":"2026-04-21T11:21:00","date_gmt":"2026-04-21T11:21:00","guid":{"rendered":"https:\/\/www.lettera43.it\/?p=1297742"},"modified":"2026-04-21T11:21:00","modified_gmt":"2026-04-21T11:21:00","slug":"la-polonia-vietera-il-sorvolo-al-premier-slovacco-fico-per-andare-in-russia","status":"publish","type":"post","link":"https:\/\/nugnes.com\/?p=827990","title":{"rendered":"La Polonia vieter\u00e0 il sorvolo al premier slovacco Fico per andare in Russia"},"content":{"rendered":"\n<p>La <strong>Polonia<\/strong> vieter\u00e0 all&#8217;aereo del primo ministro slovacco, <strong>Robert Fico<\/strong>, di sorvolare il suo territorio durante il viaggio verso <strong>Mosca<\/strong> per la parata del <strong>9 maggio<\/strong>, Giorno della vittoria. Lo hanno riferito all&#8217;agenzia russa Ria Novosti fonti negli ambienti diplomatici polacchi. \u00abLa richiesta di autorizzazione al sorvolo dell&#8217;aereo del primo ministro slovacco \u00e8 in fase di valutazione formale e continuer\u00e0 ad esserlo per un certo periodo, ma <strong>nessuno intende concederla<\/strong>. \u00c8 certo al 100 per cento\u00bb, ha affermato la fonte dell&#8217;agenzia. Il 15 marzo, Fico aveva annunciato la sua disponibilit\u00e0 a partecipare alle celebrazioni del 9 maggio nella capitale russa. L&#8217;ambasciatore russo in Slovacchia, <strong>Sergey Andreyev<\/strong>, aveva a sua volta dichiarato che la Russia aveva confermato la propria disponibilit\u00e0 ad ospitarlo. <\/p>\n\n\n\n<h2 class=\"wp-block-heading\">Le posizioni opposte di Fico e Tusk sulla questione ucraina <\/h2>\n\n\n\n<p>Una mossa che sottolinea la spaccatura interna all\u2019Ue sulla <strong>questione ucraina<\/strong>. Fico, insieme al premier ungherese uscente <strong>Viktor Orb\u00e1n,<\/strong> \u00e8 stato il leader europeo che pi\u00f9 si \u00e8 opposto a nuove sanzioni nei confronti della Federazione, allo stop agli approvvigionamenti di gas e petrolio russo e al sostegno militare all&#8217;esercito di Kyiv. Posizione opposta a quella del governo polacco, guidato da <strong>Donald Tusk<\/strong>, che sostiene invece la necessit\u00e0 di mantenere una posizione ferma nei confronti del Cremlino.<\/p>\n","protected":false},"excerpt":{"rendered":"<p>La richiesta di autorizzazione \u00e8 in fase di valutazione ma nessuno intende concederla, ha spiegato una fonte diplomatica a Ria Novosti. Il politico \u00e8 atteso a Mosca per le celebrazioni del 9 maggio.<\/p>\n","protected":false},"author":4,"featured_media":0,"comment_status":"closed","ping_status":"closed","sticky":false,"template":"","format":"standard","meta":{"om_disable_all_campaigns":false,"_monsterinsights_skip_tracking":false,"_monsterinsights_sitenote_active":false,"_monsterinsights_sitenote_note":"","_monsterinsights_sitenote_category":0,"footnotes":""},"categories":[20,1612],"tags":[],"class_list":["post-827990","post","type-post","status-publish","format-standard","hentry","category-esteri","category-ultima-ora"],"aioseo_notices":[],"_links":{"self":[{"href":"https:\/\/nugnes.com\/index.php?rest_route=\/wp\/v2\/posts\/827990","targetHints":{"allow":["GET"]}}],"collection":[{"href":"https:\/\/nugnes.com\/index.php?rest_route=\/wp\/v2\/posts"}],"about":[{"href":"https:\/\/nugnes.com\/index.php?rest_route=\/wp\/v2\/types\/post"}],"author":[{"embeddable":true,"href":"https:\/\/nugnes.com\/index.php?rest_route=\/wp\/v2\/users\/4"}],"replies":[{"embeddable":true,"href":"https:\/\/nugnes.com\/index.php?rest_route=%2Fwp%2Fv2%2Fcomments&post=827990"}],"version-history":[{"count":1,"href":"https:\/\/nugnes.com\/index.php?rest_route=\/wp\/v2\/posts\/827990\/revisions"}],"predecessor-version":[{"id":827991,"href":"https:\/\/nugnes.com\/index.php?rest_route=\/wp\/v2\/posts\/827990\/revisions\/827991"}],"wp:attachment":[{"href":"https:\/\/nugnes.com\/index.php?rest_route=%2Fwp%2Fv2%2Fmedia&parent=827990"}],"wp:term":[{"taxonomy":"category","embeddable":true,"href":"https:\/\/nugnes.com\/index.php?rest_route=%2Fwp%2Fv2%2Fcategories&post=827990"},{"taxonomy":"post_tag","embeddable":true,"href":"https:\/\/nugnes.com\/index.php?rest_route=%2Fwp%2Fv2%2Ftags&post=827990"}],"curies":[{"name":"wp","href":"https:\/\/api.w.org\/{rel}","templated":true}]}}