{"id":828006,"date":"2026-04-21T08:31:00","date_gmt":"2026-04-21T08:31:00","guid":{"rendered":"https:\/\/www.lettera43.it\/?p=1297671"},"modified":"2026-04-21T08:31:00","modified_gmt":"2026-04-21T08:31:00","slug":"apple-tim-cook-lascia-il-ruolo-di-ceo","status":"publish","type":"post","link":"https:\/\/nugnes.com\/?p=828006","title":{"rendered":"Apple, Tim Cook lascia il ruolo di ceo"},"content":{"rendered":"\n<p>Dopo 15 anni, <strong>Tim Cook<\/strong> lascer\u00e0 il ruolo di <strong>ceo<\/strong> di <strong>Apple<\/strong>. Regista e volto della trasformazione del gigante di Cupertino, passer\u00e0 la guida al vicepresidente <strong>John Ternus<\/strong> e diventer\u00e0 <strong>presidente esecutivo<\/strong> del consiglio di amministrazione dell&#8217;azienda. Il passaggio di consegne avverr\u00e0 dal 1\u00ba settembre 2026. La transizione, approvata all\u2019unanimit\u00e0 dal consiglio di amministrazione, \u00e8 il risultato di un processo di pianificazione della successione e di lungo periodo. Cook, ha spiegato Apple, continuer\u00e0 a ricoprire il ruolo di ceo per tutta l\u2019estate, lavorando a stretto contatto con Ternus per garantire una <strong>transizione fluida<\/strong>. Nel presentare il successore, Cook l&#8217;ha definito uno con la \u00abmente di un ingegnere, l\u2019anima di un innovatore e il cuore per guidare con integrit\u00e0 e onore\u00bb. E ancora, \u00abun <strong>visionario<\/strong> i cui contributi ad Apple in 25 anni anni sono gi\u00e0 troppo numerosi per essere contati\u00bb e \u00absenza dubbio la persona giusta per guidare Apple nel futuro\u00bb.<\/p>\n\n\n<figure class=\"wp-block-image size-full\"><a href=\"https:\/\/www.lettera43.it\/galleria\/1297671\/1297688\"><img data-has-syndication-rights=\"1\" data-portal-copyright=\"Lettera43\" data-licensor-name=\"Lettera43\" decoding=\"async\" width=\"1200\" height=\"800\" src=\"https:\/\/www.lettera43.it\/wp-content\/uploads\/2026\/04\/Apple-Tim-Cook-lascia-il-ruolo-di-ceo.jpg\" alt=\"Apple, Tim Cook lascia il ruolo di ceo\" class=\"wp-image-1297688 lazyload\" title=\"Apple, Tim Cook lascia il ruolo di ceo\" data-src=\"https:\/\/www.lettera43.it\/wp-content\/uploads\/2026\/04\/Apple-Tim-Cook-lascia-il-ruolo-di-ceo.jpg\" loading=\"lazy\" data-has-syndication-rights=\"1\" data-licensor-name=\"Lettera43\" srcset=\"https:\/\/www.lettera43.it\/wp-content\/uploads\/2026\/04\/Apple-Tim-Cook-lascia-il-ruolo-di-ceo.jpg 1200w, https:\/\/www.lettera43.it\/wp-content\/uploads\/2026\/04\/Apple-Tim-Cook-lascia-il-ruolo-di-ceo-800x533.jpg 800w, https:\/\/www.lettera43.it\/wp-content\/uploads\/2026\/04\/Apple-Tim-Cook-lascia-il-ruolo-di-ceo-390x260.jpg 390w\" sizes=\"auto, (max-width: 1200px) 100vw, 1200px\" \/><\/a><figcaption class=\"wp-element-caption\">John Ternus (Ansa).<\/figcaption><\/figure>\n\n\n<h2 class=\"wp-block-heading\">Chi \u00e8 John Ternus<\/h2>\n\n\n\n<p>Nell&#8217;azienda dal 2001, Ternus ha assunto un&#8217;importanza crescente nella <strong>divisione hardware<\/strong>. Ha ricoperto un ruolo chiave nella progettazione dei <strong>processori Apple Silicon<\/strong> e ne ha guidato la transizione nei Mac da quelli x86. Ha contribuito allo sviluppo di gran parte dei prodotti Apple oggi sul mercato e a inizio marzo 2026 ha personalmente presentato il MacBook Neo. La sua nomina sarebbe stata decisa, oltre che all\u2019insegna della continuit\u00e0 interna, con un occhio al futuro imminente. A differenza di altri manager pi\u00f9 orientati alla gestione operativa, Ternus \u00e8 prima di tutto un <strong>ingegnere<\/strong>, cosa che assume particolare rilevanza in una fase in cui Apple punta su intelligenza artificiale, chip proprietari e dispositivi di nuova generazione.<\/p>\n\n\n\n<p><\/p>\n\n\n\n<p><\/p>\n","protected":false},"excerpt":{"rendered":"<p>L&#8217;addio dopo 15 anni. A prendere il suo posto sar\u00e0 John Ternus, attuale vicepresidente.<\/p>\n","protected":false},"author":4,"featured_media":0,"comment_status":"closed","ping_status":"closed","sticky":false,"template":"","format":"standard","meta":{"om_disable_all_campaigns":false,"_monsterinsights_skip_tracking":false,"_monsterinsights_sitenote_active":false,"_monsterinsights_sitenote_note":"","_monsterinsights_sitenote_category":0,"footnotes":""},"categories":[592,1612],"tags":[],"class_list":["post-828006","post","type-post","status-publish","format-standard","hentry","category-aziende","category-ultima-ora"],"aioseo_notices":[],"_links":{"self":[{"href":"https:\/\/nugnes.com\/index.php?rest_route=\/wp\/v2\/posts\/828006","targetHints":{"allow":["GET"]}}],"collection":[{"href":"https:\/\/nugnes.com\/index.php?rest_route=\/wp\/v2\/posts"}],"about":[{"href":"https:\/\/nugnes.com\/index.php?rest_route=\/wp\/v2\/types\/post"}],"author":[{"embeddable":true,"href":"https:\/\/nugnes.com\/index.php?rest_route=\/wp\/v2\/users\/4"}],"replies":[{"embeddable":true,"href":"https:\/\/nugnes.com\/index.php?rest_route=%2Fwp%2Fv2%2Fcomments&post=828006"}],"version-history":[{"count":1,"href":"https:\/\/nugnes.com\/index.php?rest_route=\/wp\/v2\/posts\/828006\/revisions"}],"predecessor-version":[{"id":828007,"href":"https:\/\/nugnes.com\/index.php?rest_route=\/wp\/v2\/posts\/828006\/revisions\/828007"}],"wp:attachment":[{"href":"https:\/\/nugnes.com\/index.php?rest_route=%2Fwp%2Fv2%2Fmedia&parent=828006"}],"wp:term":[{"taxonomy":"category","embeddable":true,"href":"https:\/\/nugnes.com\/index.php?rest_route=%2Fwp%2Fv2%2Fcategories&post=828006"},{"taxonomy":"post_tag","embeddable":true,"href":"https:\/\/nugnes.com\/index.php?rest_route=%2Fwp%2Fv2%2Ftags&post=828006"}],"curies":[{"name":"wp","href":"https:\/\/api.w.org\/{rel}","templated":true}]}}