{"id":828008,"date":"2026-04-21T07:43:08","date_gmt":"2026-04-21T07:43:08","guid":{"rendered":"https:\/\/www.lettera43.it\/?p=1297651"},"modified":"2026-04-21T07:43:08","modified_gmt":"2026-04-21T07:43:08","slug":"trump-silura-unaltra-ministra-via-anche-la-segretaria-al-lavoro","status":"publish","type":"post","link":"https:\/\/nugnes.com\/?p=828008","title":{"rendered":"Trump silura un\u2019altra ministra: via anche la segretaria al Lavoro"},"content":{"rendered":"\n<p>Dopo <strong><a href=\"https:\/\/www.lettera43.it\/trump-silura-segretaria-sicurezza-nazionale-kristi-noem\/\"  rel=\"noreferrer noopener\">Kristi Noem<\/a> <\/strong>e <strong><a href=\"https:\/\/www.lettera43.it\/trump-licenzia-procuratrice-generale-bondi-capo-stato-maggiore-esercito-george-noem-gabbard\/\"  rel=\"noreferrer noopener\">Pam Bondi<\/a><\/strong>, salta un\u2019altra ministra dell\u2019Amministrazione Trump: la segretaria al Lavoro Lori <strong>Chavez-DeRemer<\/strong>. Il capo della comunicazione della Casa Bianca, Steve Cheung, ha dichiarato che \u00abassumer\u00e0 una posizione nel settore privato\u00bb, formula gi\u00e0 usata per congedare la procuratrice generale Bondi. In realt\u00e0 l\u2019ormai ex segretaria al Lavoro \u00e8 stata travolta da un\u2019<strong>indagine interna<\/strong>.<\/p>\n\n\n<figure class=\"wp-block-image size-full\"><a href=\"https:\/\/www.lettera43.it\/galleria\/1297651\/1297656\"><img data-has-syndication-rights=\"1\" data-portal-copyright=\"Lettera43\" data-licensor-name=\"Lettera43\" decoding=\"async\" width=\"1200\" height=\"800\" src=\"https:\/\/www.lettera43.it\/wp-content\/uploads\/2026\/04\/tagfin_20260421094020976_e78f2e4ab00b9777fcc4f6c74389505e.jpg\" alt=\"Trump silura un\u2019altra ministra: via anche la segretaria al Lavoro\" class=\"wp-image-1297656 lazyload\" title=\"Trump silura un\u2019altra ministra: via anche la segretaria al Lavoro\" data-src=\"https:\/\/www.lettera43.it\/wp-content\/uploads\/2026\/04\/tagfin_20260421094020976_e78f2e4ab00b9777fcc4f6c74389505e.jpg\" loading=\"lazy\" data-has-syndication-rights=\"1\" data-licensor-name=\"Lettera43\" srcset=\"https:\/\/www.lettera43.it\/wp-content\/uploads\/2026\/04\/tagfin_20260421094020976_e78f2e4ab00b9777fcc4f6c74389505e.jpg 1200w, https:\/\/www.lettera43.it\/wp-content\/uploads\/2026\/04\/tagfin_20260421094020976_e78f2e4ab00b9777fcc4f6c74389505e-800x533.jpg 800w, https:\/\/www.lettera43.it\/wp-content\/uploads\/2026\/04\/tagfin_20260421094020976_e78f2e4ab00b9777fcc4f6c74389505e-390x260.jpg 390w\" sizes=\"auto, (max-width: 1200px) 100vw, 1200px\" \/><\/a><figcaption class=\"wp-element-caption\">Donald Trump (Ansa).<\/figcaption><\/figure>\n\n\n<h2 class=\"wp-block-heading\">Le accuse rivolte a Chavez-DeRemer<\/h2>\n\n\n\n<p>\u00abHa svolto un lavoro fenomenale nel suo ruolo, proteggendo i lavoratori americani, attuando pratiche di lavoro eque e aiutando gli americani ad acquisire competenze aggiuntive per migliorare le loro vite\u00bb, ha aggiunto Cheung. Il caso di Chavez-DeRemer \u00e8 diverso da quelli di Noem e Bondi, perch\u00e9 almeno ufficialmente \u00e8 stata lei a dimettersi e non <strong>Donald Trump<\/strong> a rimuoverla dall\u2019incarico. In realt\u00e0 da tempo c\u2019erano <strong>forti pressioni<\/strong> su di lei affinch\u00e9 facesse un passo indietro, visto che era finita nell\u2019occhio del ciclone per <strong>spese non consentite <\/strong>e comportamenti inappropriati sul lavoro. In particolare avrebbe avuto una <strong>relazione extraconiugale <\/strong>con un membro della sua scorta,<strong> bevuto alcolici <\/strong>durante l&#8217;orario di lavoro e usato risorse pubbliche per organizzare viaggi personali spacciati per impegni istituzionali. Non solo: secondo diverse ricostruzioni, <strong>il marito e il padre<\/strong> di Chavez-DeRemer avrebbero inviato messaggi inappropriati e richieste personali a giovani collaboratrici del suo staff.<\/p>\n\n\n<figure class=\"wp-block-image size-full\"><a href=\"https:\/\/www.lettera43.it\/galleria\/1297651\/1297657\"><img data-has-syndication-rights=\"1\" data-portal-copyright=\"Lettera43\" data-licensor-name=\"Lettera43\" decoding=\"async\" width=\"1200\" height=\"797\" src=\"https:\/\/www.lettera43.it\/wp-content\/uploads\/2026\/04\/Imagoeconomica_2322983.jpg\" alt=\"Trump silura un\u2019altra ministra: via anche la segretaria al Lavoro\" class=\"wp-image-1297657 lazyload\" title=\"Trump silura un\u2019altra ministra: via anche la segretaria al Lavoro\" data-src=\"https:\/\/www.lettera43.it\/wp-content\/uploads\/2026\/04\/Imagoeconomica_2322983.jpg\" loading=\"lazy\" data-has-syndication-rights=\"1\" data-licensor-name=\"Lettera43\" srcset=\"https:\/\/www.lettera43.it\/wp-content\/uploads\/2026\/04\/Imagoeconomica_2322983.jpg 1200w, https:\/\/www.lettera43.it\/wp-content\/uploads\/2026\/04\/Imagoeconomica_2322983-800x531.jpg 800w, https:\/\/www.lettera43.it\/wp-content\/uploads\/2026\/04\/Imagoeconomica_2322983-390x259.jpg 390w\" sizes=\"auto, (max-width: 1200px) 100vw, 1200px\" \/><\/a><figcaption class=\"wp-element-caption\">Lori Chavez-DeRemer (Imagoeconomica).<\/figcaption><\/figure>\n\n\n<h2 class=\"wp-block-heading\">Avrebbe dovuto affrontare un interrogatorio formale<\/h2>\n\n\n\n<p>L&#8217;<strong>ispettore generale<\/strong>, figura indipendente incaricata di sorvegliare l&#8217;etica e la legalit\u00e0 nei singoli ministeri, aveva aperto un\u2019indagine a gennaio: a giorni Chavez-DeRemer avrebbe dovuto affrontare un interrogatorio formale, anticipato per\u00f2 dalle dimissioni. Il comando del Dipartimento del Lavoro passa ora temporaneamente nelle mani del vice <strong>Keith Sonderling.<\/strong><\/p>\n","protected":false},"excerpt":{"rendered":"<p>Lascia l&#8217;incarico Lori Chavez-DeRemer, finita indagine non consentite e comportamenti inappropriati. Le dimissioni arrivano appena prima di un interrogatorio formale.<\/p>\n","protected":false},"author":4,"featured_media":0,"comment_status":"closed","ping_status":"closed","sticky":false,"template":"","format":"standard","meta":{"om_disable_all_campaigns":false,"_monsterinsights_skip_tracking":false,"_monsterinsights_sitenote_active":false,"_monsterinsights_sitenote_note":"","_monsterinsights_sitenote_category":0,"footnotes":""},"categories":[20,1612],"tags":[],"class_list":["post-828008","post","type-post","status-publish","format-standard","hentry","category-esteri","category-ultima-ora"],"aioseo_notices":[],"_links":{"self":[{"href":"https:\/\/nugnes.com\/index.php?rest_route=\/wp\/v2\/posts\/828008","targetHints":{"allow":["GET"]}}],"collection":[{"href":"https:\/\/nugnes.com\/index.php?rest_route=\/wp\/v2\/posts"}],"about":[{"href":"https:\/\/nugnes.com\/index.php?rest_route=\/wp\/v2\/types\/post"}],"author":[{"embeddable":true,"href":"https:\/\/nugnes.com\/index.php?rest_route=\/wp\/v2\/users\/4"}],"replies":[{"embeddable":true,"href":"https:\/\/nugnes.com\/index.php?rest_route=%2Fwp%2Fv2%2Fcomments&post=828008"}],"version-history":[{"count":1,"href":"https:\/\/nugnes.com\/index.php?rest_route=\/wp\/v2\/posts\/828008\/revisions"}],"predecessor-version":[{"id":828009,"href":"https:\/\/nugnes.com\/index.php?rest_route=\/wp\/v2\/posts\/828008\/revisions\/828009"}],"wp:attachment":[{"href":"https:\/\/nugnes.com\/index.php?rest_route=%2Fwp%2Fv2%2Fmedia&parent=828008"}],"wp:term":[{"taxonomy":"category","embeddable":true,"href":"https:\/\/nugnes.com\/index.php?rest_route=%2Fwp%2Fv2%2Fcategories&post=828008"},{"taxonomy":"post_tag","embeddable":true,"href":"https:\/\/nugnes.com\/index.php?rest_route=%2Fwp%2Fv2%2Ftags&post=828008"}],"curies":[{"name":"wp","href":"https:\/\/api.w.org\/{rel}","templated":true}]}}