{"id":828012,"date":"2026-04-21T07:12:43","date_gmt":"2026-04-21T07:12:43","guid":{"rendered":"https:\/\/www.lettera43.it\/?p=1297631"},"modified":"2026-04-21T07:12:43","modified_gmt":"2026-04-21T07:12:43","slug":"il-terremoto-in-forza-italia-e-i-nuovi-equilibri-tra-arcore-e-palazzo-chigi","status":"publish","type":"post","link":"https:\/\/nugnes.com\/?p=828012","title":{"rendered":"Il terremoto in Forza Italia e i nuovi equilibri tra Arcore e Palazzo Chigi"},"content":{"rendered":"\n<p>La domanda che molti nel <strong>centrodestra<\/strong> si stanno facendo in queste ore \u00e8 la seguente: il <strong>terremoto in Forza Italia<\/strong> mette a rischio la <strong>stabilit\u00e0 del governo<\/strong>? La risposta \u00e8: per il momento no. Ma <strong>Giorgia Meloni<\/strong> e i suoi pi\u00f9 stretti collaboratori a Palazzo Chigi, a partire da <strong>Giovanbattista Fazzolari<\/strong>, qualche inquietudine ce l\u2019hanno. Per un motivo molto semplice: in questi anni di governo hanno imparato a rapportarsi con <strong>Antonio Tajani<\/strong>, con le truppe parlamentari forziste guidate da <strong><a href=\"https:\/\/www.lettera43.it\/gasparri-dimesso-capogruppo-forza-italia-senato\/\"  rel=\"noreferrer noopener\">Maurizio Gasparri<\/a><\/strong> e <strong><a href=\"https:\/\/www.lettera43.it\/barelli-dimissioni-capogruppo-forza-italia-camera\/\"  rel=\"noreferrer noopener\">Paolo Barelli<\/a><\/strong>, assai fedeli all\u2019esecutivo.<\/p>\n\n\n<figure class=\"wp-block-image size-full\"><a href=\"https:\/\/www.lettera43.it\/galleria\/1297631\/1297646\"><img data-has-syndication-rights=\"1\" data-portal-copyright=\"Lettera43\" data-licensor-name=\"Lettera43\" decoding=\"async\" width=\"1200\" height=\"800\" src=\"https:\/\/www.lettera43.it\/wp-content\/uploads\/2026\/04\/Il-terremoto-in-Forza-Italia-e-i-nuovi-equilibri-tra-Arcore-e-Palazzo-Chigi-meo.jpg\" alt=\"Il terremoto in Forza Italia e i nuovi equilibri tra Arcore e Palazzo Chigi\" class=\"wp-image-1297646 lazyload\" title=\"Il terremoto in Forza Italia e i nuovi equilibri tra Arcore e Palazzo Chigi\" data-src=\"https:\/\/www.lettera43.it\/wp-content\/uploads\/2026\/04\/Il-terremoto-in-Forza-Italia-e-i-nuovi-equilibri-tra-Arcore-e-Palazzo-Chigi-meo.jpg\" loading=\"lazy\" data-has-syndication-rights=\"1\" data-licensor-name=\"Lettera43\" srcset=\"https:\/\/www.lettera43.it\/wp-content\/uploads\/2026\/04\/Il-terremoto-in-Forza-Italia-e-i-nuovi-equilibri-tra-Arcore-e-Palazzo-Chigi-meo.jpg 1200w, https:\/\/www.lettera43.it\/wp-content\/uploads\/2026\/04\/Il-terremoto-in-Forza-Italia-e-i-nuovi-equilibri-tra-Arcore-e-Palazzo-Chigi-meo-800x533.jpg 800w, https:\/\/www.lettera43.it\/wp-content\/uploads\/2026\/04\/Il-terremoto-in-Forza-Italia-e-i-nuovi-equilibri-tra-Arcore-e-Palazzo-Chigi-meo-390x260.jpg 390w\" sizes=\"auto, (max-width: 1200px) 100vw, 1200px\" \/><\/a><figcaption class=\"wp-element-caption\">Giorgia Meloni (Imagoeconomica).<\/figcaption><\/figure>\n\n\n<h2 class=\"wp-block-heading\">Meloni dovr\u00e0 riprendere il rapporto con i Berlusconi<\/h2>\n\n\n\n<p>Ora con <strong>Stefania Craxi<\/strong> in Senato ed <strong>Enrico Costa<\/strong> alla Camera sar\u00e0 ancora cos\u00ec? Meloni sa bene che, dopo questo <a href=\"https:\/\/www.lettera43.it\/forza-italia-referendum-gasparri-tajani-rinnovamento-marina-berlusconi\/\"  rel=\"noreferrer noopener\">intervento della famiglia<\/a> su Forza Italia, il suo interlocutore per il prossimo anno di governo non pu\u00f2 essere solo Tajani. <\/p>\n\n\n<figure class=\"wp-block-image size-full\"><a href=\"https:\/\/www.lettera43.it\/galleria\/1297631\/1297645\"><img data-has-syndication-rights=\"1\" data-portal-copyright=\"Lettera43\" data-licensor-name=\"Lettera43\" decoding=\"async\" width=\"1200\" height=\"800\" src=\"https:\/\/www.lettera43.it\/wp-content\/uploads\/2026\/04\/Il-terremoto-in-Forza-Italia-e-i-nuovi-equilibri-tra-Arcore-e-Palazzo-Chigi-costa.jpg\" alt=\"Il terremoto in Forza Italia e i nuovi equilibri tra Arcore e Palazzo Chigi\" class=\"wp-image-1297645 lazyload\" title=\"Il terremoto in Forza Italia e i nuovi equilibri tra Arcore e Palazzo Chigi\" data-src=\"https:\/\/www.lettera43.it\/wp-content\/uploads\/2026\/04\/Il-terremoto-in-Forza-Italia-e-i-nuovi-equilibri-tra-Arcore-e-Palazzo-Chigi-costa.jpg\" loading=\"lazy\" data-has-syndication-rights=\"1\" data-licensor-name=\"Lettera43\" srcset=\"https:\/\/www.lettera43.it\/wp-content\/uploads\/2026\/04\/Il-terremoto-in-Forza-Italia-e-i-nuovi-equilibri-tra-Arcore-e-Palazzo-Chigi-costa.jpg 1200w, https:\/\/www.lettera43.it\/wp-content\/uploads\/2026\/04\/Il-terremoto-in-Forza-Italia-e-i-nuovi-equilibri-tra-Arcore-e-Palazzo-Chigi-costa-800x533.jpg 800w, https:\/\/www.lettera43.it\/wp-content\/uploads\/2026\/04\/Il-terremoto-in-Forza-Italia-e-i-nuovi-equilibri-tra-Arcore-e-Palazzo-Chigi-costa-390x260.jpg 390w\" sizes=\"auto, (max-width: 1200px) 100vw, 1200px\" \/><\/a><figcaption class=\"wp-element-caption\">Enrico Costa (Imagoeconomica).<\/figcaption><\/figure>\n\n\n<p>Dovr\u00e0 essere, gioco forza, anche <strong>Marina Berlusconi<\/strong>. Le due, a quanto si sa, di recente non si sono sentite al telefono. Ma potrebbero farlo presto. Perch\u00e9 ormai la premier ha capito che con Tajani potr\u00e0 andare d\u2019amore e d\u2019accordo, ma non \u00e8 lui a tenere la golden share del partito. Se Arcore comanda, lui \u00e8 costretto a ubbidire, anche se a malincuore, come si \u00e8 visto con i capigruppo. Quindi toccher\u00e0 alla premier riprendere i fili di un rapporto con i Berlusconi che negli ultimi anni \u00e8 stato altalenante. Qualcuno (Fazzolari) ha suggerito alla presidente del Consiglio di attivare una sorta di filo diretto, un telefono rosso tra lei e Marina da utilizzare quando \u00e8 necessario, per le questioni importanti. La premier non stravede all\u2019idea ma, se serve, lo far\u00e0. Per ora, per\u00f2, si naviga a vista.<\/p>\n\n\n<figure class=\"wp-block-image size-full\"><a href=\"https:\/\/www.lettera43.it\/galleria\/1297631\/1294559\"><img data-has-syndication-rights=\"1\" data-portal-copyright=\"Lettera43\" data-licensor-name=\"Lettera43\" decoding=\"async\" width=\"1200\" height=\"948\" src=\"https:\/\/www.lettera43.it\/wp-content\/uploads\/2026\/04\/Screenshot-2026-04-01-alle-11.18.48.jpg\" alt=\"Il terremoto in Forza Italia e i nuovi equilibri tra Arcore e Palazzo Chigi\" class=\"wp-image-1294559 lazyload\" title=\"Il terremoto in Forza Italia e i nuovi equilibri tra Arcore e Palazzo Chigi\" data-src=\"https:\/\/www.lettera43.it\/wp-content\/uploads\/2026\/04\/Screenshot-2026-04-01-alle-11.18.48.jpg\" loading=\"lazy\" data-has-syndication-rights=\"1\" data-licensor-name=\"Lettera43\" srcset=\"https:\/\/www.lettera43.it\/wp-content\/uploads\/2026\/04\/Screenshot-2026-04-01-alle-11.18.48.jpg 1200w, https:\/\/www.lettera43.it\/wp-content\/uploads\/2026\/04\/Screenshot-2026-04-01-alle-11.18.48-800x632.jpg 800w, https:\/\/www.lettera43.it\/wp-content\/uploads\/2026\/04\/Screenshot-2026-04-01-alle-11.18.48-390x308.jpg 390w\" sizes=\"auto, (max-width: 1200px) 100vw, 1200px\" \/><\/a><figcaption class=\"wp-element-caption\">Gianni Letta e Marina Berlusconi (Imagoeconomica).<\/figcaption><\/figure>\n\n\n<h2 class=\"wp-block-heading\">Gli attriti all&#8217;interno della maggioranza e la strategia di FI<\/h2>\n\n\n\n<p>Gli ultimi sussulti riguardano la <strong><a href=\"https:\/\/www.lettera43.it\/si-stringe-per-completare-squadra-governo-resta-nodo-consob\/\"  rel=\"noreferrer noopener\">nomina alla presidenza della Consob<\/a><\/strong> del leghista (anomalo) <strong>Federico Freni<\/strong>, stoppata da FI finch\u00e9 il partito non avr\u00e0 rassicurazioni sui nuovi ingressi al governo, Paolo Barelli ma non solo. Ma pure la norma nel <strong>decreto sicurezza<\/strong> sui fondi agli avvocati che lavorano per i <strong>rimpatri dei migranti<\/strong> non \u00e8 piaciuta affatto alla parte liberal di FI, poich\u00e9 \u00e8 un provvedimento che \u201cpuzza\u201d di <strong>remigrazione<\/strong>. Insomma, le questioni e le divisioni sul tavolo ci sono e ci saranno. E la premier dovr\u00e0 abituarsi ad avere a che fare con una Fi meno destrorsa e <strong>pi\u00f9 liberal <\/strong>su molti temi, a partire dai <strong>diritti civili<\/strong>. \u00c8 notizia di queste ore che i berluscones abbiano intenzione di riaprire due capitoli lasciati in stand by come la <strong>legge sul fine vita<\/strong> e quella sullo <strong>ius scholae<\/strong>. Temi su cui i forzisti sono molto pi\u00f9 vicini alle posizioni del Pd che a quelle degli alleati di governo.\u00a0Mentre Tajani ha fatto sapere di voler invitare il nuovo premier ungherese <a href=\"https:\/\/www.lettera43.it\/chi-e-peter-magyar-nuovo-primo-ministro-ungheria-orban\/\"  rel=\"noreferrer noopener\"><strong>P\u00e9ter Magyar<\/strong> <\/a>a Roma per i 50 anni del Ppe.\u00a0<\/p>\n\n\n<figure class=\"wp-block-image size-full\"><a href=\"https:\/\/www.lettera43.it\/galleria\/1297631\/1295977\"><img data-has-syndication-rights=\"1\" data-portal-copyright=\"Lettera43\" data-licensor-name=\"Lettera43\" decoding=\"async\" width=\"1200\" height=\"800\" src=\"https:\/\/www.lettera43.it\/wp-content\/uploads\/2026\/04\/Incontro-Tajani-Marina-Berlusconi-i-nodi-ancora-da-sciogliere-taja-1.jpg\" alt=\"Il terremoto in Forza Italia e i nuovi equilibri tra Arcore e Palazzo Chigi\" class=\"wp-image-1295977 lazyload\" title=\"Il terremoto in Forza Italia e i nuovi equilibri tra Arcore e Palazzo Chigi\" data-src=\"https:\/\/www.lettera43.it\/wp-content\/uploads\/2026\/04\/Incontro-Tajani-Marina-Berlusconi-i-nodi-ancora-da-sciogliere-taja-1.jpg\" loading=\"lazy\" data-has-syndication-rights=\"1\" data-licensor-name=\"Lettera43\" srcset=\"https:\/\/www.lettera43.it\/wp-content\/uploads\/2026\/04\/Incontro-Tajani-Marina-Berlusconi-i-nodi-ancora-da-sciogliere-taja-1.jpg 1200w, https:\/\/www.lettera43.it\/wp-content\/uploads\/2026\/04\/Incontro-Tajani-Marina-Berlusconi-i-nodi-ancora-da-sciogliere-taja-1-800x533.jpg 800w, https:\/\/www.lettera43.it\/wp-content\/uploads\/2026\/04\/Incontro-Tajani-Marina-Berlusconi-i-nodi-ancora-da-sciogliere-taja-1-390x260.jpg 390w\" sizes=\"auto, (max-width: 1200px) 100vw, 1200px\" \/><\/a><figcaption class=\"wp-element-caption\">Antonio Tajani (Imagoeconomica).<\/figcaption><\/figure>\n\n\n<h2 class=\"wp-block-heading\">I possibili innesti da Mediaset e le preoccupazioni di Confalonieri<\/h2>\n\n\n\n<p>Fondamentale, per la tenuta dell\u2019esecutivo, sar\u00e0 vedere come si assester\u00e0 il riequilibrio nel partito berlusconiano, come si poser\u00e0 la polvere in vista di un ultimo anno di governo. La presunta discesa in campo di Marina Berlusconi al momento non \u00e8 prevista, come luned\u00ec \u00e8 tornato a sottolineare <strong>Giorgio Mul\u00e8<\/strong>. Per ora l\u2019intenzione di Marina e Pier Silvio \u00e8 quella di mettere in posizioni chiave persone a loro vicine, soprattutto in vista delle liste elettorali per le <strong>Politiche<\/strong>, che saranno vidimate in ultima istanza ad Arcore. Col rischio che un pezzo dell\u2019azienda traslochi nel partito. In tal senso <em>il Foglio<\/em> ha fatto i nomi dell\u2019ex portavoce di Marina, <strong>Franco Curr\u00f2<\/strong>, del giornalista <strong>Paolo Liguori<\/strong>, di <strong>Leonardo Panetta<\/strong>, dell&#8217;ex moglie di Paolo Del Debbio e potente donna <strong>Mediaset<\/strong>, <strong>Gina Nieri<\/strong>, del manager <strong>Ernesto Mauri<\/strong> e della collaboratrice di Mauro Crippa, <strong>Lorenza Mazzotti<\/strong>. Alla faccia dei volti nuovi&#8230; Staremo a vedere. Non risulta per\u00f2 che <strong>Fedele Confalonieri<\/strong>, come qualcuno ha scritto, abbia \u201ccazziato\u201d Marina e Pier Silvio per la loro voglia di scendere in campo. Di sicuro, per\u00f2, a Fidel non fa piacere che un pezzo di azienda trasmigri tra gli azzurri, come avvenne nel 1994 con la discesa in campo di Silvio Berlusconi, che per\u00f2 ebbe l\u2019intelligenza di portare nel partito le terze e le quarte file di Mediaset, Fininvest e Publitalia, non certo le prime.<\/p>\n\n\n<figure class=\"wp-block-image size-full\"><a href=\"https:\/\/www.lettera43.it\/galleria\/1297631\/1297649\"><img data-has-syndication-rights=\"1\" data-portal-copyright=\"Lettera43\" data-licensor-name=\"Lettera43\" decoding=\"async\" width=\"819\" height=\"1200\" src=\"https:\/\/www.lettera43.it\/wp-content\/uploads\/2026\/04\/Il-terremoto-in-Forza-Italia-e-i-nuovi-equilibri-tra-Arcore-e-Palazzo-Chigi-fedel.jpg\" alt=\"Il terremoto in Forza Italia e i nuovi equilibri tra Arcore e Palazzo Chigi\" class=\"wp-image-1297649 lazyload\" title=\"Il terremoto in Forza Italia e i nuovi equilibri tra Arcore e Palazzo Chigi\" data-src=\"https:\/\/www.lettera43.it\/wp-content\/uploads\/2026\/04\/Il-terremoto-in-Forza-Italia-e-i-nuovi-equilibri-tra-Arcore-e-Palazzo-Chigi-fedel.jpg\" loading=\"lazy\" data-has-syndication-rights=\"1\" data-licensor-name=\"Lettera43\" srcset=\"https:\/\/www.lettera43.it\/wp-content\/uploads\/2026\/04\/Il-terremoto-in-Forza-Italia-e-i-nuovi-equilibri-tra-Arcore-e-Palazzo-Chigi-fedel.jpg 819w, https:\/\/www.lettera43.it\/wp-content\/uploads\/2026\/04\/Il-terremoto-in-Forza-Italia-e-i-nuovi-equilibri-tra-Arcore-e-Palazzo-Chigi-fedel-800x1172.jpg 800w, https:\/\/www.lettera43.it\/wp-content\/uploads\/2026\/04\/Il-terremoto-in-Forza-Italia-e-i-nuovi-equilibri-tra-Arcore-e-Palazzo-Chigi-fedel-390x571.jpg 390w\" sizes=\"auto, (max-width: 819px) 100vw, 819px\" \/><\/a><figcaption class=\"wp-element-caption\">Fedele Confalonieri (Imagoeconomica).<\/figcaption><\/figure>\n\n\n<h2 class=\"wp-block-heading\">I motivi della sterzata liberale dell&#8217;azienda non sono solo politici<\/h2>\n\n\n\n<p>Sta di fatto, per\u00f2, che <strong>dentro Mediaset<\/strong> la sterzata dei Berlusconi per un partito <strong>meno destrorso <\/strong>e sdraiato sul governo qualche maldipancia lo sta generando, specie tra quelli che coi loro programmi soffiano nelle vele di Salvini e Meloni, ovvero <strong>Paolo Del Debbio<\/strong> &#8211; che sulla <em>Verit\u00e0<\/em> ha attaccato Arcore per la convocazione di Tajani in azienda &#8211; e <strong>Mario Giordano<\/strong>, che domenica scorsa \u00e8 addirittura andato a comiziare sul palco della Lega esortando alla \u201cremigrazione\u201d. Mentre una parte di azzurri milanesi manifestava in difesa dei figli dei migranti, generando un <strong>corto circuito nel centrodestra<\/strong> che \u00e8 stato criticato da <strong>Licia Ronzulli<\/strong> (anti-Tajani ma rimasta vicina alla Lega). Del resto la sterzata a sinistra si era gi\u00e0 vista nelle ultime stagioni proprio sui canali Mediaset, perch\u00e9 la tv anticipa sempre la politica. Con <em>Cartabianca<\/em> e <em>Realpolitik<\/em> l\u2019intenzione di Cologno \u00e8 andare a coprire quel pezzo di elettorato prima molto distante. Non \u00e8 soltanto una questione politica, ma anche aziendale. Coprendosi a sinistra, le <strong>reti del Biscione<\/strong> cercano di intercettare un certo tipo di pubblico, chiamiamolo di \u201c<strong>borghesia progressista<\/strong>\u201d, che \u00e8 assai pi\u00f9 colto e soprattutto alto spendente rispetto al pubblico storico di Rete4, per la gioia degli inserzionisti. Insomma, dietro la <strong>sterzata a sinistra<\/strong> di Mediaset ci sono anche <strong>motivi aziendali<\/strong> <strong>ed economici,<\/strong> non solo politici.<\/p>\n\n\n<figure class=\"wp-block-image size-full\"><a href=\"https:\/\/www.lettera43.it\/galleria\/1297631\/1297648\"><img data-has-syndication-rights=\"1\" data-portal-copyright=\"Lettera43\" data-licensor-name=\"Lettera43\" decoding=\"async\" width=\"1200\" height=\"800\" src=\"https:\/\/www.lettera43.it\/wp-content\/uploads\/2026\/04\/MEDIASET1.jpg\" alt=\"Il terremoto in Forza Italia e i nuovi equilibri tra Arcore e Palazzo Chigi\" class=\"wp-image-1297648 lazyload\" title=\"Il terremoto in Forza Italia e i nuovi equilibri tra Arcore e Palazzo Chigi\" data-src=\"https:\/\/www.lettera43.it\/wp-content\/uploads\/2026\/04\/MEDIASET1.jpg\" loading=\"lazy\" data-has-syndication-rights=\"1\" data-licensor-name=\"Lettera43\" srcset=\"https:\/\/www.lettera43.it\/wp-content\/uploads\/2026\/04\/MEDIASET1.jpg 1200w, https:\/\/www.lettera43.it\/wp-content\/uploads\/2026\/04\/MEDIASET1-800x533.jpg 800w, https:\/\/www.lettera43.it\/wp-content\/uploads\/2026\/04\/MEDIASET1-390x260.jpg 390w\" sizes=\"auto, (max-width: 1200px) 100vw, 1200px\" \/><\/a><figcaption class=\"wp-element-caption\">La torre Mediaset a Cologno Monzese (Imagoeconomica).<\/figcaption><\/figure>\n\n\n<h2 class=\"wp-block-heading\">L&#8217;ipotesi di un nuovo patto del Nazareno e la ricerca del futuro leader<\/h2>\n\n\n\n<p>Comunque tutto ci\u00f2 servir\u00e0 anche al partito, perch\u00e9 se davvero dalle prossime elezioni dovesse uscire un sostanziale pareggio, \u00e8 verosimile che FI possa essere tentata da uno <strong>sganciamento da Lega e FdI <\/strong>per aprire un dialogo con Pd e centristi per possibili <strong>governi alla \u201ctedesca\u201d<\/strong>. Una sorta di <strong>nuovo patto del Nazareno<\/strong>, il cui gran ciambellano potrebbe essere di nuovo <strong>Gianni Letta<\/strong>. Come ha ben ricostruito Francesco Bei su <em>Repubblica<\/em>, Marina e Pier Silvio Berlusconi stanno costruendo una Forza Italia in grado di dialogare anche a sinistra nel caso si aprissero trattative per <strong>governi di unit\u00e0 nazionale<\/strong>. Insomma, tra i berluscones si lavora per proporre un\u2019offerta politica pi\u00f9 variegata e meno monocorde. Poi, dopo il voto, si andr\u00e0 a<strong> congresso<\/strong>&nbsp;(luned\u00ec sera in una riunione di partito \u00e8 stato deciso di andare avanti con quelli locali solo dove non ci sono divisioni e criticit\u00e0) e qui sono ben pochi quelli che scommettono su una discesa in campo dei figli. Che invece nei loro incontri con i vari esponenti forzisti lasciano intendere di essere alla ricerca di un<strong> futuro leader azzurro<\/strong> che ancora non c\u2019\u00e8. Qualcuno dice che potrebbe essere il governatore del Piemonte<strong><a href=\"https:\/\/www.lettera43.it\/forza-italia-tajani-marina-berlusconi-occhiuto-cirio-barelli-casasco-valentini\/\"  rel=\"noreferrer noopener\"> Alberto Cirio<\/a><\/strong>. Altri sostengono che i Berlusconi guardino anche fuori dal partito, chiss\u00e0. A Tajani, come scrive <em>Repubblica<\/em>, sar\u00e0 concesso di riportare in Parlamento un <strong>manipolo di fedelissimi<\/strong> e forse di sperare di accomodarsi sulla poltrona da presidente del Senato. Mentre sullo sfondo resta ben viva pure la partita che si giocher\u00e0 per il <strong>Quirinale<\/strong>. &nbsp;<\/p>\n","protected":false},"excerpt":{"rendered":"<p>Dopo l&#8217;intervento dei Berlusconi, Meloni sa che Tajani non sar\u00e0 pi\u00f9 l&#8217;unico interlocutore. Mentre nel centrodestra si moltiplicano gli attriti, il partito azzurro guarda al centro. E, in vista delle Politiche, a Mediaset&#8230;<\/p>\n","protected":false},"author":4,"featured_media":0,"comment_status":"closed","ping_status":"closed","sticky":false,"template":"","format":"standard","meta":{"om_disable_all_campaigns":false,"_monsterinsights_skip_tracking":false,"_monsterinsights_sitenote_active":false,"_monsterinsights_sitenote_note":"","_monsterinsights_sitenote_category":0,"footnotes":""},"categories":[15],"tags":[],"class_list":["post-828012","post","type-post","status-publish","format-standard","hentry","category-politica"],"aioseo_notices":[],"_links":{"self":[{"href":"https:\/\/nugnes.com\/index.php?rest_route=\/wp\/v2\/posts\/828012","targetHints":{"allow":["GET"]}}],"collection":[{"href":"https:\/\/nugnes.com\/index.php?rest_route=\/wp\/v2\/posts"}],"about":[{"href":"https:\/\/nugnes.com\/index.php?rest_route=\/wp\/v2\/types\/post"}],"author":[{"embeddable":true,"href":"https:\/\/nugnes.com\/index.php?rest_route=\/wp\/v2\/users\/4"}],"replies":[{"embeddable":true,"href":"https:\/\/nugnes.com\/index.php?rest_route=%2Fwp%2Fv2%2Fcomments&post=828012"}],"version-history":[{"count":1,"href":"https:\/\/nugnes.com\/index.php?rest_route=\/wp\/v2\/posts\/828012\/revisions"}],"predecessor-version":[{"id":828013,"href":"https:\/\/nugnes.com\/index.php?rest_route=\/wp\/v2\/posts\/828012\/revisions\/828013"}],"wp:attachment":[{"href":"https:\/\/nugnes.com\/index.php?rest_route=%2Fwp%2Fv2%2Fmedia&parent=828012"}],"wp:term":[{"taxonomy":"category","embeddable":true,"href":"https:\/\/nugnes.com\/index.php?rest_route=%2Fwp%2Fv2%2Fcategories&post=828012"},{"taxonomy":"post_tag","embeddable":true,"href":"https:\/\/nugnes.com\/index.php?rest_route=%2Fwp%2Fv2%2Ftags&post=828012"}],"curies":[{"name":"wp","href":"https:\/\/api.w.org\/{rel}","templated":true}]}}