{"id":828026,"date":"2026-04-21T15:02:31","date_gmt":"2026-04-21T15:02:31","guid":{"rendered":"https:\/\/www.lettera43.it\/?p=1297829"},"modified":"2026-04-21T15:02:31","modified_gmt":"2026-04-21T15:02:31","slug":"tucker-carlson-volta-le-spalle-a-trump-pentito-di-averlo-sostenuto","status":"publish","type":"post","link":"https:\/\/nugnes.com\/?p=828026","title":{"rendered":"Tucker Carlson volta le spalle a Trump: \u00abPentito di averlo sostenuto\u00bb"},"content":{"rendered":"\n<p>Non bastavano gli indici di gradimento in picchiata. Adesso<strong> Donald Trump<\/strong> comincia anche a perdere il sostegno dei sostenitori pi\u00f9 accesi. Come il noto<strong> podcaster MAGA <\/strong>ed ex presentatore di <em>Fox News <\/em><strong>Tucker Carlson<\/strong>, che ha preso definitivamente le distanze dal presidente Usa, assumendosi con tono affranto la responsabilit\u00e0 del suo ritorno al potere. Il <strong>mea culpa<\/strong> di Carlson \u00e8 arrivato nel corso di una conversazione col fratello Buckley, <strong>ex speechwriter <\/strong>del tycoon.<\/p>\n\n\n<figure class=\"wp-block-image size-full\"><a href=\"https:\/\/www.lettera43.it\/galleria\/1297829\/1297835\"><img data-has-syndication-rights=\"1\" data-portal-copyright=\"Lettera43\" data-licensor-name=\"Lettera43\" decoding=\"async\" width=\"1200\" height=\"743\" src=\"https:\/\/www.lettera43.it\/wp-content\/uploads\/2026\/04\/tagfin_20260421165549180_faa3ea16bd40254e905dc7896df6d645.jpg\" alt=\"Tucker Carlson volta le spalle a Trump: \u00abPentito di averlo sostenuto\u00bb\" class=\"wp-image-1297835 lazyload\" title=\"Tucker Carlson volta le spalle a Trump: \u00abPentito di averlo sostenuto\u00bb\" data-src=\"https:\/\/www.lettera43.it\/wp-content\/uploads\/2026\/04\/tagfin_20260421165549180_faa3ea16bd40254e905dc7896df6d645.jpg\" loading=\"lazy\" data-has-syndication-rights=\"1\" data-licensor-name=\"Lettera43\" srcset=\"https:\/\/www.lettera43.it\/wp-content\/uploads\/2026\/04\/tagfin_20260421165549180_faa3ea16bd40254e905dc7896df6d645.jpg 1200w, https:\/\/www.lettera43.it\/wp-content\/uploads\/2026\/04\/tagfin_20260421165549180_faa3ea16bd40254e905dc7896df6d645-800x495.jpg 800w, https:\/\/www.lettera43.it\/wp-content\/uploads\/2026\/04\/tagfin_20260421165549180_faa3ea16bd40254e905dc7896df6d645-390x241.jpg 390w\" sizes=\"auto, (max-width: 1200px) 100vw, 1200px\" \/><\/a><figcaption class=\"wp-element-caption\">Donald Trump e Tucker Carlson (Ansa).<\/figcaption><\/figure>\n\n\n<h2 class=\"wp-block-heading\">Carlson fu licenziato da Fox News per le teorie complottiste sulla vittoria rubata di Biden<\/h2>\n\n\n\n<p>\u00abTu hai scritto discorsi per lui, io ho fatto campagna elettorale per lui. Insomma, siamo sicuramente implicati in questa vicenda\u00bb, ha detto rivolgendosi al fratello durante una puntata del <strong>The Tucker Carlson Show<\/strong>: \u00abPenso che sia il momento di fare i conti con la nostra coscienza. Ne saremo tormentati a lungo. Io lo sar\u00f2. E voglio dire che mi dispiace aver tratto in inganno tante persone, non era mia intenzione\u00bb. Sebbene nel 1999 lo avesse definito \u00ab<strong>la persona pi\u00f9 ripugnante del pianeta<\/strong>\u00bb, Carlson fu tra i primi a chiedere che The Donald venisse preso sul serio quando si candid\u00f2 alle <strong>primarie repubblicane<\/strong> nel 2016. Licenziato da <em>Fox News<\/em> per le <a href=\"https:\/\/www.lettera43.it\/tucker-carlson-zelensky-intervista-putin-trump-fox-news\/\"  rel=\"noreferrer noopener\">teorie complottiste sulla vittoria rubata di <strong>Joe Biden<\/strong><\/a> nel 2020 (e il sostegno a <strong>Vladimir Putin<\/strong>), quando poi Trump si \u00e8 riproposto per un <strong>secondo mandato<\/strong> quattro anni dopo, Carlson gli ha tirato la volata per tutta la <strong>campagna elettorale<\/strong>, intervenendo anche un suo comizio a pochi giorni dal voto. Ora la rottura.<\/p>\n\n\n<figure class=\"wp-block-image size-full\"><a href=\"https:\/\/www.lettera43.it\/galleria\/1297829\/1297833\"><img data-has-syndication-rights=\"1\" data-portal-copyright=\"Lettera43\" data-licensor-name=\"Lettera43\" decoding=\"async\" width=\"1200\" height=\"800\" src=\"https:\/\/www.lettera43.it\/wp-content\/uploads\/2026\/04\/tagfin_2026042116561983_1d440813e8422032bff8f3a95ba6f662.jpg\" alt=\"Tucker Carlson volta le spalle a Trump: \u00abPentito di averlo sostenuto\u00bb\" class=\"wp-image-1297833 lazyload\" title=\"Tucker Carlson volta le spalle a Trump: \u00abPentito di averlo sostenuto\u00bb\" data-src=\"https:\/\/www.lettera43.it\/wp-content\/uploads\/2026\/04\/tagfin_2026042116561983_1d440813e8422032bff8f3a95ba6f662.jpg\" loading=\"lazy\" data-has-syndication-rights=\"1\" data-licensor-name=\"Lettera43\" srcset=\"https:\/\/www.lettera43.it\/wp-content\/uploads\/2026\/04\/tagfin_2026042116561983_1d440813e8422032bff8f3a95ba6f662.jpg 1200w, https:\/\/www.lettera43.it\/wp-content\/uploads\/2026\/04\/tagfin_2026042116561983_1d440813e8422032bff8f3a95ba6f662-800x533.jpg 800w, https:\/\/www.lettera43.it\/wp-content\/uploads\/2026\/04\/tagfin_2026042116561983_1d440813e8422032bff8f3a95ba6f662-390x260.jpg 390w\" sizes=\"auto, (max-width: 1200px) 100vw, 1200px\" \/><\/a><figcaption class=\"wp-element-caption\">Tucker Carlson (Ansa).<\/figcaption><\/figure>\n\n\n<h2 class=\"wp-block-heading\">Trump lo aveva definito \u00abuna persona con un QI basso e molto sopravvalutata\u00bb<\/h2>\n\n\n\n<p>Carlson si \u00e8 detto in disaccordo con Trump sul sostegno degli <strong>Stati Uniti <\/strong>a <strong>Israele <\/strong>e sulla guerra che i due Paesi hanno intrapreso contro l\u2019<strong>Iran<\/strong>, definendo \u00abvile sotto ogni punto di vista\u00bb il linguaggio usato dal tycoon nei confronti della Repubblica Islamica. Il mea culpa di Carlson arriva a stretto giro da un duro attacco di Trump ad alcune rilevanti figure MAGA &#8211; tra cui Megyn Kelly, Candace Owens, Alex Jones e lo stesso podcaster, definito \u00abuna persona con un <strong>QI basso<\/strong>, sempre facile da battere e molto sopravvalutata\u00bb. Prima di questo strappo definitivo, gi\u00e0 a inizio aprile Carlson aveva detto a <em>Newsmax<\/em>: \u00abHo sempre apprezzato Trump e ora <strong>provo pena per lui<\/strong>, come per tutti gli schiavi. \u00c8 messo alle strette da altre forze. Non \u00e8 in grado di prendere le proprie decisioni. \u00c8 terribile da vedere\u00bb.<\/p>\n","protected":false},"excerpt":{"rendered":"<p>Il noto podcaster MAGA, fino a poco tempo fa tra i pi\u00f9 preziosi alleati del presidente Usa, ha chiesto scusa per \u00abaver tratto in inganno molte persone\u00bb.<\/p>\n","protected":false},"author":4,"featured_media":0,"comment_status":"closed","ping_status":"closed","sticky":false,"template":"","format":"standard","meta":{"om_disable_all_campaigns":false,"_monsterinsights_skip_tracking":false,"_monsterinsights_sitenote_active":false,"_monsterinsights_sitenote_note":"","_monsterinsights_sitenote_category":0,"footnotes":""},"categories":[20,1612],"tags":[],"class_list":["post-828026","post","type-post","status-publish","format-standard","hentry","category-esteri","category-ultima-ora"],"aioseo_notices":[],"_links":{"self":[{"href":"https:\/\/nugnes.com\/index.php?rest_route=\/wp\/v2\/posts\/828026","targetHints":{"allow":["GET"]}}],"collection":[{"href":"https:\/\/nugnes.com\/index.php?rest_route=\/wp\/v2\/posts"}],"about":[{"href":"https:\/\/nugnes.com\/index.php?rest_route=\/wp\/v2\/types\/post"}],"author":[{"embeddable":true,"href":"https:\/\/nugnes.com\/index.php?rest_route=\/wp\/v2\/users\/4"}],"replies":[{"embeddable":true,"href":"https:\/\/nugnes.com\/index.php?rest_route=%2Fwp%2Fv2%2Fcomments&post=828026"}],"version-history":[{"count":1,"href":"https:\/\/nugnes.com\/index.php?rest_route=\/wp\/v2\/posts\/828026\/revisions"}],"predecessor-version":[{"id":828027,"href":"https:\/\/nugnes.com\/index.php?rest_route=\/wp\/v2\/posts\/828026\/revisions\/828027"}],"wp:attachment":[{"href":"https:\/\/nugnes.com\/index.php?rest_route=%2Fwp%2Fv2%2Fmedia&parent=828026"}],"wp:term":[{"taxonomy":"category","embeddable":true,"href":"https:\/\/nugnes.com\/index.php?rest_route=%2Fwp%2Fv2%2Fcategories&post=828026"},{"taxonomy":"post_tag","embeddable":true,"href":"https:\/\/nugnes.com\/index.php?rest_route=%2Fwp%2Fv2%2Ftags&post=828026"}],"curies":[{"name":"wp","href":"https:\/\/api.w.org\/{rel}","templated":true}]}}