{"id":828195,"date":"2026-04-24T11:00:46","date_gmt":"2026-04-24T11:00:46","guid":{"rendered":"https:\/\/www.lettera43.it\/?p=1298369"},"modified":"2026-04-24T11:00:46","modified_gmt":"2026-04-24T11:00:46","slug":"decreto-sicurezza-ok-definitivo-alla-camera-le-opposizioni-cantano-bella-ciao","status":"publish","type":"post","link":"https:\/\/nugnes.com\/?p=828195","title":{"rendered":"Decreto sicurezza, ok definitivo alla Camera: le opposizioni cantano Bella Ciao"},"content":{"rendered":"\n<p>L&#8217;Aula della Camera ha <strong>approvato<\/strong> in via definitiva il <strong>decreto Sicurezza <\/strong>con 162 voti a favore, 102 contrari e un astenuto. Un voto lampo per evitare che scadessero i termini per la conversione in legge, fissati per il 25 aprile, caratterizzato dalla <strong>protesta delle opposizioni <\/strong>che, in apertura della seduta, si sono alzati in piedi e hanno cantato <em><strong>Bella Ciao<\/strong><\/em>. \u00abColleghi, abbiamo capito su, dobbiamo proseguire i nostri lavori\u00bb, ha redarguito il presidente di turno Fabio Rampelli. In risposta, i deputati di Fratelli d&#8217;Italia hanno intonato l&#8217;<strong>inno di Mameli<\/strong> alla fine della seduta. In Aula c&#8217;erano soltanto due ministri, dell&#8217;Interno<strong> Matteo Piantedosi <\/strong>e del Turismo <strong>Gianmarco Mazzi<\/strong>. C&#8217;erano anche i sottosegretari ai Rapporti con il Parlamento, <strong>Matilde Siracusano<\/strong> e <strong>Paolo Barelli<\/strong>, e quello all&#8217;Interno, <strong>Nicola Molteni<\/strong>. Successivamente, in una riunione lampo durata pochi minuti, il Consiglio dei ministri ha approvato il <a href=\"https:\/\/www.lettera43.it\/meloni-difende-decreto-sicurezza-nessun-pasticcio-opposizione-occupa-banchi-governo\/\"><strong>decreto correttivo <\/strong>che abroga, dopo i rilievi del Colle, la norma sui compensi agli avvocati per incentivare i <\/a>rimpatri volontari assistiti.<\/p>\n\n\n\n<figure class=\"wp-block-embed is-type-rich is-provider-twitter wp-block-embed-twitter\"><div class=\"wp-block-embed__wrapper\">\n<blockquote class=\"twitter-tweet\" data-width=\"500\" data-dnt=\"true\"><p lang=\"it\" dir=\"ltr\"><a href=\"https:\/\/twitter.com\/hashtag\/Opposizioni?src=hash&amp;ref_src=twsrc%5Etfw\">#Opposizioni<\/a> cantano <a href=\"https:\/\/twitter.com\/hashtag\/BellaCiao?src=hash&amp;ref_src=twsrc%5Etfw\">#BellaCiao<\/a> in Aula alla <a href=\"https:\/\/twitter.com\/hashtag\/Camera?src=hash&amp;ref_src=twsrc%5Etfw\">#Camera<\/a> <a href=\"https:\/\/t.co\/keXL1MMqo6\">pic.twitter.com\/keXL1MMqo6<\/a><\/p>&mdash; Agenzia VISTA (@AgenziaVISTA) <a href=\"https:\/\/twitter.com\/AgenziaVISTA\/status\/2047619459167211847?ref_src=twsrc%5Etfw\">April 24, 2026<\/a><\/blockquote><script async src=\"https:\/\/platform.twitter.com\/widgets.js\" charset=\"utf-8\"><\/script>\n<\/div><\/figure>\n\n\n\n<h2 class=\"wp-block-heading\">Il dibattito sul 25 aprile <\/h2>\n\n\n\n<p>Gli interventi dell&#8217;opposizione si sono tutti concentrati sull&#8217;anniversario della liberazione. \u00abDobbiamo difendere la nostra Costituzione e la nostra democrazia anche da una parte della destra che oggi governa ma ancora non riesce a fare i conti con la storia e dirsi chiaramente antifascista perch\u00e9 <strong>il 25 aprile \u00e8 divisivo solo per chi ha nostalgie <\/strong>che noi non accetteremo mai\u00bb, ha detto la capogruppo del Pd <strong>Chiara Braga<\/strong> intervenendo con il<strong> fazzoletto dell&#8217;Anpi<\/strong> al collo. \u00abRicordare la resistenza significa capire che la democrazia si conquista ogni giorno. Viva la resistenza, l&#8217;Italia libera, la Repubblica e il 25 aprile\u00bb. \u00abLa ricorrenza del 25 aprile fu voluta da De Gasperi come festa di tutti gli italiani\u00bb, ha replicato il deputato di FdI <strong>Gianfranco Rotondi<\/strong>. Pronta la controreplica di <strong>Nicola Fratoianni<\/strong> di Avs: \u00abIl 25 aprile \u00e8 la festa di chi \u00e8 morto per consentire anche a voi, che ha nel simbolo la fiamma del Movimento sociale italiano, di parlare in un&#8217;Aula della Repubblica. Affermare che cantare <em>Bella ciao<\/em>, una canzone che viaggia sotto braccio all&#8217;inno nazionale &#8211; perch\u00e9 l&#8217;antifascismo \u00e8 la religione civile di questo Paese &#8211; \u00e8 un <strong>atto divisivo<\/strong>, \u00e8 un comportamento peloso\u00bb. Per <strong>Luca Squeri <\/strong>di Forza Italia la canzone viene usata \u00abcome uno <strong>strumento di propaganda<\/strong>\u00bb e \u00abil 25 aprile deve essere un momento unificante per l&#8217;Italia che, grazie a quel momento che visse, riusc\u00ec a scrivere questa Costituzione\u00bb. <\/p>\n\n\n\n<p><\/p>\n\n\n\n<p><\/p>\n","protected":false},"excerpt":{"rendered":"<p>Il provvedimento \u00e8 passato con 162 voti a favore, 102 contrari e un astenuto. Si attende ora il decreto correttivo per venire incontro ai rilievi del Colle. Al centro della discussione pre-voto la ricorrenza del 25 aprile.<\/p>\n","protected":false},"author":4,"featured_media":0,"comment_status":"closed","ping_status":"closed","sticky":false,"template":"","format":"standard","meta":{"om_disable_all_campaigns":false,"_monsterinsights_skip_tracking":false,"_monsterinsights_sitenote_active":false,"_monsterinsights_sitenote_note":"","_monsterinsights_sitenote_category":0,"footnotes":""},"categories":[15,1612],"tags":[],"class_list":["post-828195","post","type-post","status-publish","format-standard","hentry","category-politica","category-ultima-ora"],"aioseo_notices":[],"_links":{"self":[{"href":"https:\/\/nugnes.com\/index.php?rest_route=\/wp\/v2\/posts\/828195","targetHints":{"allow":["GET"]}}],"collection":[{"href":"https:\/\/nugnes.com\/index.php?rest_route=\/wp\/v2\/posts"}],"about":[{"href":"https:\/\/nugnes.com\/index.php?rest_route=\/wp\/v2\/types\/post"}],"author":[{"embeddable":true,"href":"https:\/\/nugnes.com\/index.php?rest_route=\/wp\/v2\/users\/4"}],"replies":[{"embeddable":true,"href":"https:\/\/nugnes.com\/index.php?rest_route=%2Fwp%2Fv2%2Fcomments&post=828195"}],"version-history":[{"count":1,"href":"https:\/\/nugnes.com\/index.php?rest_route=\/wp\/v2\/posts\/828195\/revisions"}],"predecessor-version":[{"id":828196,"href":"https:\/\/nugnes.com\/index.php?rest_route=\/wp\/v2\/posts\/828195\/revisions\/828196"}],"wp:attachment":[{"href":"https:\/\/nugnes.com\/index.php?rest_route=%2Fwp%2Fv2%2Fmedia&parent=828195"}],"wp:term":[{"taxonomy":"category","embeddable":true,"href":"https:\/\/nugnes.com\/index.php?rest_route=%2Fwp%2Fv2%2Fcategories&post=828195"},{"taxonomy":"post_tag","embeddable":true,"href":"https:\/\/nugnes.com\/index.php?rest_route=%2Fwp%2Fv2%2Ftags&post=828195"}],"curies":[{"name":"wp","href":"https:\/\/api.w.org\/{rel}","templated":true}]}}