{"id":828207,"date":"2026-04-24T15:50:07","date_gmt":"2026-04-24T15:50:07","guid":{"rendered":"https:\/\/www.lettera43.it\/?p=1298505"},"modified":"2026-04-24T15:50:07","modified_gmt":"2026-04-24T15:50:07","slug":"delitto-di-garlasco-la-procura-di-pavia-chiede-la-revisione-della-condanna-di-stasi-cosa-puo-succedere","status":"publish","type":"post","link":"https:\/\/nugnes.com\/?p=828207","title":{"rendered":"Delitto di Garlasco, la procura di Pavia chiede la revisione della condanna di Stasi: cosa pu\u00f2 succedere"},"content":{"rendered":"\n<p>La<strong> Procura di Pavia<\/strong> ha chiesto la <strong>revisione <\/strong>del <strong>processo <\/strong>in cui<strong> Alberto Stasi<\/strong> \u00e8 stato condannato a 16 anni di carcere per l&#8217;<strong>omicidio di Chiara Poggi<\/strong>, avvenuto a <strong>Garlasco <\/strong>il 13 agosto 2007. Lo ha confermato la procuratrice generale di Milano, Francesca Nanni, al termine dell&#8217;incontro di questa mattina con il procuratore di Pavia, Fabio Napoleone. Per i pm sulla scena del crimine c\u2019era <strong>Andrea Sempio<\/strong>, indagato nella nuova inchiesta sul delitto di Garlasco.<\/p>\n\n\n\n<h2 class=\"wp-block-heading\">Perch\u00e9 la Procura di Pavia chiede la revisione<\/h2>\n\n\n\n<p>Al centro dell\u2019incontro andato in scena a Milano la <strong>chiusura delle indagini<\/strong>, atto che di norma prelude alla richiesta di rinvio a giudizio, ma anche l&#8217;eventualit\u00e0 di un&#8217;istanza di revisione per Stasi, da presentare alla <strong>Corte d&#8217;Appello di Brescia<\/strong>. Sono diversi gli elementi emersi nella nuova inchiesta che hanno portato la Procura di Pavia a fare questo passo. I consulenti dei pm hanno attribuito a Sempio l\u2019<strong>impronta palmare numero 33 <\/strong>repertata sulle scale dove venne gettato il corpo di Poggi. E sono compatibili sempre con Sempio le <strong>tracce di Dna sulle unghie<\/strong> della vittima. Inoltre, la consulenza medico-legale firmata dall\u2019anatomopatologa forense Cristina Cattaneo sposterebbe l\u2019<strong>orario dell\u2019omicidio<\/strong> pi\u00f9 tardi della ristretta finestra temporale tra le 9:12 e le 9:35, scagionando di fatto Stasi. Per i pm di Pavia l\u2019unica persona condannata (in carcere dal 2015) \u00e8 entrata nella villetta dei Poggi solo quando ha scoperto il corpo di Chiara e sulla scena del delitto, invece, ci sarebbe stato Sempio.<\/p>\n\n\n<figure class=\"wp-block-image size-full\"><a href=\"https:\/\/www.lettera43.it\/galleria\/1298505\/1298509\"><img data-has-syndication-rights=\"1\" data-portal-copyright=\"Lettera43\" data-licensor-name=\"Lettera43\" decoding=\"async\" width=\"1200\" height=\"800\" src=\"https:\/\/www.lettera43.it\/wp-content\/uploads\/2026\/04\/tagfin_2026042417320834_f9d403911d3191dbc628785e385dac34.jpg\" alt=\"Delitto di Garlasco, la procura di Pavia chiede la revisione della condanna di Stasi: cosa pu\u00f2 succedere\" class=\"wp-image-1298509 lazyload\" title=\"Delitto di Garlasco, la procura di Pavia chiede la revisione della condanna di Stasi: cosa pu\u00f2 succedere\" data-src=\"https:\/\/www.lettera43.it\/wp-content\/uploads\/2026\/04\/tagfin_2026042417320834_f9d403911d3191dbc628785e385dac34.jpg\" loading=\"lazy\" data-has-syndication-rights=\"1\" data-licensor-name=\"Lettera43\" srcset=\"https:\/\/www.lettera43.it\/wp-content\/uploads\/2026\/04\/tagfin_2026042417320834_f9d403911d3191dbc628785e385dac34.jpg 1200w, https:\/\/www.lettera43.it\/wp-content\/uploads\/2026\/04\/tagfin_2026042417320834_f9d403911d3191dbc628785e385dac34-800x533.jpg 800w, https:\/\/www.lettera43.it\/wp-content\/uploads\/2026\/04\/tagfin_2026042417320834_f9d403911d3191dbc628785e385dac34-390x260.jpg 390w\" sizes=\"auto, (max-width: 1200px) 100vw, 1200px\" \/><\/a><figcaption class=\"wp-element-caption\">Chiara Poggi e Andrea Sempio (Ansa).<\/figcaption><\/figure>\n\n\n<h2 class=\"wp-block-heading\">Nanni: \u00abNon sar\u00e0 uno studio n\u00e9 veloce n\u00e9 facile\u00bb<\/h2>\n\n\n\n<p>Nelle prossime settimane la Procura di Pavia trasmetter\u00e0 alla Procura generale di Milano un\u2019informazione sulla nuova inchiesta. I pm del capoluogo lombardo, a quel punto, valuteranno se chiedere ulteriori atti, ai fini di un\u2019eventuale revisione del processo di Stasi. \u00abNon possiamo sbilanciarci in alcun modo, dobbiamo ovviamente prima studiare le carte. <strong>Non sar\u00e0 uno studio n\u00e9 veloce n\u00e9 facile<\/strong>\u00bb, ha dichiarato Nanni.<\/p>\n\n\n\n<iframe src=\"https:\/\/www.facebook.com\/plugins\/post.php?href=https%3A%2F%2Fwww.facebook.com%2Fstudiolegalegasperinifabrizi%2Fposts%2Fpfbid02ymEp1c4wnkQqWGTE7NfVX81kJg5jcUUmvGVjGEGLBQ8rXes3NPSPhq2zShoH68jwl&#038;show_text=true&#038;width=500\" width=\"500\" height=\"296\" style=\"border:none;overflow:hidden\" scrolling=\"no\" frameborder=\"0\" allowfullscreen=\"true\" allow=\"autoplay; clipboard-write; encrypted-media; picture-in-picture; web-share\"><\/iframe>\n\n\n\n<h2 class=\"wp-block-heading\">Depositati gli audio su un possibile depistaggio<\/h2>\n\n\n\n<p>Intanto, lo Studio Legale Gasperini Fabrizi oggi ha depositato in Procura a Milano alcuni <strong>audio<\/strong>, che farebbero riferimento a una presunta pista alternativa e, soprattutto, a un possibile <strong>depistaggio <\/strong>nella nuova inchiesta.<\/p>\n","protected":false},"excerpt":{"rendered":"<p>Secondo i pm sulla scena del crimine c\u2019era Sempio. La procuratrice generale di Milano: \u00abAttendiamo l\u2019informativa sulla nuova inchiesta, poi valuteremo\u00bb.<\/p>\n","protected":false},"author":4,"featured_media":0,"comment_status":"closed","ping_status":"closed","sticky":false,"template":"","format":"standard","meta":{"om_disable_all_campaigns":false,"_monsterinsights_skip_tracking":false,"_monsterinsights_sitenote_active":false,"_monsterinsights_sitenote_note":"","_monsterinsights_sitenote_category":0,"footnotes":""},"categories":[10,1612],"tags":[],"class_list":["post-828207","post","type-post","status-publish","format-standard","hentry","category-cronaca","category-ultima-ora"],"aioseo_notices":[],"_links":{"self":[{"href":"https:\/\/nugnes.com\/index.php?rest_route=\/wp\/v2\/posts\/828207","targetHints":{"allow":["GET"]}}],"collection":[{"href":"https:\/\/nugnes.com\/index.php?rest_route=\/wp\/v2\/posts"}],"about":[{"href":"https:\/\/nugnes.com\/index.php?rest_route=\/wp\/v2\/types\/post"}],"author":[{"embeddable":true,"href":"https:\/\/nugnes.com\/index.php?rest_route=\/wp\/v2\/users\/4"}],"replies":[{"embeddable":true,"href":"https:\/\/nugnes.com\/index.php?rest_route=%2Fwp%2Fv2%2Fcomments&post=828207"}],"version-history":[{"count":1,"href":"https:\/\/nugnes.com\/index.php?rest_route=\/wp\/v2\/posts\/828207\/revisions"}],"predecessor-version":[{"id":828208,"href":"https:\/\/nugnes.com\/index.php?rest_route=\/wp\/v2\/posts\/828207\/revisions\/828208"}],"wp:attachment":[{"href":"https:\/\/nugnes.com\/index.php?rest_route=%2Fwp%2Fv2%2Fmedia&parent=828207"}],"wp:term":[{"taxonomy":"category","embeddable":true,"href":"https:\/\/nugnes.com\/index.php?rest_route=%2Fwp%2Fv2%2Fcategories&post=828207"},{"taxonomy":"post_tag","embeddable":true,"href":"https:\/\/nugnes.com\/index.php?rest_route=%2Fwp%2Fv2%2Ftags&post=828207"}],"curies":[{"name":"wp","href":"https:\/\/api.w.org\/{rel}","templated":true}]}}