{"id":828234,"date":"2026-04-25T13:50:37","date_gmt":"2026-04-25T13:50:37","guid":{"rendered":"http:\/\/nugnes.com\/?guid=1c6fcc64ed51e0bffc8b9425410fa1e4"},"modified":"2026-04-25T17:40:20","modified_gmt":"2026-04-25T17:40:20","slug":"25-aprile-a-milano-insulti-choc-alla-brigata-ebraica-i-pro-pal-bloccano-il-corteo-10","status":"publish","type":"post","link":"https:\/\/nugnes.com\/?p=828234","title":{"rendered":"25 aprile, caos a Milano: insulti choc contro la Brigata Ebraica. Una delegazione ricevuta&#8230;"},"content":{"rendered":"<p>AGI - \"Siete solo saponette mancate\": \u00e8 il&nbsp;<strong>coro choc<\/strong>&nbsp;che alcuni&nbsp;<strong>manifestanti<\/strong>&nbsp;hanno rivolto all'indirizzo dello spezzone della&nbsp;<strong>Brigata ebraica<\/strong>&nbsp;a&nbsp;<strong>Milano<\/strong>, poco dopo la partenza del&nbsp;<strong>corteo<\/strong>&nbsp;per la&nbsp;<strong>Festa della Liberazione<\/strong>.<\/p>\n<p>Il&nbsp;<strong>corteo<\/strong>&nbsp;\u00e8 poi partito tra le&nbsp;<strong>contestazioni<\/strong>. La&nbsp;<strong>Brigata ebraica<\/strong>&nbsp;\u00e8 stata&nbsp;<strong>fischiata e contestata<\/strong>, \u201cfascisti, sionisti\u201d.&nbsp;<strong>Manifestanti<\/strong>&nbsp;urlano \u201c<strong>Palestina libera<\/strong>, assassini\u201d.&nbsp;<strong>Lievi momenti di tensione<\/strong>&nbsp;si sono registrati poco prima della partenza tra gruppi di&nbsp;<strong>militanti ProPal<\/strong>&nbsp;<strong>e del partito dei Carc.<\/strong> Le&nbsp;<strong>forze dell'ordine<\/strong>&nbsp;in assetto&nbsp;<strong>antisommossa<\/strong>&nbsp;hanno fatto avanzare le persone in protesta per evitare tensioni.<\/p>\n<h2>Il corteo a Milano bloccato dalle contestazioni&nbsp;<\/h2>\n<p>La parte di&nbsp;<strong>corteo<\/strong>&nbsp;con in testa la&nbsp;<strong>Brigata ebraica<\/strong>&nbsp;non riesce a procedere e riparte a singhiozzo, bloccato continuamente dalle&nbsp;<strong>contestazioni<\/strong>&nbsp;dei&nbsp;<strong>collettivi proPal<\/strong>. Non cessano&nbsp;<strong>fischi e cori<\/strong>&nbsp;contro \u201ci&nbsp;<strong>sionisti<\/strong>\u201d. Solo la testa guidata da&nbsp;<strong>Anpi<\/strong>&nbsp;e&nbsp;<strong>gonfaloni delle istituzioni<\/strong>&nbsp;ha lasciato&nbsp;<strong>corso Venezia<\/strong>&nbsp;e sta avanzando regolarmente verso&nbsp;<strong>piazza Duomo<\/strong>.<\/p>\n<p>&nbsp;<\/p>\n<div>\n \n<\/div>\n<p><em>Video di Martina Mazzeo<\/em><\/p>\n<p>&nbsp;<\/p>\n<p>Il corteo \u00e8 potuto ripartire dopo<strong> ore di stallo <\/strong>a seguito dell'uscita dello spezzone della Brigata ebraica. <strong>Scortati da un cordone delle forze dell'ordine,<\/strong> i componenti della Brigata sono passati a fatica tra due ali di contestatori proPal e sono volati pesanti insulti da entrambe le fazioni. Poco dopo il grosso del corteo, composto da migliaia di persone e di tante anime diverse, si \u00e8 mosso in direzione piazza del Duomo seguendo il percorso regolare. Lo spezzone che ha lasciato il serpentone si \u00e8 mosso verso via Fatebenefratelli.&nbsp;<\/p>\n<h2>Delegazione dal questore<\/h2>\n<p><strong>Una delegazione <\/strong>legata alla Brigata ebraica \u00e8 stata ricevuta dal <strong>questore di Milano<\/strong> <strong>Bruno Megale<\/strong>&nbsp;per un chiarimento sulla gestione dell'ordine di pubblico nel corteo del 25 aprile. \"La Brigata Ebraica e gli iraniani che manifestavano con noi, sono stati spostati dalla polizia a seguito delle pressioni di gruppi estremisti di sinistra che ne volevano impedire il passaggio. Un atto intollerabile, che non pu\u00f2 e non deve passare sotto silenzio. Quello che \u00e8 accaduto oggi non \u00e8 solo una violazione dei diritti del mondo ebraico e iraniano:&nbsp; \u00e8 una ferita istituzionale e costituzionale di gravissima portata - ha detto <strong>Davide Romano,<\/strong> direttore del Museo della Brigata ebraica -. Il 25 aprile non pu\u00f2 e non deve diventare la festa dell'estremismo e dell'esclusione contro i diversi\".<\/p>\n<p>Tra gli esponenti ricevuti dal questore ci sono anche il parlamentare Pd e presidente di Sinistra per Israele<strong> Emanuele Fiano<\/strong>, il consigliere comunale di Azione <strong>Daniele Nahum <\/strong>e il presidente della comunit\u00e0 ebraica di Milano <strong>Walker Meghnagi. <\/strong>Quest'ultimo, al termine dell'incontro, ha poi accusato l'Anpi per quanto accaduto oggi: \"Il presidente nazionale Gianfranco Pagliarulo e il presidente provinciale Primo Minelli sono antisemiti senza saperlo. Le loro dichiarazioni incitano all'antisemitismo\",&nbsp;<\/p>\n<h2>Sala: \"Contro la Brigata Ebraica frasi da condannare\"<\/h2>\n<p>\u201c\u00c8 evidente\u201d che siano&nbsp;<strong>frasi da condannare<\/strong>&nbsp;quelle contro la <strong>Brigata Ebraica<\/strong>, \u201cscaturiscono da un&nbsp;<strong>clima di grande tensione<\/strong>&nbsp;e tutti noi dobbiamo abituarci a essere&nbsp;<strong>pi\u00f9 moderati<\/strong>\u201d, ha detto&nbsp;<strong>Giuseppe Sala<\/strong>&nbsp;in&nbsp;<strong>piazza Duomo a Milano<\/strong>.<\/p>\n<p>\u201cIo me l\u2019aspettavo, \u00e8 un&nbsp;<strong>25 aprile<\/strong>&nbsp;che non ci pu\u00f2 piacere, per come si sta svolgendo. Deve prevalere la&nbsp;<strong>coscienza singola<\/strong>&nbsp;sulle&nbsp;<strong>coscienze collettive<\/strong>&nbsp;e ognuno si deve chiedere cosa vuole manifestare essendo qua\", ha concluso il&nbsp;<strong>sindaco<\/strong>.<\/p>\n<h2>Il presidente dell'Anpi: \"No alle bandiere di Usa e Israele\"<\/h2>\n<p>\"La&nbsp;<strong>bandiera ucraina<\/strong>&nbsp;va bene, ci pu\u00f2 stare in corteo, perch\u00e9 l'<strong>Ucraina<\/strong>&nbsp;\u00e8 un paese che \u00e8 stato&nbsp;<strong>invaso dai russi<\/strong>, ma quella di&nbsp;<strong>Israele<\/strong>&nbsp;no per un motivo molto semplice, per lo stesso motivo per cui non c'\u00e8 la&nbsp;<strong>bandiera della Russia<\/strong>&nbsp;se \u00e8 vero, come si \u00e8 detto, che bisogna distinguere l'<strong>aggressore<\/strong>&nbsp;e l'<strong>aggredito<\/strong>\". Lo ha detto il presidente dell\u2019<strong>Anpi Gianfranco Pagliarulo<\/strong>&nbsp;a&nbsp;<strong>Milano<\/strong>.<\/p>\n<p>\"Per quello che riguarda&nbsp;<strong>Gaza<\/strong>&nbsp;o l'<strong>Iran<\/strong>&nbsp;la situazione \u00e8 chiara: c'\u00e8 un&nbsp;<strong>aggressore<\/strong>&nbsp;che si chiama&nbsp;<strong>Israele<\/strong>&nbsp;e si chiama&nbsp;<strong>Stati Uniti d'America<\/strong>&nbsp;e un&nbsp;<strong>aggredito<\/strong>&nbsp;che \u00e8 il&nbsp;<strong>popolo palestinese<\/strong>, quindi la&nbsp;<strong>bandiera ucraina<\/strong>&nbsp;francamente penso ci stia, ma la&nbsp;<strong>bandiera israeliana<\/strong>&nbsp;e la&nbsp;<strong>bandiera americana<\/strong>&nbsp;preferirei non vederle perch\u00e9 non c'entrano con questa&nbsp;<strong>manifestazione<\/strong>\", ha concluso.<\/p>\n<p><span><span><span>.&nbsp;<\/span><\/span><\/span><\/p>\n<p>&nbsp;<\/p>","protected":false},"excerpt":{"rendered":"<p>AGI &#8211; &#8220;Siete solo saponette mancate&#8221;: \u00e8 il&nbsp;coro choc&nbsp;che alcuni&nbsp;manifestanti&nbsp;hanno rivolto all&#8217;indirizzo dello spezzone della&nbsp;Brigata ebraica&nbsp;a&nbsp;Milano, poco dopo la partenza del&nbsp;corteo&nbsp;per la&nbsp;Festa dell&#8230;<\/p>\n","protected":false},"author":298,"featured_media":0,"comment_status":"closed","ping_status":"closed","sticky":false,"template":"","format":"standard","meta":{"om_disable_all_campaigns":false,"_monsterinsights_skip_tracking":false,"_monsterinsights_sitenote_active":false,"_monsterinsights_sitenote_note":"","_monsterinsights_sitenote_category":0,"footnotes":""},"categories":[10,1531],"tags":[],"class_list":["post-828234","post","type-post","status-publish","format-standard","hentry","category-cronaca","category-komposer"],"aioseo_notices":[],"_links":{"self":[{"href":"https:\/\/nugnes.com\/index.php?rest_route=\/wp\/v2\/posts\/828234","targetHints":{"allow":["GET"]}}],"collection":[{"href":"https:\/\/nugnes.com\/index.php?rest_route=\/wp\/v2\/posts"}],"about":[{"href":"https:\/\/nugnes.com\/index.php?rest_route=\/wp\/v2\/types\/post"}],"author":[{"embeddable":true,"href":"https:\/\/nugnes.com\/index.php?rest_route=\/wp\/v2\/users\/298"}],"replies":[{"embeddable":true,"href":"https:\/\/nugnes.com\/index.php?rest_route=%2Fwp%2Fv2%2Fcomments&post=828234"}],"version-history":[{"count":3,"href":"https:\/\/nugnes.com\/index.php?rest_route=\/wp\/v2\/posts\/828234\/revisions"}],"predecessor-version":[{"id":828254,"href":"https:\/\/nugnes.com\/index.php?rest_route=\/wp\/v2\/posts\/828234\/revisions\/828254"}],"wp:attachment":[{"href":"https:\/\/nugnes.com\/index.php?rest_route=%2Fwp%2Fv2%2Fmedia&parent=828234"}],"wp:term":[{"taxonomy":"category","embeddable":true,"href":"https:\/\/nugnes.com\/index.php?rest_route=%2Fwp%2Fv2%2Fcategories&post=828234"},{"taxonomy":"post_tag","embeddable":true,"href":"https:\/\/nugnes.com\/index.php?rest_route=%2Fwp%2Fv2%2Ftags&post=828234"}],"curies":[{"name":"wp","href":"https:\/\/api.w.org\/{rel}","templated":true}]}}