{"id":828252,"date":"2026-04-25T16:16:10","date_gmt":"2026-04-25T16:16:10","guid":{"rendered":"http:\/\/nugnes.com\/?guid=ab08b72e20fdd399758f680f94ed5e25"},"modified":"2026-04-25T17:16:54","modified_gmt":"2026-04-25T17:16:54","slug":"roma-colpi-di-pistola-ad-aria-compressa-durante-il-corteo-del-25-aprile-ferita-una-coppi","status":"publish","type":"post","link":"https:\/\/nugnes.com\/?p=828252","title":{"rendered":"Roma: colpi di pistola ad aria compressa durante il corteo del 25 aprile. Ferita una coppi&#8230;"},"content":{"rendered":"<p>AGI - Momenti di forte tensione al corteo per la Liberazione a Roma. Una donna e un uomo sono rimasti feriti dai colpi di una&nbsp;<strong>pistola a piombini<\/strong>, mentre erano nell'area di&nbsp;<strong>Parco Schuster<\/strong>, vicino alla&nbsp;<strong>Basilica di San Paolo<\/strong>, al termine della&nbsp;<strong>manifestazione per il 25 aprile<\/strong>.<\/p>\n<p>Secondo quanto riferito, ad esplodere i colpi<strong> due persone su un motociclo<\/strong> che poi sarebbero fuggite via. Sul posto la&nbsp;<strong>Digos<\/strong>&nbsp;e i poliziotti del commissariato San Paolo. Indagini in corso. Le escoriazioni sarebbero lievi. Secondo gli organizzatori del&nbsp;<strong>corteo per la Festa della Liberazione<\/strong>, i due avevano al collo il&nbsp;<strong>fazzoletto dell'Anpi<\/strong>.<\/p>\n<h2>La coppia ferita \u00e8 iscritta all'Anpi<\/h2>\n<p>Sono una&nbsp;<strong>coppia di coniugi<\/strong>&nbsp;<strong>iscritti all'Anpi<\/strong>&nbsp;che indossavano il&nbsp;<strong>fazzoletto rosso<\/strong>&nbsp;dell'<strong>Associazione dei partigiani<\/strong>&nbsp;l'uomo e la donna&nbsp;<strong>feriti a Roma<\/strong>&nbsp;dai&nbsp;<strong>piombini<\/strong>&nbsp;di una&nbsp;<strong>pistola ad aria compressa<\/strong>, a margine del&nbsp;<strong>corteo per il 25 aprile<\/strong>.<\/p>\n<p>I due si trovavano nell'area di&nbsp;<strong>Parco Schuster<\/strong>, vicino alla&nbsp;<strong>Basilica di San Paolo<\/strong>, ed erano in cerca di un bar in via delle Sette chiese quando un uomo su uno&nbsp;<strong>scooterone<\/strong>&nbsp;con&nbsp;<strong>casco integrale<\/strong>&nbsp;e un&nbsp;<strong>giubbotto di colore militare<\/strong>&nbsp;si \u00e8 fermato, ha estratto pistola e gli ha&nbsp;<strong>sparato<\/strong>.<\/p>\n<p>L'uomo \u00e8 stato&nbsp;<strong>colpito al collo<\/strong>&nbsp;e la donna alla&nbsp;<strong>spalla<\/strong>&nbsp;ma hanno riportato&nbsp;<strong>escoriazioni lievi<\/strong>: sono stati&nbsp;<strong>medicati in ambulanza<\/strong>&nbsp;e poi sono stati sentiti al&nbsp;<strong>commissariato Colombo<\/strong>. Gli stessi&nbsp;<strong>organizzatori<\/strong>&nbsp;hanno comunicato la&nbsp;<strong>notizia dell'attacco<\/strong>&nbsp;dal palco della&nbsp;<strong>manifestazione<\/strong>&nbsp;parlando di \"<strong>gesto gravissimo<\/strong>\".<\/p>\n<p>Sul caso sono in corso le&nbsp;<strong>indagini della Digos<\/strong>&nbsp;e degli&nbsp;<strong>agenti del Commissariato Colombo<\/strong>&nbsp;che stanno anche analizzando le immagini delle&nbsp;<strong>telecamere di videosorveglianza<\/strong>&nbsp;della zona.<\/p>\n<h2>Il presidente dell'Anpi, \"opera di squadristi\"<\/h2>\n<p><strong>\"Questi sono gli squadristi di oggi. <\/strong>Chi l'avrebbe mai detto che dopo 80 anni ci saremmo ritrovati davanti ai mostri dei vecchi fascismi, dei nuovi fascismi, delle guerre...\". Cosi' il presidente dell'Anpi Gianfranco Pagliarulo dal palco del 25 aprile a Milano commentando quanto&nbsp; successo a Roma. Prima di lui \u00e8 intervenuta la partigiana milanese<strong> Sandra Gilardelli:<\/strong> \"Sono Sandra e a nome di tutti i partigiani e di chi non \u00e8 tornato per darci la libert\u00e0 dico: ora \u00e8 sempre Resistenza\".&nbsp;<\/p>\n<h2>Il corteo della Liberazione al Parco Schuster&nbsp;<\/h2>\n<p>Il grande fiume del&nbsp;<strong>corteo della Liberazione<\/strong>&nbsp;con decine di migliaia di partecipanti aveva fatto il suo ingresso alle 13 al&nbsp;<strong>Parco Schuster<\/strong>, accolto da un boato di applausi e dalle note di \"<strong>Bella Ciao<\/strong>\". Dopo aver attraversato i lotti storici della Garbatella in un clima di grande partecipazione popolare, la testa della manifestazione \u00e8 giunta ai piedi del palco. In prima fila il&nbsp;<strong>sindaco di Roma Roberto Gualtieri<\/strong>&nbsp;e il leader della&nbsp;<strong>Cgil Maurizio Landini<\/strong>, che hanno guidato il percorso dietro lo striscione dell'<strong>Anpi<\/strong>. Sul palco uno striscione \"<strong>25 aprile 80 anni di Repubblica antifascista<\/strong>\".<\/p>\n<h2>Gualtieri contestato&nbsp;<\/h2>\n<p>\"Fascista, fascista!\": con queste parole una donna ha&nbsp;<strong>contestato il sindaco di Roma, Roberto Gualtieri<\/strong>, nel corso del suo intervento a&nbsp;<strong>Parco Schuster<\/strong>&nbsp;alla&nbsp;<strong>Festa della Liberazione<\/strong>.<\/p>\n<p>Gli altri partecipanti hanno fischiato la contestatrice e il sindaco ha scherzato: \"Va bene cos\u00ec, a noi le piazze ci piacciono vere e di assemblee tante\". Una seconda donna ha contestato il sindaco urlandogli: \"<strong>Vergogna<\/strong>. Fai schifo. Stai vendendo la citt\u00e0, infame. Lobbista\". Gualtieri ha poi concluso il suo intervento tra gli applausi.<\/p>\n<h2>Fratoianni: \"E' violenza fascista\"&nbsp;<\/h2>\n<p>\"Che&nbsp;<strong>due persone<\/strong>&nbsp;con il&nbsp;<strong>fazzoletto dell'Anpi<\/strong>&nbsp;al collo vengano colpite da&nbsp;<strong>colpi di pistola<\/strong>, anche se ad&nbsp;<strong>aria compressa<\/strong>, come \u00e8 avvenuto a&nbsp;<strong>Roma<\/strong>&nbsp;\u00e8 di una&nbsp;<strong>gravit\u00e0 assoluta<\/strong>. Ai&nbsp;<strong>due feriti<\/strong>&nbsp;la nostra&nbsp;<strong>solidariet\u00e0<\/strong>. Siamo certi che le&nbsp;<strong>forze dell\u2019ordine<\/strong>&nbsp;individueranno al pi\u00f9 presto il&nbsp;<strong>responsabile<\/strong>&nbsp;di questo gesto\". Lo afferma&nbsp;<strong>Nicola Fratoianni<\/strong>&nbsp;di&nbsp;<strong>Avs<\/strong>&nbsp;appena appresa la&nbsp;<strong>notizia<\/strong>&nbsp;di quanto accaduto nella&nbsp;<strong>Capitale<\/strong>.<\/p>\n<p>Si tratta - prosegue il&nbsp;<strong>leader rossoverde<\/strong>&nbsp;- di un ulteriore&nbsp;<strong>episodio<\/strong>&nbsp;di una lunga serie di&nbsp;<strong>intimidazioni<\/strong>,&nbsp;<strong>minacce<\/strong>,&nbsp;<strong>atti di violenza<\/strong>&nbsp;di&nbsp;<strong>segno fascista<\/strong>&nbsp;che da troppo tempo si stanno verificando nel&nbsp;<strong>Paese<\/strong>. Nessuna&nbsp;<strong>impunit\u00e0<\/strong>, nessuna&nbsp;<strong>sottovalutazione<\/strong>&nbsp;- conclude Fratoianni - pu\u00f2 essere accettata in uno&nbsp;<strong>Stato democratico<\/strong>.<\/p>\n<h2>Scritte contro la Resistenza&nbsp;<\/h2>\n<p><strong>Scritte contro la Resistenza<\/strong>&nbsp;a&nbsp;<strong>Roma<\/strong>&nbsp;nella notte prima della&nbsp;<strong>Festa della Liberazione<\/strong>: '<strong>25 aprile, partigiano infame<\/strong>', si legge su grandi manifesti neri comparsi in diverse piazze della zona&nbsp;<strong>San Giovanni-Appio Latino<\/strong>, come al mercato di&nbsp;<strong>piazza Epiro<\/strong>&nbsp;e a&nbsp;<strong>piazza Tarquinia<\/strong>.<\/p>\n<p>I manifesti sono stati rimossi dopo la segnalazione di commercianti della zona. Ferma condanna \u00e8 stata espressa da&nbsp;<strong>Giorgio Trabucco<\/strong>, capogruppo capitolino della&nbsp;<strong>Lista Civica Gualtieri Sindaco<\/strong>, e da&nbsp;<strong>Claudio Lorenzini<\/strong>, capogruppo della&nbsp;<strong>Lista Civica Gualtieri in VII Municipio<\/strong>.<\/p>\n<p>\"Consideriamo questi episodi non solo gesti vili e provocatori\", hanno affermato in una nota, \"ma un'offesa grave alla memoria di uomini e donne che hanno sacrificato la propria vita per restituire&nbsp;<strong>libert\u00e0 e dignit\u00e0<\/strong>&nbsp;al nostro Paese. Non si tratta di semplici provocazioni: \u00e8 un attacco ai&nbsp;<strong>principi fondanti della Repubblica<\/strong>&nbsp;e alla nostra&nbsp;<strong>identit\u00e0 democratica<\/strong>\".<\/p>","protected":false},"excerpt":{"rendered":"<p>AGI &#8211; Momenti di forte tensione al corteo per la Liberazione a Roma. Una donna e un uomo sono rimasti feriti dai colpi di una&nbsp;pistola a piombini, mentre erano nell&#8217;area di&nbsp;Parco Schuster, vicino alla&nbsp;Basilica di San Paolo, al termine del&#8230;<\/p>\n","protected":false},"author":298,"featured_media":0,"comment_status":"closed","ping_status":"closed","sticky":false,"template":"","format":"standard","meta":{"om_disable_all_campaigns":false,"_monsterinsights_skip_tracking":false,"_monsterinsights_sitenote_active":false,"_monsterinsights_sitenote_note":"","_monsterinsights_sitenote_category":0,"footnotes":""},"categories":[10,1531],"tags":[],"class_list":["post-828252","post","type-post","status-publish","format-standard","hentry","category-cronaca","category-komposer"],"aioseo_notices":[],"_links":{"self":[{"href":"https:\/\/nugnes.com\/index.php?rest_route=\/wp\/v2\/posts\/828252","targetHints":{"allow":["GET"]}}],"collection":[{"href":"https:\/\/nugnes.com\/index.php?rest_route=\/wp\/v2\/posts"}],"about":[{"href":"https:\/\/nugnes.com\/index.php?rest_route=\/wp\/v2\/types\/post"}],"author":[{"embeddable":true,"href":"https:\/\/nugnes.com\/index.php?rest_route=\/wp\/v2\/users\/298"}],"replies":[{"embeddable":true,"href":"https:\/\/nugnes.com\/index.php?rest_route=%2Fwp%2Fv2%2Fcomments&post=828252"}],"version-history":[{"count":2,"href":"https:\/\/nugnes.com\/index.php?rest_route=\/wp\/v2\/posts\/828252\/revisions"}],"predecessor-version":[{"id":828255,"href":"https:\/\/nugnes.com\/index.php?rest_route=\/wp\/v2\/posts\/828252\/revisions\/828255"}],"wp:attachment":[{"href":"https:\/\/nugnes.com\/index.php?rest_route=%2Fwp%2Fv2%2Fmedia&parent=828252"}],"wp:term":[{"taxonomy":"category","embeddable":true,"href":"https:\/\/nugnes.com\/index.php?rest_route=%2Fwp%2Fv2%2Fcategories&post=828252"},{"taxonomy":"post_tag","embeddable":true,"href":"https:\/\/nugnes.com\/index.php?rest_route=%2Fwp%2Fv2%2Ftags&post=828252"}],"curies":[{"name":"wp","href":"https:\/\/api.w.org\/{rel}","templated":true}]}}