{"id":828256,"date":"2026-04-25T20:45:09","date_gmt":"2026-04-25T20:45:09","guid":{"rendered":"http:\/\/nugnes.com\/?guid=26b22e4eb3846099c4f6624c94da17d0"},"modified":"2026-04-25T20:45:09","modified_gmt":"2026-04-25T20:45:09","slug":"catanzaro-il-commosso-addio-ad-anna-e-ai-due-figli","status":"publish","type":"post","link":"https:\/\/nugnes.com\/?p=828256","title":{"rendered":"Catanzaro, il commosso addio ad Anna e ai due figli"},"content":{"rendered":"<p>AGI -&nbsp;E' stato un 25 aprile mesto per la citt\u00e0 di <strong>Catanzaro,<\/strong> con l'abbraccio ideale ad <strong>Anna Democrito e ai suoi figlioletti Nicola e Giuseppe<\/strong>, vittime della sconvolgente tragedia dei giorni scorsi, e la speranza per <strong>Maria Luce<\/strong>, la bimba sopravvissuta ricoverata al Gaslini di Genova in gravi condizioni.<\/p>\n<p>Nella tradizionale cerimonia per la Liberazione la sottolineatura dei valori insiti nella giornata si \u00e8 intrecciata con il dolore composto della comunit\u00e0, che oggi ha vissuto il lutto cittadino in occasione dei funerali delle vittime celebrati nel pomeriggio.<\/p>\n<p>A rendere questo contesto <strong>il prefetto Castrese De Rosa, <\/strong>che ha presieduto la cerimonia per la Liberazione davanti al Monumento ai Caduti alla presenza delle massime autorit\u00e0 civili, militari e religiose: dopo l'alzabandiera \u00e8 stato osservato anche un minuto di silenzio e raccoglimento per Anna Democrito e i figlioletti.<\/p>\n<p>\"Quest'anno - ha detto De Rosa -<strong> la nostra comunit\u00e0 \u00e8 particolarmente colpita<\/strong>, il nostro primo pensiero va ai familiari e ai due bambini scomparsi, insieme a un appello alla speranza per Maria Luce, affinch\u00e8 possa farcela. Questo d\u00e0 un senso particolare a questa giornata, che \u00e8 una giornata straordinaria per la nostra Repubblica: i valori nati dalla Resistenza sono alla base della nostra Costituzione e rappresentano il punto da cui ripartire per costruire un Paese migliore. E' fondamentale trasmettere questi principi alle giovani generazioni, affinch\u00e8 possano coltivare ideali di pace in un mondo ancora segnato da troppi conflitti. Il 25 aprile deve essere la festa di tutti, un momento di unit\u00e0 che - ha concluso il prefetto di Catanzaro - non divide ma unisce, nel segno dei valori su cui \u00e8 stato costruito il nostro Paese\".&nbsp;<\/p>\n<p>Poi, come detto, nel pomeriggio c'\u00e8 stato l'abbraccio di tutta la citt\u00e0 ad accompagnare l'addio ad <strong>Anna <\/strong>e ai figlioletti. In un clima di profonda commozione si sono svolti i <strong>funerali<\/strong> delle tre vittime, ai quali ha partecipato anche il marito e pap\u00e0 <strong>Francesco Trombetta<\/strong>, rientrato da <strong>Genova<\/strong>, dov'\u00e8 ricoverata la terza figlioletta, <strong>Mara Luce<\/strong>, che lotta tra la vita e la morte all'<strong>ospedale Gaslini<\/strong>. Struggente il dolore di <strong>Francesco<\/strong>, che per tutto il tempo della liturgia \u00e8 rimasto in ginocchio o comunque accanto ai <strong>feretri<\/strong> in una celebrazione che ha radunato moltissima gente in una <strong>Basilica dell'Immacolata<\/strong> raramente cos\u00ec piena.<\/p>\n<p>Sui primi banchi della <strong>Basilica<\/strong> i volti segnati dalla sofferenza dei <strong>parenti<\/strong> pi\u00f9 stretti, <strong>nonna<\/strong> e <strong>zii<\/strong>, e poi gli <strong>amici<\/strong> e i <strong>conoscenti<\/strong> del quartiere di <strong>viale De Filippis<\/strong> che fin dal primo momento ha fatto sentire il proprio <strong>amore<\/strong> alla <strong>famiglia<\/strong>. Non formale ma molto struggente anche la presenza delle <strong>istituzioni<\/strong>, a partire dal <strong>sindaco Nicola Fiorita<\/strong> e dal <strong>prefetto Castrese De Rosa<\/strong>, che al loro arrivo hanno abbracciato <strong>Francesco<\/strong> e i familiari.<\/p>\n<h2>Le parole dell'arcivescovo<\/h2>\n<p>Per tutti le parole di conforto di <strong>monsignor Claudio Maniago<\/strong>, l'<strong>arcivescovo metropolita di Catanzaro-Squillace<\/strong>, che ha celebrato le <strong>esequie<\/strong>.<\/p>\n<p>&nbsp;<\/p>\n<div>\n \n<\/div>\n<p>&nbsp;<\/p>\n<p>\"Sappiamo bene - ha detto nell'<strong>omelia<\/strong> monsignor <strong>Maniago<\/strong> - che la <strong>morte<\/strong> delle persone che amiamo produce una ferita incancellabile nel <strong>cuore<\/strong> e quindi immaginiamo le ferite che state soffrendo in questo momento. Vorremmo esservi cos\u00ec vicini, con la <strong>preghiera<\/strong> e l'<strong>affetto<\/strong>, da lenire almeno un poco la vostra <strong>sofferenza<\/strong>. Vorremmo che non vi sentiste soli nel vostro <strong>dolore<\/strong>, ma sapeste che la <strong>comunit\u00e0 cristiana<\/strong> vi \u00e8 vicina, che la <strong>citt\u00e0<\/strong> vi \u00e8 vicina, che tante persone di questo nostro <strong>paese<\/strong> condividono il vostro dolore e vi sono vicine. Il ricordo dei vostri cari <strong>defunti<\/strong> vi spinga ad amarvi ancora di pi\u00f9, a rinnovare la <strong>fede in Dio<\/strong> e la <strong>speranza<\/strong> nella vita\".<\/p>\n<h2>Un monito alla comunit\u00e0<\/h2>\n<p>L'ultimo messaggio di monsignor <strong>Maniago<\/strong> \u00e8 stato anche un <strong>monito<\/strong>: \"Queste <strong>bare<\/strong> questa sera ci chiedono un rispettoso <strong>silenzio<\/strong> di fronte a una <strong>tragedia assoluta<\/strong>, ma al tempo stesso ci chiedono di non lasciar passare invano questo <strong>dolore<\/strong>, ma di trasformarlo in una <strong>attenzione<\/strong> pi\u00f9 concreta e una maggiore <strong>cura reciproca<\/strong>, nelle nostre <strong>famiglie<\/strong>, nelle nostre <strong>comunit\u00e0<\/strong>, nella nostra <strong>societ\u00e0<\/strong>; ci domandano - ha concluso l'<strong>arcivescovo di Catanzaro<\/strong> - di fermarci a guardare meglio le nostre <strong>fragilit\u00e0<\/strong>, i nostri <strong>figli<\/strong>, i nostri <strong>anziani<\/strong>, ma anche i nostri <strong>amici<\/strong>, i nostri <strong>vicini<\/strong>, cercando di costruire insieme una <strong>societ\u00e0<\/strong> pi\u00f9 <strong>accogliente<\/strong>, dove sia sempre pi\u00f9 difficile sentirsi <strong>soli<\/strong>\".<\/p>\n<p>&nbsp;<\/p>","protected":false},"excerpt":{"rendered":"<p>AGI &#8211;&nbsp;E&#8217; stato un 25 aprile mesto per la citt\u00e0 di Catanzaro, con l&#8217;abbraccio ideale ad Anna Democrito e ai suoi figlioletti Nicola e Giuseppe, vittime della sconvolgente tragedia dei giorni scorsi, e la speranza per Maria Luce, la bimba sopravviss&#8230;<\/p>\n","protected":false},"author":298,"featured_media":0,"comment_status":"closed","ping_status":"closed","sticky":false,"template":"","format":"standard","meta":{"om_disable_all_campaigns":false,"_monsterinsights_skip_tracking":false,"_monsterinsights_sitenote_active":false,"_monsterinsights_sitenote_note":"","_monsterinsights_sitenote_category":0,"footnotes":""},"categories":[10,1531],"tags":[],"class_list":["post-828256","post","type-post","status-publish","format-standard","hentry","category-cronaca","category-komposer"],"aioseo_notices":[],"_links":{"self":[{"href":"https:\/\/nugnes.com\/index.php?rest_route=\/wp\/v2\/posts\/828256","targetHints":{"allow":["GET"]}}],"collection":[{"href":"https:\/\/nugnes.com\/index.php?rest_route=\/wp\/v2\/posts"}],"about":[{"href":"https:\/\/nugnes.com\/index.php?rest_route=\/wp\/v2\/types\/post"}],"author":[{"embeddable":true,"href":"https:\/\/nugnes.com\/index.php?rest_route=\/wp\/v2\/users\/298"}],"replies":[{"embeddable":true,"href":"https:\/\/nugnes.com\/index.php?rest_route=%2Fwp%2Fv2%2Fcomments&post=828256"}],"version-history":[{"count":1,"href":"https:\/\/nugnes.com\/index.php?rest_route=\/wp\/v2\/posts\/828256\/revisions"}],"predecessor-version":[{"id":828257,"href":"https:\/\/nugnes.com\/index.php?rest_route=\/wp\/v2\/posts\/828256\/revisions\/828257"}],"wp:attachment":[{"href":"https:\/\/nugnes.com\/index.php?rest_route=%2Fwp%2Fv2%2Fmedia&parent=828256"}],"wp:term":[{"taxonomy":"category","embeddable":true,"href":"https:\/\/nugnes.com\/index.php?rest_route=%2Fwp%2Fv2%2Fcategories&post=828256"},{"taxonomy":"post_tag","embeddable":true,"href":"https:\/\/nugnes.com\/index.php?rest_route=%2Fwp%2Fv2%2Ftags&post=828256"}],"curies":[{"name":"wp","href":"https:\/\/api.w.org\/{rel}","templated":true}]}}