{"id":828266,"date":"2026-04-26T16:53:33","date_gmt":"2026-04-26T16:53:33","guid":{"rendered":"http:\/\/nugnes.com\/?guid=0eaa4ac98f44ceb448c964271d1c52f5"},"modified":"2026-04-27T10:25:57","modified_gmt":"2026-04-27T10:25:57","slug":"lex-arbitro-le-bussate-alla-sala-var-tutti-sapevano-che-erano-vietate","status":"publish","type":"post","link":"https:\/\/nugnes.com\/?p=828266","title":{"rendered":"L&#8217;ex arbitro: &#8220;Le &#8216;bussate&#8217; alla sala Var? Tutti sapevano che erano vietate&#8221;"},"content":{"rendered":"<p>AGI - \u201cLe&nbsp;<strong>\u2018bussate\u2019 in sala Var<\/strong>? Nell\u2019ambiente se ne parlava e si sapeva che il&nbsp;<strong>protocollo<\/strong>&nbsp;non lo permetteva\".&nbsp;<strong>Daniele Minelli<\/strong>,&nbsp;<strong>ex arbitro<\/strong>, si \u00e8 ritirato nel luglio del 2025 deluso da un ambiente in cui sostiene di avere visto molte&nbsp;<strong>ingiustizie<\/strong>, a cominciare dalla compilazione della&nbsp;<strong>graduatoria degli arbitri<\/strong>&nbsp;a cui lega anche il tema degli&nbsp;<strong>interventi esterni al Var<\/strong>, al centro dell\u2019<strong>inchiesta della Procura di Milano<\/strong>&nbsp;che ha portato il&nbsp;<a href=\"https:\/\/www.agi.it\/sport\/news\/2026-04-25\/rocchi-indagato-frode-sportiva-36749516\/\"><strong>designatore Gianluca Rocchi<\/strong>&nbsp;all\u2019<strong>autosospensione<\/strong><\/a>.<\/p>\n<h2>L'ex arbitro e le 'bussate' vietate al Var&nbsp;<\/h2>\n<p>\"Nel caso di&nbsp;<strong>Udinese-Parma<\/strong>&nbsp;\u00e8 chiaro che se quell\u2019addetto Var\", spiega Minelli all'AGI \"ha preso una valutazione positiva va a incidere sul&nbsp;<strong>voto<\/strong>&nbsp;e, di conseguenza, sulla&nbsp;<strong>graduatoria interna<\/strong>&nbsp;che permette agli&nbsp;<strong>arbitri<\/strong>&nbsp;di rimanere o \u2018andare a casa\u2019 e quindi di avere o no il&nbsp;<strong>gettone di presenza<\/strong>. Inoltre possono esserci&nbsp;<strong>ripercussioni per i club<\/strong>&nbsp;sulla&nbsp;<strong>classifica<\/strong>&nbsp;se per una squadra vengono corretti gli errori e per un\u2019altra no\u201d.&nbsp;<\/p>\n<p>\u201cSe poi gli&nbsp;<strong>errori<\/strong>&nbsp;venivano corretti ad alcuni s\u00ec e ad altri no \u00e8 evidente che questo falsava le&nbsp;<strong>graduatorie degli arbitri<\/strong>&nbsp;perch\u00e9 chi veniva corretto prendeva un&nbsp;<strong>voto positivo<\/strong>, chi no, uno negativo.&nbsp; Basta vedere i&nbsp;<strong>video della Sala Var<\/strong>&nbsp;degli scorsi anni, si sentono i&nbsp;<strong>suggerimenti<\/strong>\u201d.<\/p>\n<h2>Minelli contro le distorsioni del sistema<\/h2>\n<p>Minelli ha provato in tutti i modi a fare emergere quelle che riteneva e ritiene le&nbsp;<strong>distorsioni del sistema<\/strong>. \u201cHo presentato nel 2021 un&nbsp;<strong>esposto alla Procura Federale<\/strong>&nbsp;che \u00e8 stato archiviato da&nbsp;<strong>Chin\u00e9<\/strong>&nbsp;nei confronti di chi aveva falsificato un&nbsp;<strong>verbale del Comitato Nazionale<\/strong>&nbsp;per mantenere in organico un arbitro al posto mio\".<\/p>\n<p>\"Eppure negli atti c\u2019erano&nbsp;<strong>documenti e chat<\/strong>&nbsp;tra i componenti della&nbsp;<strong>Commissione Arbitrale<\/strong>&nbsp;da cui si evinceva chiaramente che il verbale riportava delle dichiarazioni dell\u2019allora&nbsp;<strong>designatore della serie B Morganti<\/strong>&nbsp;che lo stesso ha sempre smentito, davanti alla&nbsp;<strong>Procura federale<\/strong>, di aver mai reso. Per questo, vista la condotta della&nbsp;<strong>Procura Federale<\/strong>, ho presentato una&nbsp;<strong>querela alla Procura di Roma<\/strong>&nbsp;nel 2024. Non mi risulta nessuno sviluppo nonostante avessi portato&nbsp;<strong>documenti e chat<\/strong>&nbsp;tra i componenti della&nbsp;<strong>Commissione Arbitrale<\/strong>&nbsp;da cui emergevano&nbsp;<strong>irregolarit\u00e0 nelle graduatorie<\/strong>&nbsp;e&nbsp;<strong>voti agli arbitri<\/strong>&nbsp;che nella mail erano in un modo e poi agli atti in un altro\u201d.<\/p>\n<h2>La sala Var e gli errori arbitrali&nbsp;<\/h2>\n<p>Tornando alle&nbsp;<strong>\u2018bussate\u2019<\/strong>&nbsp;Minelli rileva un aspetto interessante. \u201cDa quando a&nbsp;<strong>Rocchi<\/strong>&nbsp;e i suoi vice non si sono pi\u00f9 presentati a Lissone perch\u00e9 la&nbsp;<strong>federazione<\/strong>&nbsp;ha imposto la presenza della&nbsp;<strong>procura federale<\/strong>&nbsp;all'interno della&nbsp;<strong>Sala Var<\/strong>&nbsp;dopo la&nbsp;<strong>denuncia di Rocca<\/strong>, gli&nbsp;<strong>errori degli arbitri<\/strong>&nbsp;si sono moltiplicati in modo devastante. Non so se dipenda da quello, ma non ne ho mai visti cos\u00ec tanti come quest\u2019anno\u201d.<\/p>\n<h2>Da arbitro ad agente immobiliare&nbsp;<\/h2>\n<p>Minelli lavora in un\u2019<strong>agenzia immobiliare<\/strong>&nbsp;e non ha pi\u00f9 calcato il prato verde. \u201c<strong>Nostalgia<\/strong>? No, dopo la stagione dell\u2019anno scorso non ce la facevo pi\u00f9, ero nauseato. Rocchi avrebbe dovuto andarsene gi\u00e0 allora, non aveva pi\u00f9 il polso della situazione\u201d.<\/p>","protected":false},"excerpt":{"rendered":"<p>AGI &#8211; \u201cLe&nbsp;\u2018bussate\u2019 in sala Var? Nell\u2019ambiente se ne parlava e si sapeva che il&nbsp;protocollo&nbsp;non lo permetteva&#8221;.&nbsp;Daniele Minelli,&nbsp;ex arbitro, si \u00e8 ritirato nel luglio del 2025 deluso da un ambiente in cui sostiene di avere visto &#8230;<\/p>\n","protected":false},"author":298,"featured_media":0,"comment_status":"closed","ping_status":"closed","sticky":false,"template":"","format":"standard","meta":{"om_disable_all_campaigns":false,"_monsterinsights_skip_tracking":false,"_monsterinsights_sitenote_active":false,"_monsterinsights_sitenote_note":"","_monsterinsights_sitenote_category":0,"footnotes":""},"categories":[1532,10],"tags":[],"class_list":["post-828266","post","type-post","status-publish","format-standard","hentry","category-agi-desk","category-cronaca"],"aioseo_notices":[],"_links":{"self":[{"href":"https:\/\/nugnes.com\/index.php?rest_route=\/wp\/v2\/posts\/828266","targetHints":{"allow":["GET"]}}],"collection":[{"href":"https:\/\/nugnes.com\/index.php?rest_route=\/wp\/v2\/posts"}],"about":[{"href":"https:\/\/nugnes.com\/index.php?rest_route=\/wp\/v2\/types\/post"}],"author":[{"embeddable":true,"href":"https:\/\/nugnes.com\/index.php?rest_route=\/wp\/v2\/users\/298"}],"replies":[{"embeddable":true,"href":"https:\/\/nugnes.com\/index.php?rest_route=%2Fwp%2Fv2%2Fcomments&post=828266"}],"version-history":[{"count":2,"href":"https:\/\/nugnes.com\/index.php?rest_route=\/wp\/v2\/posts\/828266\/revisions"}],"predecessor-version":[{"id":828280,"href":"https:\/\/nugnes.com\/index.php?rest_route=\/wp\/v2\/posts\/828266\/revisions\/828280"}],"wp:attachment":[{"href":"https:\/\/nugnes.com\/index.php?rest_route=%2Fwp%2Fv2%2Fmedia&parent=828266"}],"wp:term":[{"taxonomy":"category","embeddable":true,"href":"https:\/\/nugnes.com\/index.php?rest_route=%2Fwp%2Fv2%2Fcategories&post=828266"},{"taxonomy":"post_tag","embeddable":true,"href":"https:\/\/nugnes.com\/index.php?rest_route=%2Fwp%2Fv2%2Ftags&post=828266"}],"curies":[{"name":"wp","href":"https:\/\/api.w.org\/{rel}","templated":true}]}}