{"id":828276,"date":"2026-04-27T08:41:00","date_gmt":"2026-04-27T08:41:00","guid":{"rendered":"https:\/\/www.lettera43.it\/?p=1298569"},"modified":"2026-04-27T08:41:00","modified_gmt":"2026-04-27T08:41:00","slug":"israele-gli-ex-premier-bennett-e-lapid-si-alleano-per-sfidare-netanyahu","status":"publish","type":"post","link":"https:\/\/nugnes.com\/?p=828276","title":{"rendered":"Israele, gli ex premier Bennett e Lapid si alleano per sfidare Netanyahu"},"content":{"rendered":"\n<p>Gli ex premier israeliani <strong>Naftali Bennett <\/strong>e<strong> Yair Lapid<\/strong> hanno annunciato di aver fuso i rispettivi partiti \u2013 Bennet 2026 e Yesh Atid\u2013 in un\u2019unica formazione politica chiamata <strong>Yachad<\/strong> (Insieme), con l&#8217;obiettivo di sfidare e spodestare <strong>Benjamin Netanyahu<\/strong>. Gi\u00e0 nel 2021 lo mandarono all\u2019opposizione rompendo una presa sul Paese che durava ininterrotta dal 2009 guidando congiuntamente &#8211; alternandosi alla carica di premier secondo un accordo di rotazione &#8211; una <strong>coalizione<\/strong> con all\u2019interno otto formazioni politicamente diverse, compreso il partito arabo Ra\u2019am guidato da Mansour Abbas. L&#8217;operazione non dur\u00f2 molto, tanto che l&#8217;anno successivo la maggioranza salt\u00f2 e Bibi torn\u00f2 alla guida dello Stato ebraico. Da allora, il centrista Lapid ha ricoperto il ruolo di leader dell&#8217;opposizione, Bennett si \u00e8 preso una pausa dalla politica.<\/p>\n\n\n\n<h2 class=\"wp-block-heading\">Una mossa che \u00abriunisce il blocco riformista\u00bb<\/h2>\n\n\n\n<p>L\u2019alleanza fra i due leader \u00e8 stata firmata nella serata di sabato 25 aprile. \u00abUna mossa che<strong> riunisce il blocco riformista<\/strong>, ponendo fine alle lotte interne e consentendo di concentrare gli sforzi su una <strong>vittoria decisiva alle prossime elezioni<\/strong>, per poi guidare Israele verso le riforme necessarie\u00bb, hanno affermato i due politici durante la conferenza stampa organizzata per lanciare l\u2019iniziativa. Il tentativo evidente \u00e8 quello di unire un&#8217;opposizione frammentata che sembra comunque avere poco in comune oltre la comune ostilit\u00e0 verso Netanyahu.<\/p>\n","protected":false},"excerpt":{"rendered":"<p>I due politici hanno fuso i rispettivi partiti in un\u2019unica formazione chiamata Yachad (Insieme), con l&#8217;obiettivo di vincere alle prossime elezioni e spodestare l&#8217;attuale primo ministro.<\/p>\n","protected":false},"author":4,"featured_media":0,"comment_status":"closed","ping_status":"closed","sticky":false,"template":"","format":"standard","meta":{"om_disable_all_campaigns":false,"_monsterinsights_skip_tracking":false,"_monsterinsights_sitenote_active":false,"_monsterinsights_sitenote_note":"","_monsterinsights_sitenote_category":0,"footnotes":""},"categories":[20,1612],"tags":[],"class_list":["post-828276","post","type-post","status-publish","format-standard","hentry","category-esteri","category-ultima-ora"],"aioseo_notices":[],"_links":{"self":[{"href":"https:\/\/nugnes.com\/index.php?rest_route=\/wp\/v2\/posts\/828276","targetHints":{"allow":["GET"]}}],"collection":[{"href":"https:\/\/nugnes.com\/index.php?rest_route=\/wp\/v2\/posts"}],"about":[{"href":"https:\/\/nugnes.com\/index.php?rest_route=\/wp\/v2\/types\/post"}],"author":[{"embeddable":true,"href":"https:\/\/nugnes.com\/index.php?rest_route=\/wp\/v2\/users\/4"}],"replies":[{"embeddable":true,"href":"https:\/\/nugnes.com\/index.php?rest_route=%2Fwp%2Fv2%2Fcomments&post=828276"}],"version-history":[{"count":1,"href":"https:\/\/nugnes.com\/index.php?rest_route=\/wp\/v2\/posts\/828276\/revisions"}],"predecessor-version":[{"id":828277,"href":"https:\/\/nugnes.com\/index.php?rest_route=\/wp\/v2\/posts\/828276\/revisions\/828277"}],"wp:attachment":[{"href":"https:\/\/nugnes.com\/index.php?rest_route=%2Fwp%2Fv2%2Fmedia&parent=828276"}],"wp:term":[{"taxonomy":"category","embeddable":true,"href":"https:\/\/nugnes.com\/index.php?rest_route=%2Fwp%2Fv2%2Fcategories&post=828276"},{"taxonomy":"post_tag","embeddable":true,"href":"https:\/\/nugnes.com\/index.php?rest_route=%2Fwp%2Fv2%2Ftags&post=828276"}],"curies":[{"name":"wp","href":"https:\/\/api.w.org\/{rel}","templated":true}]}}