{"id":828278,"date":"2026-04-27T08:40:23","date_gmt":"2026-04-27T08:40:23","guid":{"rendered":"https:\/\/www.lettera43.it\/?p=1298567"},"modified":"2026-04-27T08:40:23","modified_gmt":"2026-04-27T08:40:23","slug":"pressioni-sul-var-e-arbitri-graditi-allinter-perche-e-scoppiato-un-nuovo-scandalo","status":"publish","type":"post","link":"https:\/\/nugnes.com\/?p=828278","title":{"rendered":"Pressioni sul Var e arbitri graditi all\u2019Inter: perch\u00e9 \u00e8 scoppiato un nuovo scandalo"},"content":{"rendered":"\n<p>Come se non bastasse la terza mancata qualificazione ai Mondiali di fila, il <strong>calcio italiano<\/strong> si trova ad affrontare un altro <strong>scandalo<\/strong>: al centro (ancora) gli <strong>arbitri<\/strong>. Il designatore di Serie A e B <strong>Gianluca Rocchi<\/strong>, indagato dalla procura di Milano, avrebbe interferito in modo illecito sulle decisioni della <strong>sala Var<\/strong> di Lissone e scelto direttore di gara \u201cgraditi\u201d all&#8217;Inter per le gare dei nerazzurri. Cosa sappiamo.<\/p>\n\n\n\n<h2 class=\"wp-block-heading\">Perch\u00e9 Rocchi \u00e8 indagato per frode sportiva<\/h2>\n\n\n\n<p>Rocchi, che si \u00e8 <strong>autosospeso<\/strong>, \u00e8 indagato dal pm della Procura di Milano <strong>Maurizio Ascione<\/strong> per concorso in <strong>frode sportiva<\/strong>. Avrebbe \u201ccombinato\u201d le <strong>designazioni <\/strong>di due gare dell\u2019Inter nel 2025: quella in trasferta a Bologna in campionato e il derby di ritorno di Coppa Italia col Milan, assegnandole rispettivamente a <strong>Andrea Colombo<\/strong> (gradito al club nerazzurro) e<strong> Daniele Doveri<\/strong> (sgradito, per \u00abassicurare all&#8217;Inter direzioni di gara diverse per l&#8217;eventuale finale di Coppa Italia e per il resto delle partite di A\u00bb). Inoltre avrebbe violato il protocollo Var durante Udinese-Parma, sempre nella stagione 204\/25.<\/p>\n\n\n<figure class=\"wp-block-image size-full\"><a href=\"https:\/\/www.lettera43.it\/galleria\/1298567\/1298572\"><img data-has-syndication-rights=\"1\" data-portal-copyright=\"Lettera43\" data-licensor-name=\"Lettera43\" decoding=\"async\" width=\"1200\" height=\"837\" src=\"https:\/\/www.lettera43.it\/wp-content\/uploads\/2026\/04\/tagfin_20260427102325144_8bf1e736f7540a119b139b5160ea06ff.jpg\" alt=\"Pressioni sul Var e arbitri graditi all\u2019Inter: perch\u00e9 \u00e8 scoppiato un nuovo scandalo\" class=\"wp-image-1298572 lazyload\" title=\"Pressioni sul Var e arbitri graditi all\u2019Inter: perch\u00e9 \u00e8 scoppiato un nuovo scandalo\" data-src=\"https:\/\/www.lettera43.it\/wp-content\/uploads\/2026\/04\/tagfin_20260427102325144_8bf1e736f7540a119b139b5160ea06ff.jpg\" loading=\"lazy\" data-has-syndication-rights=\"1\" data-licensor-name=\"Lettera43\" srcset=\"https:\/\/www.lettera43.it\/wp-content\/uploads\/2026\/04\/tagfin_20260427102325144_8bf1e736f7540a119b139b5160ea06ff.jpg 1200w, https:\/\/www.lettera43.it\/wp-content\/uploads\/2026\/04\/tagfin_20260427102325144_8bf1e736f7540a119b139b5160ea06ff-800x558.jpg 800w, https:\/\/www.lettera43.it\/wp-content\/uploads\/2026\/04\/tagfin_20260427102325144_8bf1e736f7540a119b139b5160ea06ff-390x272.jpg 390w\" sizes=\"auto, (max-width: 1200px) 100vw, 1200px\" \/><\/a><figcaption class=\"wp-element-caption\">Gianluca Rocchi (Ansa).<\/figcaption><\/figure>\n\n\n<p>Al di l\u00e0 di come siano effettivamente andate le partite (l\u2019Inter perse a Bologna), la questione delle designazioni \u201cpilotate\u201d \u00e8 facile da capire: il punto \u00e8 dimostrare se davvero Rocchi sia stato indirizzato in qualche modo dal club nerazzurro. Per quanto riguarda l\u2019altra accusa, in occasione di <strong>Udinese-Parma<\/strong> del primo marzo 2025 il supervisore Rocchi, \u00abin concorso con altre persone, durante lo svolgimento della partita\u00bb avrebbe condizionato l\u2019addetto Var <strong>Daniele Paterna<\/strong> per fare in modo che l\u2019arbitro <strong>Fabio Maresca<\/strong> chiedesse l\u2019<strong>on field review<\/strong>, ritenendo ci fosse da assegnare un calcio di rigore a favore dei friulani. La tesi della Procura \u00e8 che Paterna, secondo cui non c\u2019erano gli estremi per l\u2019on field review, abbia avuto indicazioni da Rocchi al di l\u00e0 del vetro della sala Var. Come? Tramite una <strong>bussata<\/strong>. E c\u2019\u00e8 un <strong>video <\/strong>che lo dimostrerebbe. <em>Repubblica<\/em>, addirittura, scrive addirittura che Rocchi avrebbe ideato gesti e segnali per suggerire ai varisti come comportarsi in determinate occasioni. Tutto questo mentre nel centro di Lissone i varisti avrebbero dovuto essere tenuti al riparo da ogni ingerenza esterna: da qui l\u2019ipotesi di frode sportiva.<\/p>\n\n\n\n<h2 class=\"wp-block-heading\">Iscritto nel registro anche il supervisore Gervasoni<\/h2>\n\n\n\n<p>Rocchi non \u00e8 l\u2019unico indagato. La Procura di Milano ha iscritto nel registro anche il supervisore <strong>Andrea Gervasoni<\/strong>, anche lui per frode sportiva e sempre per un\u2019interferenza in sala Var, avvenuta in occasione di una partita di Serie B:<strong> Salernitana-Modena<\/strong>, marzo 2025. Nell&#8217;avviso di garanzia si legge che, \u00aballa concessione del calcio di rigore a favore della squadra emiliana da parte del direttore di gara <strong>Antonio Giuia<\/strong> incalzava e sollecitava l&#8217;addetto Var <strong>Luigi Nasca<\/strong> affinch\u00e9 questi lo all&#8217;on field review \u00abai fini della decisione iniziale sull&#8217;episodio\u00bb. Anche Gervasoni si \u00e8 autosospeso.<\/p>\n\n\n\n<blockquote class=\"twitter-tweet\" data-media-max-width=\"560\"><p lang=\"it\" dir=\"ltr\"><img data-has-syndication-rights=\"1\" data-portal-copyright=\"Lettera43\" data-licensor-name=\"Lettera43\" src=\"https:\/\/s.w.org\/images\/core\/emoji\/16.0.1\/72x72\/1f534.png\" alt=\"&#x1f534;\" class=\"wp-smiley\" style=\"height: 1em; max-height: 1em;\" \/> Avviso di garanzia a Rocchi, uno dei video al centro dell\u2019inchiesta: il labiale di Paterna nella sala Var durante Udinese-Parma<a href=\"https:\/\/twitter.com\/hashtag\/CalcioinPillole?src=hash&amp;ref_src=twsrc%5Etfw\">#CalcioinPillole<\/a> <a href=\"https:\/\/twitter.com\/hashtag\/Var?src=hash&amp;ref_src=twsrc%5Etfw\">#Var<\/a> <a href=\"https:\/\/t.co\/q4ugW0YTP8\">pic.twitter.com\/q4ugW0YTP8<\/a><\/p>&mdash; Calcio In Pillole (@CalcioPillole) <a href=\"https:\/\/twitter.com\/CalcioPillole\/status\/2048063192878776743?ref_src=twsrc%5Etfw\">April 25, 2026<\/a><\/blockquote> <script async src=\"https:\/\/platform.twitter.com\/widgets.js\" charset=\"utf-8\"><\/script>\n\n\n\n<h2 class=\"wp-block-heading\">Paterna indagato per falsa testimonianza: il video che lo &#8220;incastra&#8221;<\/h2>\n\n\n\n<p>\u00c8 poi indagato, ma per false informazioni, anche il gi\u00e0 citato Paterna: convocato come testimone dal pm, ha negato ingerenze esterne, ma c\u2019\u00e8 un video in cui si vede che si gira di scatto verso un punto esterno alla sala Var e dire: \u00ab\u00c8 rigore?\u00bb, prima di chiamare Maresca all&#8217;on field review. Repubblica scrive che sarebbero poi indagati anche Nasca, Var in Salernitana-Modena dell&#8217;8 marzo 2025 ma anche in <strong>Inter-Verona <\/strong>del 6 gennaio 2024 in cui non fu sanzionata una <strong>gomitata <\/strong>del difensore nerazzurro <strong>Alessandro Bastoni <\/strong>a Ondrej Duda, pochi secondi prima della rete dei padroni di casa; e <strong>Rodolfo Di Vuolo<\/strong>, Avar della seconda gara.<\/p>\n\n\n\n<h2 class=\"wp-block-heading\">Le indagini scattate dopo un esposto dell&#8217;ex assistente arbitrale Rocca<\/h2>\n\n\n\n<p>Le indagini sono scattate dopo un <strong>esposto <\/strong>inviato dall\u2019ex assistente arbitrale<strong> Domenico Rocca<\/strong> (\u00e8 stato dismesso nella scorsa stagione) alla Commissione Arbitrale Nazionale per denunciare gravi irregolarit\u00e0 nella gestione di Rocchi, tra cui episodi di mobbing. \u00abChi di spada ferisce, di spada perisce\u00bb, ha scritto sui social dopo l&#8217;iscrizione del designatore nell&#8217;elenco degli indagati. Dopo la denuncia di Rocca, Antonio Zappi, presidente dell\u2019Associazione Italiana Arbitri (AIA), ha inoltrato la segnalazione alla <strong>procura della Figc<\/strong> e subito dopo c\u2019\u00e8 stato un cambio di regolamento: da allora chiunque si rechi nella sala Var di Lissone \u00e8 tento a inviare una relazione in cui descrive le attivit\u00e0 svolte. Secondo quanto risulta dalle indagini, nessuno della squadra di Rocchi ci sarebbe pi\u00f9 andato. A mettere nel mirino la conduzione sospetta di Inter-Verona \u00e8 stato invece l\u2019esposto di un tifoso giallobl\u00f9, l&#8217;avvocato Michele Croce.<\/p>\n\n\n<figure class=\"wp-block-image size-full\"><a href=\"https:\/\/www.lettera43.it\/galleria\/1298567\/1298573\"><img data-has-syndication-rights=\"1\" data-portal-copyright=\"Lettera43\" data-licensor-name=\"Lettera43\" decoding=\"async\" width=\"1200\" height=\"800\" src=\"https:\/\/www.lettera43.it\/wp-content\/uploads\/2026\/04\/tagfin_20260427102421628_26d64dd95c31d34a8a237b633012c4eb.jpg\" alt=\"Pressioni sul Var e arbitri graditi all\u2019Inter: perch\u00e9 \u00e8 scoppiato un nuovo scandalo\" class=\"wp-image-1298573 lazyload\" title=\"Pressioni sul Var e arbitri graditi all\u2019Inter: perch\u00e9 \u00e8 scoppiato un nuovo scandalo\" data-src=\"https:\/\/www.lettera43.it\/wp-content\/uploads\/2026\/04\/tagfin_20260427102421628_26d64dd95c31d34a8a237b633012c4eb.jpg\" loading=\"lazy\" data-has-syndication-rights=\"1\" data-licensor-name=\"Lettera43\" srcset=\"https:\/\/www.lettera43.it\/wp-content\/uploads\/2026\/04\/tagfin_20260427102421628_26d64dd95c31d34a8a237b633012c4eb.jpg 1200w, https:\/\/www.lettera43.it\/wp-content\/uploads\/2026\/04\/tagfin_20260427102421628_26d64dd95c31d34a8a237b633012c4eb-800x533.jpg 800w, https:\/\/www.lettera43.it\/wp-content\/uploads\/2026\/04\/tagfin_20260427102421628_26d64dd95c31d34a8a237b633012c4eb-390x260.jpg 390w\" sizes=\"auto, (max-width: 1200px) 100vw, 1200px\" \/><\/a><figcaption class=\"wp-element-caption\">Giuseppe Marotta, presidente dell&#8217;Inter (Ansa).<\/figcaption><\/figure>\n\n\n<h2 class=\"wp-block-heading\">Marotta: \u00abNon abbiamo arbitri graditi o non graditi\u00bb<\/h2>\n\n\n\n<p>\u00abNoi abbiamo appreso tutto dalla stampa. Le dichiarazioni e i comunicati che sono usciti ci meravigliano. Sappiamo di avere agito nella massima correttezza. Questa \u00e8 la cosa pi\u00f9 importante e che deve tranquillizzare tutti i tifosi\u00bb, ha dichiarato <strong>Giuseppe Marotta<\/strong>, presidente dell\u2019Inter, aggiungendo: \u00abDi certo non abbiamo arbitri graditi e direttori di gara non graditi. Sono certo che l\u2019Inter rimarr\u00e0 <strong>estranea alla vicenda<\/strong>\u00bb. E poi: \u00abLo scorso anno abbiamo avuto decisioni avverse e poi acclarate successivamente dai vertici arbitrali: penso per esempio al rigore non dato su Yann Bisseck in occasione di Inter-Roma\u00bb.<\/p>\n","protected":false},"excerpt":{"rendered":"<p>Sotto la lente d\u2019ingrandimento una \u201cbussata\u201d nel centro di Lissone e la scelta degli arbitri per alcune gare del club nerazzurro da parte del desgnatore Rocchi, indagato per frode sportiva. Marotta: \u00abEstranei alla vicenda\u00bb.<\/p>\n","protected":false},"author":4,"featured_media":0,"comment_status":"closed","ping_status":"closed","sticky":false,"template":"","format":"standard","meta":{"om_disable_all_campaigns":false,"_monsterinsights_skip_tracking":false,"_monsterinsights_sitenote_active":false,"_monsterinsights_sitenote_note":"","_monsterinsights_sitenote_category":0,"footnotes":""},"categories":[75,1612],"tags":[],"class_list":["post-828278","post","type-post","status-publish","format-standard","hentry","category-calcio","category-ultima-ora"],"aioseo_notices":[],"_links":{"self":[{"href":"https:\/\/nugnes.com\/index.php?rest_route=\/wp\/v2\/posts\/828278","targetHints":{"allow":["GET"]}}],"collection":[{"href":"https:\/\/nugnes.com\/index.php?rest_route=\/wp\/v2\/posts"}],"about":[{"href":"https:\/\/nugnes.com\/index.php?rest_route=\/wp\/v2\/types\/post"}],"author":[{"embeddable":true,"href":"https:\/\/nugnes.com\/index.php?rest_route=\/wp\/v2\/users\/4"}],"replies":[{"embeddable":true,"href":"https:\/\/nugnes.com\/index.php?rest_route=%2Fwp%2Fv2%2Fcomments&post=828278"}],"version-history":[{"count":1,"href":"https:\/\/nugnes.com\/index.php?rest_route=\/wp\/v2\/posts\/828278\/revisions"}],"predecessor-version":[{"id":828279,"href":"https:\/\/nugnes.com\/index.php?rest_route=\/wp\/v2\/posts\/828278\/revisions\/828279"}],"wp:attachment":[{"href":"https:\/\/nugnes.com\/index.php?rest_route=%2Fwp%2Fv2%2Fmedia&parent=828278"}],"wp:term":[{"taxonomy":"category","embeddable":true,"href":"https:\/\/nugnes.com\/index.php?rest_route=%2Fwp%2Fv2%2Fcategories&post=828278"},{"taxonomy":"post_tag","embeddable":true,"href":"https:\/\/nugnes.com\/index.php?rest_route=%2Fwp%2Fv2%2Ftags&post=828278"}],"curies":[{"name":"wp","href":"https:\/\/api.w.org\/{rel}","templated":true}]}}