{"id":828285,"date":"2026-04-27T14:26:42","date_gmt":"2026-04-27T14:26:42","guid":{"rendered":"https:\/\/www.lettera43.it\/?p=1298678"},"modified":"2026-04-27T14:26:42","modified_gmt":"2026-04-27T14:26:42","slug":"myung-whun-chung-nuovo-direttore-musicale-del-teatro-alla-scala","status":"publish","type":"post","link":"https:\/\/nugnes.com\/?p=828285","title":{"rendered":"Myung-Whun Chung nuovo direttore musicale del Teatro alla Scala"},"content":{"rendered":"\n<p>Il cda del <a href=\"http:\/\/lettera43.it\/prima-scala-2026-2027-annunciate-opere-apriranno-stagioni\/\"  rel=\"noreferrer noopener\"><strong>Teatro alla Scala <\/strong>di Milano<\/a> ha autorizzato il sovrintendente<strong> Fortunato Ortombina <\/strong>a sottoscrivere il contratto del maestro <strong>Myung-Whun Chung <\/strong>in qualit\u00e0 di direttore musicale del Piermarini: l\u2019incarico del maestro sudcoreano 73enne decorrer\u00e0 dal termine del contratto di <strong>Riccardo Chailly<\/strong>, che si concluder\u00e0 alla fine del 2026.<\/p>\n\n\n\n<h2 class=\"wp-block-heading\">La carriera di Chung, nuovo direttore musicale del Teatro alla Scala<\/h2>\n\n\n\n<p>Dopo aver iniziato la carriera come pianista, Chung ha completato gli studi musicali alla Juilliard School di New York per poi diventare nel 1978 assistente di Carlo Maria Giulini alla <strong>Los Angeles Philharmonic<\/strong>, di cui \u00e8 stato anche direttore associato. Nel corso dei decenni \u00e8 stato direttore musicale dell&#8217;orchestra della <strong>Saarl\u00e4ndischer Rundfunk<\/strong> (1984-1990), direttore ospite principale del <strong>Teatro Comunale di Firenze<\/strong> (1987-1992), direttore musicale dell&#8217;<strong>Op\u00e9ra Bastille di Parigi<\/strong> (1989-1994), direttore principale dell&#8217;<strong>Orchestra dell&#8217;Accademia nazionale di Santa Cecilia <\/strong>di Roma (1997-2005), dell&#8217;<strong>Orchestra Sinfonica KBS<\/strong> in Corea del Sud (1999), dell&#8217;<strong>Orchestre Philharmonique de Radio France<\/strong> (2000-2015). Da due decenni collabora costantemente con l&#8217;orchestra del <strong>Teatro La Fenice<\/strong> di Venezia e con la Filarmonica della Scala di Milano, di cui dal 2023 \u00e8 direttore emerito.<\/p>\n\n\n<figure class=\"wp-block-image size-full\"><a href=\"https:\/\/www.lettera43.it\/galleria\/1298678\/1298686\"><img data-has-syndication-rights=\"1\" data-portal-copyright=\"Lettera43\" data-licensor-name=\"Lettera43\" decoding=\"async\" width=\"1200\" height=\"799\" src=\"https:\/\/www.lettera43.it\/wp-content\/uploads\/2026\/04\/Imagoeconomica_2522694.jpg\" alt=\"Myung-Whun Chung nuovo direttore musicale del Teatro alla Scala\" class=\"wp-image-1298686 lazyload\" title=\"Myung-Whun Chung nuovo direttore musicale del Teatro alla Scala\" data-src=\"https:\/\/www.lettera43.it\/wp-content\/uploads\/2026\/04\/Imagoeconomica_2522694.jpg\" loading=\"lazy\" data-has-syndication-rights=\"1\" data-licensor-name=\"Lettera43\" srcset=\"https:\/\/www.lettera43.it\/wp-content\/uploads\/2026\/04\/Imagoeconomica_2522694.jpg 1200w, https:\/\/www.lettera43.it\/wp-content\/uploads\/2026\/04\/Imagoeconomica_2522694-800x533.jpg 800w, https:\/\/www.lettera43.it\/wp-content\/uploads\/2026\/04\/Imagoeconomica_2522694-390x260.jpg 390w\" sizes=\"auto, (max-width: 1200px) 100vw, 1200px\" \/><\/a><figcaption class=\"wp-element-caption\">Myung-Whun Chung (Ansa).<\/figcaption><\/figure>\n\n\n<h2 class=\"wp-block-heading\">Esclusi i direttori musicali, \u00e8 il maestro col maggior numero di presenze alla Scala<\/h2>\n\n\n\n<p>Come si legge in un comunicato della Scala, Chung \u00ab\u00e8 stato una presenza costante dei cartelloni scaligeri a Milano e in tourn\u00e9e dal 1989, dirigendo nove titoli d\u2019opera, per 84 rappresentazioni, e 141 concerti\u00bb: esclusi i direttori musicali, \u00e8 il maestro con il maggior numero di presenze. Direttore verdiano di riferimento, si \u00e8 distinto alla Scala per la vastit\u00e0 del repertorio, dirigendo inoltre la <strong>Filarmonica <\/strong>in numerose tourn\u00e9e in Italia e all\u2019estero.<\/p>\n","protected":false},"excerpt":{"rendered":"<p>Succeder\u00e0 a Riccardo Chailly al termine del suo incarico, previsto per la fine del 2026. Presenza costante dei cartelloni scaligeri a Milano, ha diretto la Filarmonica in numerose tourn\u00e9e in Italia e all\u2019estero.<\/p>\n","protected":false},"author":4,"featured_media":0,"comment_status":"closed","ping_status":"closed","sticky":false,"template":"","format":"standard","meta":{"om_disable_all_campaigns":false,"_monsterinsights_skip_tracking":false,"_monsterinsights_sitenote_active":false,"_monsterinsights_sitenote_note":"","_monsterinsights_sitenote_category":0,"footnotes":""},"categories":[31,1614,1612],"tags":[],"class_list":["post-828285","post","type-post","status-publish","format-standard","hentry","category-cultura","category-poltrone-e-si-fa","category-ultima-ora"],"aioseo_notices":[],"_links":{"self":[{"href":"https:\/\/nugnes.com\/index.php?rest_route=\/wp\/v2\/posts\/828285","targetHints":{"allow":["GET"]}}],"collection":[{"href":"https:\/\/nugnes.com\/index.php?rest_route=\/wp\/v2\/posts"}],"about":[{"href":"https:\/\/nugnes.com\/index.php?rest_route=\/wp\/v2\/types\/post"}],"author":[{"embeddable":true,"href":"https:\/\/nugnes.com\/index.php?rest_route=\/wp\/v2\/users\/4"}],"replies":[{"embeddable":true,"href":"https:\/\/nugnes.com\/index.php?rest_route=%2Fwp%2Fv2%2Fcomments&post=828285"}],"version-history":[{"count":1,"href":"https:\/\/nugnes.com\/index.php?rest_route=\/wp\/v2\/posts\/828285\/revisions"}],"predecessor-version":[{"id":828286,"href":"https:\/\/nugnes.com\/index.php?rest_route=\/wp\/v2\/posts\/828285\/revisions\/828286"}],"wp:attachment":[{"href":"https:\/\/nugnes.com\/index.php?rest_route=%2Fwp%2Fv2%2Fmedia&parent=828285"}],"wp:term":[{"taxonomy":"category","embeddable":true,"href":"https:\/\/nugnes.com\/index.php?rest_route=%2Fwp%2Fv2%2Fcategories&post=828285"},{"taxonomy":"post_tag","embeddable":true,"href":"https:\/\/nugnes.com\/index.php?rest_route=%2Fwp%2Fv2%2Ftags&post=828285"}],"curies":[{"name":"wp","href":"https:\/\/api.w.org\/{rel}","templated":true}]}}