{"id":828297,"date":"2026-04-27T10:56:27","date_gmt":"2026-04-27T10:56:27","guid":{"rendered":"https:\/\/www.lettera43.it\/?p=1298539"},"modified":"2026-04-27T10:56:27","modified_gmt":"2026-04-27T10:56:27","slug":"oggi-il-vero-resistente-e-mattarella-e-non-molla-su-repubblica-e-valori","status":"publish","type":"post","link":"https:\/\/nugnes.com\/?p=828297","title":{"rendered":"Oggi il vero resistente \u00e8 Mattarella (e non molla su Repubblica e valori)"},"content":{"rendered":"\n<p>\u00c8 <strong>Sergio Mattarella<\/strong> il <strong>vero resistente<\/strong>. <strong>Undici anni e mezzo di mandato<\/strong>, sei governi di cinque maggioranze diverse, una pandemia, tre guerre, tre legislature e tra un anno la quarta. Sabato a <strong>San Severino Marche<\/strong> il <strong>presidente della Repubblica<\/strong> ha scandito, di nuovo: \u00abOra e sempre Resistenza!\u00bb. Ce l\u2019aveva con chi cerca di confondere torti e ragioni, partigiani e repubblichini, fascisti e antifascisti. E allora via di <strong>lezione storico-costituzionale<\/strong>. I <strong>partigiani <\/strong>e gli italiani &#8211; civili, militari, religiosi &#8211; che si opposero ai nazisti li ha messi tra i buoni, i <strong>fedeli a Mussolini<\/strong>, \u00abcomplici\u00bb e \u00abcollaborazionisti\u00bb tra i cattivi. Chiaro, lineare, anche il presidente del Senato<strong> Ignazio La Russa<\/strong> (mai citato) <a href=\"https:\/\/www.lettera43.it\/la-russa-25-aprile-omaggio-caduti-repubblica-salo\/\"  rel=\"noreferrer noopener\">pu\u00f2 prendere appunti<\/a>. Da questa distinzione netta \u00e8 nata la Repubblica che ha garantito 80 anni di pace, libert\u00e0 e ricchezza. <\/p>\n\n\n<figure class=\"wp-block-image size-full\"><a href=\"https:\/\/www.lettera43.it\/galleria\/1298539\/1298555\"><img data-has-syndication-rights=\"1\" data-portal-copyright=\"Lettera43\" data-licensor-name=\"Lettera43\" decoding=\"async\" width=\"1200\" height=\"800\" src=\"https:\/\/www.lettera43.it\/wp-content\/uploads\/2026\/04\/Oggi-il-vero-resistente-e-Mattarella-e-non-molla-su-Repubblica-e-valori.jpg\" alt=\"Oggi il vero resistente \u00e8 Mattarella (e non molla su Repubblica e valori)\" class=\"wp-image-1298555 lazyload\" title=\"Oggi il vero resistente \u00e8 Mattarella (e non molla su Repubblica e valori)\" data-src=\"https:\/\/www.lettera43.it\/wp-content\/uploads\/2026\/04\/Oggi-il-vero-resistente-e-Mattarella-e-non-molla-su-Repubblica-e-valori.jpg\" loading=\"lazy\" data-has-syndication-rights=\"1\" data-licensor-name=\"Lettera43\" srcset=\"https:\/\/www.lettera43.it\/wp-content\/uploads\/2026\/04\/Oggi-il-vero-resistente-e-Mattarella-e-non-molla-su-Repubblica-e-valori.jpg 1200w, https:\/\/www.lettera43.it\/wp-content\/uploads\/2026\/04\/Oggi-il-vero-resistente-e-Mattarella-e-non-molla-su-Repubblica-e-valori-800x533.jpg 800w, https:\/\/www.lettera43.it\/wp-content\/uploads\/2026\/04\/Oggi-il-vero-resistente-e-Mattarella-e-non-molla-su-Repubblica-e-valori-390x260.jpg 390w\" sizes=\"auto, (max-width: 1200px) 100vw, 1200px\" \/><\/a><figcaption class=\"wp-element-caption\">Sergio Mattarella a San Severino Marche per il 25 aprile (Imagoeconomica).<\/figcaption><\/figure>\n\n\n<h2 class=\"wp-block-heading\">La dodicesima celebrazione del 25 aprile per il Presidente dei record<\/h2>\n\n\n\n<p>Bisogna ricordarselo a maggior ragione oggi, mentre c\u2019\u00e8 chi nel mondo ripropone la<strong> guerra<\/strong> come soluzione a ogni divergenza, e chi scavalca o devasta alleanze, diritti, regole e istituzioni. Quello di San Severino Marche \u00e8 stato il dodicesimo discorso di Mattarella in occasione del<strong> 25 aprile<\/strong>: chi si aspettava un intervento tiepido si \u00e8 dovuto ricredere, perch\u00e9 ormai dovrebbero averlo capito anche i sassi che su certe cose, su quelli che ritiene valori alti, il<strong> Presidente non molla<\/strong>. Per questo, oltre che per un dato puramente cronologico, \u00e8 lui il <strong>vero resistente degli anni Duemila<\/strong>. Certo, anche se si dimettesse domani (e lo si scrive solo per scaramanzia) sarebbe gi\u00e0 il Presidente dei record, il<strong> pi\u00f9 longevo <\/strong>con i suoi 11 e passa anni di mandato. Ma a ben guardare altre sono state le resistenze, che gli hanno fatto guadagnare la<strong> stima bipartisan<\/strong> di milioni di italiani, se si deve dare credito ai sondaggi sempre pi\u00f9 positivi. <\/p>\n\n\n<figure class=\"wp-block-image size-full\"><a href=\"https:\/\/www.lettera43.it\/galleria\/1298539\/1298556\"><img data-has-syndication-rights=\"1\" data-portal-copyright=\"Lettera43\" data-licensor-name=\"Lettera43\" decoding=\"async\" width=\"1200\" height=\"800\" src=\"https:\/\/www.lettera43.it\/wp-content\/uploads\/2026\/04\/Oggi-il-vero-resistente-e-Mattarella-e-non-molla-su-Repubblica-e-valori-2.jpg\" alt=\"Oggi il vero resistente \u00e8 Mattarella (e non molla su Repubblica e valori)\" class=\"wp-image-1298556 lazyload\" title=\"Oggi il vero resistente \u00e8 Mattarella (e non molla su Repubblica e valori)\" data-src=\"https:\/\/www.lettera43.it\/wp-content\/uploads\/2026\/04\/Oggi-il-vero-resistente-e-Mattarella-e-non-molla-su-Repubblica-e-valori-2.jpg\" loading=\"lazy\" data-has-syndication-rights=\"1\" data-licensor-name=\"Lettera43\" srcset=\"https:\/\/www.lettera43.it\/wp-content\/uploads\/2026\/04\/Oggi-il-vero-resistente-e-Mattarella-e-non-molla-su-Repubblica-e-valori-2.jpg 1200w, https:\/\/www.lettera43.it\/wp-content\/uploads\/2026\/04\/Oggi-il-vero-resistente-e-Mattarella-e-non-molla-su-Repubblica-e-valori-2-800x533.jpg 800w, https:\/\/www.lettera43.it\/wp-content\/uploads\/2026\/04\/Oggi-il-vero-resistente-e-Mattarella-e-non-molla-su-Repubblica-e-valori-2-390x260.jpg 390w\" sizes=\"auto, (max-width: 1200px) 100vw, 1200px\" \/><\/a><figcaption class=\"wp-element-caption\">Sergio Mattarella (Imagoeconomica).<\/figcaption><\/figure>\n\n\n<h2 class=\"wp-block-heading\">Dalla minaccia di impeachment alla difesa dell&#8217;atlantismo: le battaglie del Colle<\/h2>\n\n\n\n<p>Ha resistito alla corsa in avanti di chi lo aveva eletto, <strong>Matteo Renzi<\/strong>, rifiutandosi di andare a <strong>elezioni anticipate<\/strong>; ha resistito a chi voleva piegare la sua volont\u00e0 ai <strong>venti dell\u2019antieuropeismo<\/strong> fino a minacciare un <strong>impeachment<\/strong>; ha tenuto la barra durante gli <strong>anni del Covid<\/strong> individuando poi in <strong>Mario Draghi<\/strong> il traghettatore; ha gestito una <strong>convivenza diffidente<\/strong> con il <strong>primo governo di destra-centro<\/strong> della storia repubblicana. Sul <strong>piano internazionale<\/strong> non \u00e8 arretrato di un millimetro nel tenere l\u2019<strong>Italia al fianco dell\u2019Ucraina<\/strong> nonostante le <strong>bordate russe<\/strong>, ha continuato a tenere alta la bandiera dell\u2019Europa e dell\u2019Onu, ha cercato una mediazione tra il rispetto della storica <strong>Alleanza atlantica<\/strong> e le critiche all\u2019attuale presidente americano (e c\u2019\u00e8 anche chi giura che il<strong> dialogo aperto con la Cina<\/strong> gli sia costato qualche simpatia Oltreoceano gi\u00e0 nella scorsa amministrazione). <\/p>\n\n\n<div class=\"swiper-container\"><div class=\"swiper-wrapper\"><div class=\"swiper-slide\"><figure class=\"wp-block-image size-large\"><a href=\"https:\/\/www.lettera43.it\/galleria\/1298539\/1298557\"><img data-has-syndication-rights=\"1\" data-portal-copyright=\"Lettera43\" data-licensor-name=\"Lettera43\" decoding=\"async\" width=\"1200\" height=\"806\" data-id=\"1298557\" src=\"https:\/\/www.lettera43.it\/wp-content\/uploads\/2026\/04\/Oggi-il-vero-resistente-e-Mattarella-e-non-molla-su-Repubblica-e-valori-2016.jpg\" alt=\"Oggi il vero resistente \u00e8 Mattarella (e non molla su Repubblica e valori)\" class=\"wp-image-1298557 lazyload\" title=\"Oggi il vero resistente \u00e8 Mattarella (e non molla su Repubblica e valori)\" data-src=\"https:\/\/www.lettera43.it\/wp-content\/uploads\/2026\/04\/Oggi-il-vero-resistente-e-Mattarella-e-non-molla-su-Repubblica-e-valori-2016.jpg\" loading=\"lazy\" data-has-syndication-rights=\"1\" data-licensor-name=\"Lettera43\" srcset=\"https:\/\/www.lettera43.it\/wp-content\/uploads\/2026\/04\/Oggi-il-vero-resistente-e-Mattarella-e-non-molla-su-Repubblica-e-valori-2016.jpg 1200w, https:\/\/www.lettera43.it\/wp-content\/uploads\/2026\/04\/Oggi-il-vero-resistente-e-Mattarella-e-non-molla-su-Repubblica-e-valori-2016-800x537.jpg 800w, https:\/\/www.lettera43.it\/wp-content\/uploads\/2026\/04\/Oggi-il-vero-resistente-e-Mattarella-e-non-molla-su-Repubblica-e-valori-2016-390x262.jpg 390w\" sizes=\"auto, (max-width: 1200px) 100vw, 1200px\" \/><\/a><\/figure><\/div><div class=\"swiper-slide\"><figure class=\"wp-block-image size-large\"><a href=\"https:\/\/www.lettera43.it\/galleria\/1298539\/1298558\"><img data-has-syndication-rights=\"1\" data-portal-copyright=\"Lettera43\" data-licensor-name=\"Lettera43\" decoding=\"async\" width=\"1200\" height=\"807\" data-id=\"1298558\" src=\"https:\/\/www.lettera43.it\/wp-content\/uploads\/2026\/04\/Oggi-il-vero-resistente-e-Mattarella-e-non-molla-su-Repubblica-e-valori-2018.jpg\" alt=\"Oggi il vero resistente \u00e8 Mattarella (e non molla su Repubblica e valori)\" class=\"wp-image-1298558 lazyload\" title=\"Oggi il vero resistente \u00e8 Mattarella (e non molla su Repubblica e valori)\" data-src=\"https:\/\/www.lettera43.it\/wp-content\/uploads\/2026\/04\/Oggi-il-vero-resistente-e-Mattarella-e-non-molla-su-Repubblica-e-valori-2018.jpg\" loading=\"lazy\" data-has-syndication-rights=\"1\" data-licensor-name=\"Lettera43\" srcset=\"https:\/\/www.lettera43.it\/wp-content\/uploads\/2026\/04\/Oggi-il-vero-resistente-e-Mattarella-e-non-molla-su-Repubblica-e-valori-2018.jpg 1200w, https:\/\/www.lettera43.it\/wp-content\/uploads\/2026\/04\/Oggi-il-vero-resistente-e-Mattarella-e-non-molla-su-Repubblica-e-valori-2018-800x538.jpg 800w, https:\/\/www.lettera43.it\/wp-content\/uploads\/2026\/04\/Oggi-il-vero-resistente-e-Mattarella-e-non-molla-su-Repubblica-e-valori-2018-390x262.jpg 390w\" sizes=\"auto, (max-width: 1200px) 100vw, 1200px\" \/><\/a><\/figure><\/div><div class=\"swiper-slide\"><figure class=\"wp-block-image size-large\"><a href=\"https:\/\/www.lettera43.it\/galleria\/1298539\/1298559\"><img data-has-syndication-rights=\"1\" data-portal-copyright=\"Lettera43\" data-licensor-name=\"Lettera43\" decoding=\"async\" width=\"1200\" height=\"800\" data-id=\"1298559\" src=\"https:\/\/www.lettera43.it\/wp-content\/uploads\/2026\/04\/Oggi-il-vero-resistente-e-Mattarella-e-non-molla-su-Repubblica-e-valori-2019.jpg\" alt=\"Oggi il vero resistente \u00e8 Mattarella (e non molla su Repubblica e valori)\" class=\"wp-image-1298559 lazyload\" title=\"Oggi il vero resistente \u00e8 Mattarella (e non molla su Repubblica e valori)\" data-src=\"https:\/\/www.lettera43.it\/wp-content\/uploads\/2026\/04\/Oggi-il-vero-resistente-e-Mattarella-e-non-molla-su-Repubblica-e-valori-2019.jpg\" loading=\"lazy\" data-has-syndication-rights=\"1\" data-licensor-name=\"Lettera43\" srcset=\"https:\/\/www.lettera43.it\/wp-content\/uploads\/2026\/04\/Oggi-il-vero-resistente-e-Mattarella-e-non-molla-su-Repubblica-e-valori-2019.jpg 1200w, https:\/\/www.lettera43.it\/wp-content\/uploads\/2026\/04\/Oggi-il-vero-resistente-e-Mattarella-e-non-molla-su-Repubblica-e-valori-2019-800x533.jpg 800w, https:\/\/www.lettera43.it\/wp-content\/uploads\/2026\/04\/Oggi-il-vero-resistente-e-Mattarella-e-non-molla-su-Repubblica-e-valori-2019-390x260.jpg 390w\" sizes=\"auto, (max-width: 1200px) 100vw, 1200px\" \/><\/a><\/figure><\/div><div class=\"swiper-slide\"><figure class=\"wp-block-image size-large\"><a href=\"https:\/\/www.lettera43.it\/galleria\/1298539\/1298560\"><img data-has-syndication-rights=\"1\" data-portal-copyright=\"Lettera43\" data-licensor-name=\"Lettera43\" decoding=\"async\" width=\"1200\" height=\"807\" data-id=\"1298560\" src=\"https:\/\/www.lettera43.it\/wp-content\/uploads\/2026\/04\/Oggi-il-vero-resistente-e-Mattarella-e-non-molla-su-Repubblica-e-valori-draghi.jpg\" alt=\"Oggi il vero resistente \u00e8 Mattarella (e non molla su Repubblica e valori)\" class=\"wp-image-1298560 lazyload\" title=\"Oggi il vero resistente \u00e8 Mattarella (e non molla su Repubblica e valori)\" data-src=\"https:\/\/www.lettera43.it\/wp-content\/uploads\/2026\/04\/Oggi-il-vero-resistente-e-Mattarella-e-non-molla-su-Repubblica-e-valori-draghi.jpg\" loading=\"lazy\" data-has-syndication-rights=\"1\" data-licensor-name=\"Lettera43\" srcset=\"https:\/\/www.lettera43.it\/wp-content\/uploads\/2026\/04\/Oggi-il-vero-resistente-e-Mattarella-e-non-molla-su-Repubblica-e-valori-draghi.jpg 1200w, https:\/\/www.lettera43.it\/wp-content\/uploads\/2026\/04\/Oggi-il-vero-resistente-e-Mattarella-e-non-molla-su-Repubblica-e-valori-draghi-800x538.jpg 800w, https:\/\/www.lettera43.it\/wp-content\/uploads\/2026\/04\/Oggi-il-vero-resistente-e-Mattarella-e-non-molla-su-Repubblica-e-valori-draghi-390x262.jpg 390w\" sizes=\"auto, (max-width: 1200px) 100vw, 1200px\" \/><\/a><\/figure><\/div><div class=\"swiper-slide\"><figure class=\"wp-block-image size-large\"><a href=\"https:\/\/www.lettera43.it\/galleria\/1298539\/1298561\"><img data-has-syndication-rights=\"1\" data-portal-copyright=\"Lettera43\" data-licensor-name=\"Lettera43\" decoding=\"async\" width=\"1200\" height=\"800\" data-id=\"1298561\" src=\"https:\/\/www.lettera43.it\/wp-content\/uploads\/2026\/04\/Oggi-il-vero-resistente-e-Mattarella-e-non-molla-su-Repubblica-e-valori-melons.jpg\" alt=\"Oggi il vero resistente \u00e8 Mattarella (e non molla su Repubblica e valori)\" class=\"wp-image-1298561 lazyload\" title=\"Oggi il vero resistente \u00e8 Mattarella (e non molla su Repubblica e valori)\" data-src=\"https:\/\/www.lettera43.it\/wp-content\/uploads\/2026\/04\/Oggi-il-vero-resistente-e-Mattarella-e-non-molla-su-Repubblica-e-valori-melons.jpg\" loading=\"lazy\" data-has-syndication-rights=\"1\" data-licensor-name=\"Lettera43\" srcset=\"https:\/\/www.lettera43.it\/wp-content\/uploads\/2026\/04\/Oggi-il-vero-resistente-e-Mattarella-e-non-molla-su-Repubblica-e-valori-melons.jpg 1200w, https:\/\/www.lettera43.it\/wp-content\/uploads\/2026\/04\/Oggi-il-vero-resistente-e-Mattarella-e-non-molla-su-Repubblica-e-valori-melons-800x533.jpg 800w, https:\/\/www.lettera43.it\/wp-content\/uploads\/2026\/04\/Oggi-il-vero-resistente-e-Mattarella-e-non-molla-su-Repubblica-e-valori-melons-390x260.jpg 390w\" sizes=\"auto, (max-width: 1200px) 100vw, 1200px\" \/><\/a><\/figure><div class=\"swiper-lazy-preloader\"><\/div><\/div><\/div><div class=\"swiper-pagination\"><\/div><div class=\"swiper-button-next\"><\/div><div class=\"swiper-button-prev\"><\/div><\/div>\n\n\n<h2 class=\"wp-block-heading\">L&#8217;ultimo miglio nel pieno della campagna elettorale<\/h2>\n\n\n\n<p>Tutto mentre il mondo che conoscevamo si \u00e8 capovolto e shakerato, scombussolando vecchie certezze. Ora davanti a lui si apre l\u2019ultimo miglio. Mancano due anni e mezzo alla fine del suo secondo mandato e i prossimi 12 mesi saranno di <a href=\"https:\/\/www.lettera43.it\/decreto-sicurezza-perche-preoccupa-il-gelo-tra-quirinale-e-palazzo-chigi\/\"  rel=\"noreferrer noopener\"><strong>campagna elettorale tiratissima<\/strong> e <strong>nervosissima<\/strong><\/a>. Il <strong>Quirinale<\/strong> sar\u00e0 tirato in ballo, lo \u00e8 gi\u00e0 stato a novembre scorso per il<strong> caso Garofani<\/strong>, lo sar\u00e0 di nuovo perch\u00e9 in amore e in guerra tutto \u00e8 permesso, ed evidentemente anche in politica. Per chi lo stima gli strali che gli arriveranno saranno testimonianza del fatto che \u00e8 il <strong>baluardo del rispetto delle regole<\/strong>. Per chi non lo stima gli strali saranno testimonianza del fatto che non \u00e8 imparziale. Gli italiani un\u2019idea se la sono fatta. Lui? Si prepara a resistere perch\u00e9 il suo motto \u00e8 quello di Luigi Einaudi: restituire al successore il ruolo di presidente con le stesse facolt\u00e0 di quando \u00e8 entrato in carica.<\/p>\n","protected":false},"excerpt":{"rendered":"<p>Sei governi, minacce di impeachment, una pandemia, svariati attacchi. Undici anni e mezzo passati a difendere la Costituzione. Ma il Presidente non arretra di un millimetro. Mentre si apre una nervosissima campagna elettorale.<\/p>\n","protected":false},"author":4,"featured_media":0,"comment_status":"closed","ping_status":"closed","sticky":false,"template":"","format":"standard","meta":{"om_disable_all_campaigns":false,"_monsterinsights_skip_tracking":false,"_monsterinsights_sitenote_active":false,"_monsterinsights_sitenote_note":"","_monsterinsights_sitenote_category":0,"footnotes":""},"categories":[15],"tags":[],"class_list":["post-828297","post","type-post","status-publish","format-standard","hentry","category-politica"],"aioseo_notices":[],"_links":{"self":[{"href":"https:\/\/nugnes.com\/index.php?rest_route=\/wp\/v2\/posts\/828297","targetHints":{"allow":["GET"]}}],"collection":[{"href":"https:\/\/nugnes.com\/index.php?rest_route=\/wp\/v2\/posts"}],"about":[{"href":"https:\/\/nugnes.com\/index.php?rest_route=\/wp\/v2\/types\/post"}],"author":[{"embeddable":true,"href":"https:\/\/nugnes.com\/index.php?rest_route=\/wp\/v2\/users\/4"}],"replies":[{"embeddable":true,"href":"https:\/\/nugnes.com\/index.php?rest_route=%2Fwp%2Fv2%2Fcomments&post=828297"}],"version-history":[{"count":1,"href":"https:\/\/nugnes.com\/index.php?rest_route=\/wp\/v2\/posts\/828297\/revisions"}],"predecessor-version":[{"id":828298,"href":"https:\/\/nugnes.com\/index.php?rest_route=\/wp\/v2\/posts\/828297\/revisions\/828298"}],"wp:attachment":[{"href":"https:\/\/nugnes.com\/index.php?rest_route=%2Fwp%2Fv2%2Fmedia&parent=828297"}],"wp:term":[{"taxonomy":"category","embeddable":true,"href":"https:\/\/nugnes.com\/index.php?rest_route=%2Fwp%2Fv2%2Fcategories&post=828297"},{"taxonomy":"post_tag","embeddable":true,"href":"https:\/\/nugnes.com\/index.php?rest_route=%2Fwp%2Fv2%2Ftags&post=828297"}],"curies":[{"name":"wp","href":"https:\/\/api.w.org\/{rel}","templated":true}]}}