{"id":828301,"date":"2026-04-27T10:26:26","date_gmt":"2026-04-27T10:26:26","guid":{"rendered":"https:\/\/www.lettera43.it\/?p=1298593"},"modified":"2026-04-27T10:26:26","modified_gmt":"2026-04-27T10:26:26","slug":"dellutri-a-processo-per-i-42-milioni-ricevuti-da-berlusconi","status":"publish","type":"post","link":"https:\/\/nugnes.com\/?p=828301","title":{"rendered":"Dell\u2019Utri a processo per i 42 milioni ricevuti da Berlusconi"},"content":{"rendered":"\n<p>La gup di Milano Giulia Marozzi ha rinviato a giudizio <strong>Marcello Dell&#8217;Utri <\/strong>e la <strong>moglie Miranda Ratti <\/strong>per la vicenda dei <strong>42 milioni di euro<\/strong> ricevuti da <strong>Silvio Berlusconi <\/strong>attraverso<strong> otto bonifici <\/strong>tra il 2012 e il 2021, <strong>donazioni <\/strong>perlopi\u00f9 giustificate dall\u2019ex premier come aiuto per spese legali e personali. La prima udienza del processo si terr\u00e0 il 9 luglio davanti alla seconda sezione penale del Tribunale.<\/p>\n\n\n<figure class=\"wp-block-image size-full\"><a href=\"https:\/\/www.lettera43.it\/galleria\/1298593\/1298598\"><img data-has-syndication-rights=\"1\" data-portal-copyright=\"Lettera43\" data-licensor-name=\"Lettera43\" decoding=\"async\" width=\"1200\" height=\"812\" src=\"https:\/\/www.lettera43.it\/wp-content\/uploads\/2026\/04\/Imagoeconomica_2014175.jpg\" alt=\"Dell\u2019Utri a processo per i 42 milioni ricevuti da Berlusconi\" class=\"wp-image-1298598 lazyload\" title=\"Dell\u2019Utri a processo per i 42 milioni ricevuti da Berlusconi\" data-src=\"https:\/\/www.lettera43.it\/wp-content\/uploads\/2026\/04\/Imagoeconomica_2014175.jpg\" loading=\"lazy\" data-has-syndication-rights=\"1\" data-licensor-name=\"Lettera43\" srcset=\"https:\/\/www.lettera43.it\/wp-content\/uploads\/2026\/04\/Imagoeconomica_2014175.jpg 1200w, https:\/\/www.lettera43.it\/wp-content\/uploads\/2026\/04\/Imagoeconomica_2014175-800x541.jpg 800w, https:\/\/www.lettera43.it\/wp-content\/uploads\/2026\/04\/Imagoeconomica_2014175-390x264.jpg 390w\" sizes=\"auto, (max-width: 1200px) 100vw, 1200px\" \/><\/a><figcaption class=\"wp-element-caption\">Marcello Dell\u2019Utri (Imagoeconomica).<\/figcaption><\/figure>\n\n\n<h2 class=\"wp-block-heading\">Perch\u00e9 Dell\u2019Utri \u00e8 finito a processo<\/h2>\n\n\n\n<p>Dell\u2019Utri \u00e8 finito a processo perch\u00e9, essendo gi\u00e0 <strong>condannato <\/strong>in via definitiva per <strong>concorso in associazione mafiosa<\/strong>, ha in base alla <strong>legge Rognoni-Della Torre<\/strong> l\u2019obbligo di comunicare le sue variazioni patrimoniali. Nell\u2019ambito dell\u2019inchiesta che lo vedeva indagato a Firenze per strage e associazione mafiosa, gli inquirenti hanno rilevato una serie di donazioni (da parte di Berlusconi) per un totale di 42 milioni, che appunto l\u2019ex senatore di Forza Italia non aveva dichiarato al Fisco e agli organi competenti. Da qui l\u2019apertura di un altro procedimento nei suoi confronti, che \u00e8 stato poi <strong>trasferito da Firenze a Milano <\/strong>a marzo del 2025 per competenza territoriale. Su una parte della somma \u00e8 gi\u00e0 scattata la <strong>prescrizione<\/strong>.<\/p>\n","protected":false},"excerpt":{"rendered":"<p>L\u2019ex senatore di Forza Italia \u00e8 stato rinviato a giudizio assieme alla moglie. Prima udienza il 9 luglio. Una parte delle donazioni \u00e8 gi\u00e0 finita in prescrizione.<\/p>\n","protected":false},"author":4,"featured_media":0,"comment_status":"closed","ping_status":"closed","sticky":false,"template":"","format":"standard","meta":{"om_disable_all_campaigns":false,"_monsterinsights_skip_tracking":false,"_monsterinsights_sitenote_active":false,"_monsterinsights_sitenote_note":"","_monsterinsights_sitenote_category":0,"footnotes":""},"categories":[10,1612],"tags":[],"class_list":["post-828301","post","type-post","status-publish","format-standard","hentry","category-cronaca","category-ultima-ora"],"aioseo_notices":[],"_links":{"self":[{"href":"https:\/\/nugnes.com\/index.php?rest_route=\/wp\/v2\/posts\/828301","targetHints":{"allow":["GET"]}}],"collection":[{"href":"https:\/\/nugnes.com\/index.php?rest_route=\/wp\/v2\/posts"}],"about":[{"href":"https:\/\/nugnes.com\/index.php?rest_route=\/wp\/v2\/types\/post"}],"author":[{"embeddable":true,"href":"https:\/\/nugnes.com\/index.php?rest_route=\/wp\/v2\/users\/4"}],"replies":[{"embeddable":true,"href":"https:\/\/nugnes.com\/index.php?rest_route=%2Fwp%2Fv2%2Fcomments&post=828301"}],"version-history":[{"count":1,"href":"https:\/\/nugnes.com\/index.php?rest_route=\/wp\/v2\/posts\/828301\/revisions"}],"predecessor-version":[{"id":828302,"href":"https:\/\/nugnes.com\/index.php?rest_route=\/wp\/v2\/posts\/828301\/revisions\/828302"}],"wp:attachment":[{"href":"https:\/\/nugnes.com\/index.php?rest_route=%2Fwp%2Fv2%2Fmedia&parent=828301"}],"wp:term":[{"taxonomy":"category","embeddable":true,"href":"https:\/\/nugnes.com\/index.php?rest_route=%2Fwp%2Fv2%2Fcategories&post=828301"},{"taxonomy":"post_tag","embeddable":true,"href":"https:\/\/nugnes.com\/index.php?rest_route=%2Fwp%2Fv2%2Ftags&post=828301"}],"curies":[{"name":"wp","href":"https:\/\/api.w.org\/{rel}","templated":true}]}}