{"id":828311,"date":"2026-04-27T15:36:25","date_gmt":"2026-04-27T15:36:25","guid":{"rendered":"https:\/\/www.lettera43.it\/?p=1298712"},"modified":"2026-04-27T15:36:25","modified_gmt":"2026-04-27T15:36:25","slug":"grazia-a-nicole-minetti-perche-il-quirinale-ha-chiesto-approfondimenti-al-ministero-della-giustizia","status":"publish","type":"post","link":"https:\/\/nugnes.com\/?p=828311","title":{"rendered":"Grazia a Nicole Minetti, perch\u00e9 il Quirinale ha chiesto approfondimenti al Ministero della Giustizia"},"content":{"rendered":"\n<p>Il <strong>Quirinale <\/strong>ha chiesto <strong>approfondimenti <\/strong>sui requisiti per la <strong>grazia <\/strong>concessa per <strong>motivi umanitari <\/strong>a <strong>Nicole Minetti<\/strong> \u00absu proposta favorevole del <strong>Ministro della Giustizia<\/strong>, lo scorso 18 febbraio 2026, e alle conseguenti notizie di stampa in ordine alla supposta falsit\u00e0 degli elementi rappresentati nella domanda di clemenza\u00bb. L\u2019iniziativa del Colle arriva dopo alcune notizie pubblicate sui quotidiani dalle quali emergerebbero circostanze diverse da quelle descritte a <strong>Sergio Mattarella<\/strong> per sostenere la domanda di grazia a favore dell\u2019ex consigliera regionale lombarda, condannata in via definitiva a 2 anni e 10 mesi per induzione alla prostituzione nel processo &#8220;Ruby bis&#8221; e a 1 anno e 1 mese per peculato sui rimborsi, relativo al suo periodo in Regione, da scontare ai servizi sociali.<\/p>\n\n\n\n<h2 class=\"wp-block-heading\">Il bambino adottato da Minetti non era stato abbandonato alla nascita<\/h2>\n\n\n\n<p>Il Procuratore generale di Milano e il ministro <strong>Carlo Nordio <\/strong>hanno motivato il parere favorevole alla grazia in quanto l\u2019affidamento in prova di Minetti le avrebbe reso estremamente difficile la cura e l\u2019assistenza di un minore da lei adottato assieme al compagno<strong> Giuseppe Cipriani<\/strong>, sottoposto per una grave patologia a periodiche visite e a terapie specialistiche all\u2019estero. La vicenda ci porta inizialmente in <strong>Uruguay<\/strong>, Paese di origine del bambino, dove Cipriani ha molti interessi e la coppia ha vissuto per un certo periodo. Nell\u2019istanza il minore, nato nel 2017, viene presentato come <strong>abbandonato alla nascita<\/strong> e senza legami familiari. In realt\u00e0 sarebbe stato solo affidato temporaneamente all\u2019Instituto del Ni\u00f1o y Adolescente del Uruguay viste le condizioni dei <strong>genitori biologici<\/strong>: madre indigente e padre detenuto, certamente entrambi viventi e identificati, a tal punto che Minetti e Cipriani hanno intentato una causa contro di loro per ottenere la \u201cSeparaci\u00f3n Definitiva y P\u00e9rdida de Patria Potestad\u201d, risolta a loro favore nel 2023.<\/p>\n\n\n\n<h2 class=\"wp-block-heading\">I dubbi sull&#8217;intervento negli Usa e la scomparsa della madre<\/h2>\n\n\n\n<p>L\u2019istanza di grazia spiega poi che nel 2021 Minetti e Cipriani hanno portato il bambino negli <strong>Stati Uniti<\/strong> per un delicato intervento chirurgico. All\u2019epoca, per\u00f2, non avevano alcun diritto legale sul minore: come ha fatto quel bambino a lasciare l\u2019Uruguay? Il piccolo, inoltre, secondo gli atti \u00e8 stato operato al <strong>Boston Children\u2019s Hospital <\/strong>dopo due pareri contrari all\u2019operazione del <strong>San Raffaele<\/strong> di <strong>Milano <\/strong>e dell\u2019<strong>Ospedale di Padova<\/strong>: eppure, il bambino non risulta tra i pazienti. Nel 2024 Minetti, Cipriani e il bambino si sono poi trasferiti in Italia. Le ombre sul caso non finiscono qui: La madre biologica, la 29enne Mar\u00eda de los \u00c1ngeles Gonz\u00e1lez Colinet, di anni 29, \u00e8 <strong>scomparsa<\/strong>. L\u2019<strong>avvocata <\/strong>che la difendeva \u00e8 invece <strong>morta carbonizzata<\/strong> in un incendio insieme al marito (e collega). Da via Arenula filtra che sono gi\u00e0 in corso accertamenti con la procura generale della Corte di Appello di Milano, da cui \u00e8 arrivato il parere favorevole alla grazia, non vincolante.<\/p>\n","protected":false},"excerpt":{"rendered":"<p>\u00c8 stata concessa per motivi umanitari legati a un bambino, nato in Uruguay e adottato dall\u2019ex consigliera lombarda con il compagno. Ma diverse cose non tornano. Da qui la richiesta del Colle.<\/p>\n","protected":false},"author":4,"featured_media":0,"comment_status":"closed","ping_status":"closed","sticky":false,"template":"","format":"standard","meta":{"om_disable_all_campaigns":false,"_monsterinsights_skip_tracking":false,"_monsterinsights_sitenote_active":false,"_monsterinsights_sitenote_note":"","_monsterinsights_sitenote_category":0,"footnotes":""},"categories":[15,1612],"tags":[],"class_list":["post-828311","post","type-post","status-publish","format-standard","hentry","category-politica","category-ultima-ora"],"aioseo_notices":[],"_links":{"self":[{"href":"https:\/\/nugnes.com\/index.php?rest_route=\/wp\/v2\/posts\/828311","targetHints":{"allow":["GET"]}}],"collection":[{"href":"https:\/\/nugnes.com\/index.php?rest_route=\/wp\/v2\/posts"}],"about":[{"href":"https:\/\/nugnes.com\/index.php?rest_route=\/wp\/v2\/types\/post"}],"author":[{"embeddable":true,"href":"https:\/\/nugnes.com\/index.php?rest_route=\/wp\/v2\/users\/4"}],"replies":[{"embeddable":true,"href":"https:\/\/nugnes.com\/index.php?rest_route=%2Fwp%2Fv2%2Fcomments&post=828311"}],"version-history":[{"count":1,"href":"https:\/\/nugnes.com\/index.php?rest_route=\/wp\/v2\/posts\/828311\/revisions"}],"predecessor-version":[{"id":828312,"href":"https:\/\/nugnes.com\/index.php?rest_route=\/wp\/v2\/posts\/828311\/revisions\/828312"}],"wp:attachment":[{"href":"https:\/\/nugnes.com\/index.php?rest_route=%2Fwp%2Fv2%2Fmedia&parent=828311"}],"wp:term":[{"taxonomy":"category","embeddable":true,"href":"https:\/\/nugnes.com\/index.php?rest_route=%2Fwp%2Fv2%2Fcategories&post=828311"},{"taxonomy":"post_tag","embeddable":true,"href":"https:\/\/nugnes.com\/index.php?rest_route=%2Fwp%2Fv2%2Ftags&post=828311"}],"curies":[{"name":"wp","href":"https:\/\/api.w.org\/{rel}","templated":true}]}}