{"id":828339,"date":"2026-04-28T11:47:54","date_gmt":"2026-04-28T11:47:54","guid":{"rendered":"https:\/\/www.lettera43.it\/?p=1298794"},"modified":"2026-04-28T11:47:54","modified_gmt":"2026-04-28T11:47:54","slug":"il-governo-e-la-maledizione-di-venezia-e-le-altre-pillole-del-giorno-2","status":"publish","type":"post","link":"https:\/\/nugnes.com\/?p=828339","title":{"rendered":"Il governo e la maledizione di Venezia e le altre pillole del giorno"},"content":{"rendered":"\n<p><strong>Venezia<\/strong> non d\u00e0 pace alla destra. Tra il <strong>caso Venezi<\/strong>, che pare tutt&#8217;altro che chiuso, la <strong>bufera alla Biennale<\/strong> e i presunti rapporti di amicizia tra <strong>Carlo Nordio<\/strong> e la<strong> famiglia Cipriani<\/strong>, il cui erede Giuseppe \u00e8 il compagno di <strong>Nicole Minetti<\/strong>, l&#8217;epiteto Serenissima fa quasi sorridere. <\/p>\n\n\n\n<h3 class=\"wp-block-heading\">La risposta di Venezi e l&#8217;ombra delle Comunali<\/h3>\n\n\n\n<p>Partiamo dalla <strong>Fenice<\/strong>. Dopo l&#8217;annullamento da parte del sovrintendente <strong>Nicola Colabianchi<\/strong> di <a href=\"https:\/\/www.lettera43.it\/beatrice-venezi-la-fenice-nicola-colabianchi-giuli\/\"  rel=\"noreferrer noopener\">tutte le collaborazioni future con la cosiddetta &#8220;Bacchetta nera&#8221;<\/a>, la direttrice &#8211; <em>pardon<\/em>, direttore &#8211; d&#8217;orchestra 34enne si \u00e8 tolta qualche sassolino dalla scarpa. \u00abPrendo atto della dichiarazione del sovrintendente Nicola Colabianchi e della decisione della Fondazione Teatro La Fenice, che andr\u00e0 comunque chiarita nelle motivazioni e a cui si dovr\u00e0 rispondere in modo opportuno\u00bb, ha scritto Beatrice Venezi in una nota, lasciando intendere un possibile ricorso alle <strong>vie legali<\/strong>.<\/p>\n\n\n<div class=\"swiper-container\"><div class=\"swiper-wrapper\"><div class=\"swiper-slide\"><figure class=\"wp-block-image size-large\"><a href=\"https:\/\/www.lettera43.it\/galleria\/1298794\/1298531\"><img data-has-syndication-rights=\"1\" data-portal-copyright=\"Lettera43\" data-licensor-name=\"Lettera43\" decoding=\"async\" width=\"1200\" height=\"800\" data-id=\"1298531\" src=\"https:\/\/www.lettera43.it\/wp-content\/uploads\/2026\/04\/Farsi-cacciare-passando-per-vittima-il-22capolavoro22-di-Beatrice-Venezi-4567.jpg\" alt=\"Il governo e la maledizione di Venezia e le altre pillole del giorno\" class=\"wp-image-1298531 lazyload\" title=\"Il governo e la maledizione di Venezia e le altre pillole del giorno\" data-src=\"https:\/\/www.lettera43.it\/wp-content\/uploads\/2026\/04\/Farsi-cacciare-passando-per-vittima-il-22capolavoro22-di-Beatrice-Venezi-4567.jpg\" loading=\"lazy\" data-has-syndication-rights=\"1\" data-licensor-name=\"Lettera43\" srcset=\"https:\/\/www.lettera43.it\/wp-content\/uploads\/2026\/04\/Farsi-cacciare-passando-per-vittima-il-22capolavoro22-di-Beatrice-Venezi-4567.jpg 1200w, https:\/\/www.lettera43.it\/wp-content\/uploads\/2026\/04\/Farsi-cacciare-passando-per-vittima-il-22capolavoro22-di-Beatrice-Venezi-4567-800x533.jpg 800w, https:\/\/www.lettera43.it\/wp-content\/uploads\/2026\/04\/Farsi-cacciare-passando-per-vittima-il-22capolavoro22-di-Beatrice-Venezi-4567-390x260.jpg 390w\" sizes=\"auto, (max-width: 1200px) 100vw, 1200px\" \/><\/a><\/figure><\/div><div class=\"swiper-slide\"><figure class=\"wp-block-image size-large\"><a href=\"https:\/\/www.lettera43.it\/galleria\/1298794\/1298533\"><img data-has-syndication-rights=\"1\" data-portal-copyright=\"Lettera43\" data-licensor-name=\"Lettera43\" decoding=\"async\" width=\"1200\" height=\"800\" data-id=\"1298533\" src=\"https:\/\/www.lettera43.it\/wp-content\/uploads\/2026\/04\/Farsi-cacciare-passando-per-vittima-il-22capolavoro22-di-Beatrice-Venezi-fgh.jpg\" alt=\"Il governo e la maledizione di Venezia e le altre pillole del giorno\" class=\"wp-image-1298533 lazyload\" title=\"Il governo e la maledizione di Venezia e le altre pillole del giorno\" data-src=\"https:\/\/www.lettera43.it\/wp-content\/uploads\/2026\/04\/Farsi-cacciare-passando-per-vittima-il-22capolavoro22-di-Beatrice-Venezi-fgh.jpg\" loading=\"lazy\" data-has-syndication-rights=\"1\" data-licensor-name=\"Lettera43\" srcset=\"https:\/\/www.lettera43.it\/wp-content\/uploads\/2026\/04\/Farsi-cacciare-passando-per-vittima-il-22capolavoro22-di-Beatrice-Venezi-fgh.jpg 1200w, https:\/\/www.lettera43.it\/wp-content\/uploads\/2026\/04\/Farsi-cacciare-passando-per-vittima-il-22capolavoro22-di-Beatrice-Venezi-fgh-800x533.jpg 800w, https:\/\/www.lettera43.it\/wp-content\/uploads\/2026\/04\/Farsi-cacciare-passando-per-vittima-il-22capolavoro22-di-Beatrice-Venezi-fgh-390x260.jpg 390w\" sizes=\"auto, (max-width: 1200px) 100vw, 1200px\" \/><\/a><\/figure><\/div><div class=\"swiper-slide\"><figure class=\"wp-block-image size-large\"><a href=\"https:\/\/www.lettera43.it\/galleria\/1298794\/1290766\"><img data-has-syndication-rights=\"1\" data-portal-copyright=\"Lettera43\" data-licensor-name=\"Lettera43\" decoding=\"async\" width=\"1200\" height=\"800\" data-id=\"1290766\" src=\"https:\/\/www.lettera43.it\/wp-content\/uploads\/2026\/03\/Imagoeconomica_2647999.jpg\" alt=\"Il governo e la maledizione di Venezia e le altre pillole del giorno\" class=\"wp-image-1290766 lazyload\" title=\"Il governo e la maledizione di Venezia e le altre pillole del giorno\" data-src=\"https:\/\/www.lettera43.it\/wp-content\/uploads\/2026\/03\/Imagoeconomica_2647999.jpg\" loading=\"lazy\" data-has-syndication-rights=\"1\" data-licensor-name=\"Lettera43\" srcset=\"https:\/\/www.lettera43.it\/wp-content\/uploads\/2026\/03\/Imagoeconomica_2647999.jpg 1200w, https:\/\/www.lettera43.it\/wp-content\/uploads\/2026\/03\/Imagoeconomica_2647999-800x533.jpg 800w, https:\/\/www.lettera43.it\/wp-content\/uploads\/2026\/03\/Imagoeconomica_2647999-390x260.jpg 390w\" sizes=\"auto, (max-width: 1200px) 100vw, 1200px\" \/><\/a><\/figure><\/div><div class=\"swiper-slide\"><figure class=\"wp-block-image size-large\"><a href=\"https:\/\/www.lettera43.it\/galleria\/1298794\/1273994\"><img data-has-syndication-rights=\"1\" data-portal-copyright=\"Lettera43\" data-licensor-name=\"Lettera43\" decoding=\"async\" width=\"1200\" height=\"800\" data-id=\"1273994\" src=\"https:\/\/www.lettera43.it\/wp-content\/uploads\/2025\/12\/Il-soccorso-renziano-a-Gualtieri-il-fuoco-amico-contro-Giuli-le-pillole-del-giorno-2.jpg\" alt=\"Il governo e la maledizione di Venezia e le altre pillole del giorno\" class=\"wp-image-1273994 lazyload\" title=\"Il governo e la maledizione di Venezia e le altre pillole del giorno\" data-src=\"https:\/\/www.lettera43.it\/wp-content\/uploads\/2025\/12\/Il-soccorso-renziano-a-Gualtieri-il-fuoco-amico-contro-Giuli-le-pillole-del-giorno-2.jpg\" loading=\"lazy\" data-has-syndication-rights=\"1\" data-licensor-name=\"Lettera43\" srcset=\"https:\/\/www.lettera43.it\/wp-content\/uploads\/2025\/12\/Il-soccorso-renziano-a-Gualtieri-il-fuoco-amico-contro-Giuli-le-pillole-del-giorno-2.jpg 1200w, https:\/\/www.lettera43.it\/wp-content\/uploads\/2025\/12\/Il-soccorso-renziano-a-Gualtieri-il-fuoco-amico-contro-Giuli-le-pillole-del-giorno-2-800x533.jpg 800w, https:\/\/www.lettera43.it\/wp-content\/uploads\/2025\/12\/Il-soccorso-renziano-a-Gualtieri-il-fuoco-amico-contro-Giuli-le-pillole-del-giorno-2-390x260.jpg 390w\" sizes=\"auto, (max-width: 1200px) 100vw, 1200px\" \/><\/a><\/figure><\/div><div class=\"swiper-slide\"><figure class=\"wp-block-image size-large\"><a href=\"https:\/\/www.lettera43.it\/galleria\/1298794\/1252921\"><img data-has-syndication-rights=\"1\" data-portal-copyright=\"Lettera43\" data-licensor-name=\"Lettera43\" decoding=\"async\" width=\"1200\" height=\"800\" data-id=\"1252921\" src=\"https:\/\/www.lettera43.it\/wp-content\/uploads\/2025\/10\/tagfin_20251008181548509_2b5fcb946c36eaf758e726db68d507c4.jpg\" alt=\"Il governo e la maledizione di Venezia e le altre pillole del giorno\" class=\"wp-image-1252921 lazyload\" title=\"Il governo e la maledizione di Venezia e le altre pillole del giorno\" data-src=\"https:\/\/www.lettera43.it\/wp-content\/uploads\/2025\/10\/tagfin_20251008181548509_2b5fcb946c36eaf758e726db68d507c4.jpg\" loading=\"lazy\" data-has-syndication-rights=\"1\" data-licensor-name=\"Lettera43\" srcset=\"https:\/\/www.lettera43.it\/wp-content\/uploads\/2025\/10\/tagfin_20251008181548509_2b5fcb946c36eaf758e726db68d507c4.jpg 1200w, https:\/\/www.lettera43.it\/wp-content\/uploads\/2025\/10\/tagfin_20251008181548509_2b5fcb946c36eaf758e726db68d507c4-800x533.jpg 800w, https:\/\/www.lettera43.it\/wp-content\/uploads\/2025\/10\/tagfin_20251008181548509_2b5fcb946c36eaf758e726db68d507c4-390x260.jpg 390w\" sizes=\"auto, (max-width: 1200px) 100vw, 1200px\" \/><\/a><\/figure><\/div><div class=\"swiper-slide\"><figure class=\"wp-block-image size-large\"><a href=\"https:\/\/www.lettera43.it\/galleria\/1298794\/1298534\"><img data-has-syndication-rights=\"1\" data-portal-copyright=\"Lettera43\" data-licensor-name=\"Lettera43\" decoding=\"async\" width=\"1200\" height=\"800\" data-id=\"1298534\" src=\"https:\/\/www.lettera43.it\/wp-content\/uploads\/2026\/04\/Farsi-cacciare-passando-per-vittima-il-22capolavoro22-di-Beatrice-Venezi-r.jpg\" alt=\"Il governo e la maledizione di Venezia e le altre pillole del giorno\" class=\"wp-image-1298534 lazyload\" title=\"Il governo e la maledizione di Venezia e le altre pillole del giorno\" data-src=\"https:\/\/www.lettera43.it\/wp-content\/uploads\/2026\/04\/Farsi-cacciare-passando-per-vittima-il-22capolavoro22-di-Beatrice-Venezi-r.jpg\" loading=\"lazy\" data-has-syndication-rights=\"1\" data-licensor-name=\"Lettera43\" srcset=\"https:\/\/www.lettera43.it\/wp-content\/uploads\/2026\/04\/Farsi-cacciare-passando-per-vittima-il-22capolavoro22-di-Beatrice-Venezi-r.jpg 1200w, https:\/\/www.lettera43.it\/wp-content\/uploads\/2026\/04\/Farsi-cacciare-passando-per-vittima-il-22capolavoro22-di-Beatrice-Venezi-r-800x533.jpg 800w, https:\/\/www.lettera43.it\/wp-content\/uploads\/2026\/04\/Farsi-cacciare-passando-per-vittima-il-22capolavoro22-di-Beatrice-Venezi-r-390x260.jpg 390w\" sizes=\"auto, (max-width: 1200px) 100vw, 1200px\" \/><\/a><\/figure><\/div><div class=\"swiper-slide\"><figure class=\"wp-block-image size-large\"><a href=\"https:\/\/www.lettera43.it\/galleria\/1298794\/1298532\"><img data-has-syndication-rights=\"1\" data-portal-copyright=\"Lettera43\" data-licensor-name=\"Lettera43\" decoding=\"async\" width=\"1200\" height=\"800\" data-id=\"1298532\" src=\"https:\/\/www.lettera43.it\/wp-content\/uploads\/2026\/04\/Farsi-cacciare-passando-per-vittima-il-22capolavoro22-di-Beatrice-Venezi-1.jpg\" alt=\"Il governo e la maledizione di Venezia e le altre pillole del giorno\" class=\"wp-image-1298532 lazyload\" title=\"Il governo e la maledizione di Venezia e le altre pillole del giorno\" data-src=\"https:\/\/www.lettera43.it\/wp-content\/uploads\/2026\/04\/Farsi-cacciare-passando-per-vittima-il-22capolavoro22-di-Beatrice-Venezi-1.jpg\" loading=\"lazy\" data-has-syndication-rights=\"1\" data-licensor-name=\"Lettera43\" srcset=\"https:\/\/www.lettera43.it\/wp-content\/uploads\/2026\/04\/Farsi-cacciare-passando-per-vittima-il-22capolavoro22-di-Beatrice-Venezi-1.jpg 1200w, https:\/\/www.lettera43.it\/wp-content\/uploads\/2026\/04\/Farsi-cacciare-passando-per-vittima-il-22capolavoro22-di-Beatrice-Venezi-1-800x533.jpg 800w, https:\/\/www.lettera43.it\/wp-content\/uploads\/2026\/04\/Farsi-cacciare-passando-per-vittima-il-22capolavoro22-di-Beatrice-Venezi-1-390x260.jpg 390w\" sizes=\"auto, (max-width: 1200px) 100vw, 1200px\" \/><\/a><\/figure><div class=\"swiper-lazy-preloader\"><\/div><\/div><\/div><div class=\"swiper-pagination\"><\/div><div class=\"swiper-button-next\"><\/div><div class=\"swiper-button-prev\"><\/div><\/div>\n\n\n<p>Le dichiarazioni rese a <em>La Naci\u00f3n<\/em>, ufficialmente alla base del &#8220;siluramento&#8221;, \u00abavrebbero dovuto essere lette nel contesto dell&#8217;intervista e non distorte e strumentalizzate\u00bb. Di pi\u00f9: non solo Venezi assicura di non aver mai mancato di rispetto ai lavoratori, ma sarebbe lei stessa vittima delle <strong>maestranze<\/strong> del teatro veneziano che in otto mesi \u00abmi hanno costantemente e sistematicamente diffamata, calunniata, offesa e bullizzata, sui social, giornali, tv, in Italia e in tutto il mondo, con l&#8217;intento dichiarato di danneggiare la mia immagine professionale e conseguentemente la mia carriera\u00bb. Insomma \u00abin Italia essere <strong>giovane<\/strong> \u00e8 un handicap e poi <strong>donna<\/strong> una aggravante\u00bb, prosegue la nota. \u00abIl mio \u00e8 il successo di una ragazza di provincia che si \u00e8 fatta da sola. E questo non piace alla Casta\u00bb. L&#8217;<strong>underdog della classica<\/strong> per\u00f2 non ha convinto il melonianissimo presidente della commissione Cultura alla Camera, <strong>Federico Mollicone<\/strong>, che a <em>La Stampa<\/em> ha ammesso che Venezi, a cui ha confermato la sua stima, \u00ab\u00e8 andata troppo oltre\u00bb. Anche se resta convinto che l&#8217;orchestra \u00absia stata strumentalizzata dalla sinistra\u00bb. Nonostante il governo abbia prontamente negato di aver avuto un ruolo nell&#8217;affaire Fenice, c&#8217;\u00e8 chi sostiene che dietro lo scaricamento della direttrice ci siano calcoli poco <strong>lirici<\/strong> e molto <strong>politici<\/strong>. Come scrive <em>Il Fatto Quotidiano<\/em>, infatti, alle <strong>Comunali del 25 e il 26 maggio<\/strong> dopo il decennio di <strong>Luigi Brugnaro<\/strong>, strenuo difensore di Venezi, il <strong>centrodestra <\/strong>che schiera l&#8217;assessore uscente <strong>Simone Venturini<\/strong> rischia di perdere. Stando a rilevazioni riservate e visionate da <strong>Fratelli d&#8217;Italia<\/strong>, il caso Venezi poteva costare 4-5 punti percentuali. Un lusso che non ci si poteva permettere. E poi, come ha ricordato Mollicone, \u00abalcuni referenti dell&#8217;orchestra, non \u00e8 certo un segreto, hanno legami con chi si candider\u00e0 alle prossime elezioni comunali di Venezia. Sono vicini a liste e comitati di centrosinistra\u00bb&#8230;<\/p>\n\n\n<figure class=\"wp-block-image size-full\"><a href=\"https:\/\/www.lettera43.it\/galleria\/1298794\/1292378\"><img data-has-syndication-rights=\"1\" data-portal-copyright=\"Lettera43\" data-licensor-name=\"Lettera43\" decoding=\"async\" width=\"800\" height=\"632\" src=\"https:\/\/www.lettera43.it\/wp-content\/uploads\/2026\/03\/Biennale-Brugnaro-Se-il-governo-russo-fa-propaganda-chiudiamo-il-padiglione-e1773950726913.jpg\" alt=\"Il governo e la maledizione di Venezia e le altre pillole del giorno\" class=\"wp-image-1292378 lazyload\" title=\"Il governo e la maledizione di Venezia e le altre pillole del giorno\" data-src=\"https:\/\/www.lettera43.it\/wp-content\/uploads\/2026\/03\/Biennale-Brugnaro-Se-il-governo-russo-fa-propaganda-chiudiamo-il-padiglione-e1773950726913.jpg\" loading=\"lazy\" data-has-syndication-rights=\"1\" data-licensor-name=\"Lettera43\" srcset=\"https:\/\/www.lettera43.it\/wp-content\/uploads\/2026\/03\/Biennale-Brugnaro-Se-il-governo-russo-fa-propaganda-chiudiamo-il-padiglione-e1773950726913.jpg 800w, https:\/\/www.lettera43.it\/wp-content\/uploads\/2026\/03\/Biennale-Brugnaro-Se-il-governo-russo-fa-propaganda-chiudiamo-il-padiglione-e1773950726913-390x308.jpg 390w\" sizes=\"auto, (max-width: 800px) 100vw, 800px\" \/><\/a><figcaption class=\"wp-element-caption\">Luigi Brugnaro (Ansa).<\/figcaption><\/figure>\n\n\n<h3 class=\"wp-block-heading\">Cipriani, i presunti legami con Nordio e l&#8217;affaire Minetti<\/h3>\n\n\n\n<p>Se <strong>Pietrangelo Buttafuoco<\/strong> inaugurer\u00e0 la Biennale <a href=\"https:\/\/www.lettera43.it\/giuli-diserta-biennale-lascia-buttafuoco-solo\/\"  rel=\"noreferrer noopener\">senza il ministro <strong>Alessandro Giuli<\/strong><\/a> dopo la rottura sul <strong>padiglione della Russia<\/strong>, Venezia resta al centro della cronaca, sebbene in modo indiretto, anche per l&#8217;ultima grana del governo Meloni: <a href=\"https:\/\/www.lettera43.it\/grazia-minetti-fatto-quotidiano-mattarella-verifiche-ministero-nordio-procura-milano\/\"  rel=\"noreferrer noopener\">il caso della grazia concessa a <strong>Nicole Minetti<\/strong><\/a>. Dopo la richiesta da parte del <strong>Quirinale<\/strong> di ulteriori verifiche al ministero della Giustizia e alla Procura di Milano, dalle parti di Via Arenula c&#8217;\u00e8 chi punta il dito contro <strong>Giusi Bartolozzi,<\/strong> l&#8217;ex zarina &#8220;dimissionata&#8221;, che avrebbe gestito il dossier. Ma c&#8217;\u00e8 anche chi ricorda i (presunti) rapporti di amicizia tra il Guardasigilli <strong>Carlo Nordio<\/strong>, che in Laguna fu procuratore aggiunto, e la <strong>famiglia Cipriani<\/strong>, legata al celebre <strong>Harry&#8217;s Bar<\/strong> aperto nel 1931 da Giuseppe Cipriani a due passi da Piazza San Marco. Erede della dinastia \u00e8 un altro Giuseppe Cipriani, 60 anni, compagno dell&#8217;ex igienista dentale del Cav ed ex consigliera regionale in Lombardia&#8230;<\/p>\n\n\n<figure class=\"wp-block-image size-full\"><a href=\"https:\/\/www.lettera43.it\/galleria\/1298794\/1293092\"><img data-has-syndication-rights=\"1\" data-portal-copyright=\"Lettera43\" data-licensor-name=\"Lettera43\" decoding=\"async\" width=\"1200\" height=\"800\" src=\"https:\/\/www.lettera43.it\/wp-content\/uploads\/2026\/03\/La-sconfitta-secondo-Nordio-e-le-altre-pillole-del-giorno.jpg\" alt=\"Il governo e la maledizione di Venezia e le altre pillole del giorno\" class=\"wp-image-1293092 lazyload\" title=\"Il governo e la maledizione di Venezia e le altre pillole del giorno\" data-src=\"https:\/\/www.lettera43.it\/wp-content\/uploads\/2026\/03\/La-sconfitta-secondo-Nordio-e-le-altre-pillole-del-giorno.jpg\" loading=\"lazy\" data-has-syndication-rights=\"1\" data-licensor-name=\"Lettera43\" srcset=\"https:\/\/www.lettera43.it\/wp-content\/uploads\/2026\/03\/La-sconfitta-secondo-Nordio-e-le-altre-pillole-del-giorno.jpg 1200w, https:\/\/www.lettera43.it\/wp-content\/uploads\/2026\/03\/La-sconfitta-secondo-Nordio-e-le-altre-pillole-del-giorno-800x533.jpg 800w, https:\/\/www.lettera43.it\/wp-content\/uploads\/2026\/03\/La-sconfitta-secondo-Nordio-e-le-altre-pillole-del-giorno-390x260.jpg 390w\" sizes=\"auto, (max-width: 1200px) 100vw, 1200px\" \/><\/a><figcaption class=\"wp-element-caption\">Carlo Nordio e dietro Giusi Bartolozzi (Imagoeconomica).<\/figcaption><\/figure>\n\n\n<h2 class=\"wp-block-heading\">Festa all&#8217;Ucid con Abodi<\/h2>\n\n\n\n<p>Il cardinale <strong>Giovanni Battista Re<\/strong>, classe 1934, alla fine non ha partecipato alla cena sociale dell\u2019<strong>Unione cristiana imprenditori dirigenti <\/strong>(Ucid) Lazio, organizzata da <strong>Riccardo Pedrizzi<\/strong>, preferendo una cena casalinga. Grande protagonista dell\u2019evento \u00e8 stato il ministro dello Sport,<strong> Andrea Abodi<\/strong>, tempestato di domande su chi governer\u00e0 il calcio italiano, ben sapendo che <strong>Giancarlo Abete <\/strong>\u00e8 sempre stato ai vertici proprio dell\u2019Ucid, il gotha del potere (quasi totalmente romano) legato al Vaticano e ai suoi molteplici interessi. <a href=\"https:\/\/www.lettera43.it\/figc-scende-campo-anche-abete-oltre-malago\/\"  rel=\"noreferrer noopener\">Abete \u00e8 il \u201cconcorrente\u201d di <strong>Giovanni Malag\u00f2<\/strong><\/a> nella corsa alla conquista della poltrona che \u00e8 stata di<strong> Gabriele Gravina<\/strong>. Tra l\u2019altro, e pochi lo ricordano, Abodi \u00e8 stato presidente della Lega Nazionale Professionisti Serie B. Comunque, se non c\u2019\u00e8 stato Re, era presente l\u2019avvocato <strong>Giorgio Assumma<\/strong>, anche lui classe 1934, \u00abche senz\u2019altro \u00e8 pi\u00f9 potente del nostro amico cardinale\u00bb, spifferavano i maligni nella sala dell\u2019Eur.&nbsp;<\/p>\n\n\n<figure class=\"wp-block-image size-full\"><a href=\"https:\/\/www.lettera43.it\/galleria\/1298794\/1240516\"><img data-has-syndication-rights=\"1\" data-portal-copyright=\"Lettera43\" data-licensor-name=\"Lettera43\" decoding=\"async\" width=\"797\" height=\"598\" src=\"https:\/\/www.lettera43.it\/wp-content\/uploads\/2025\/08\/abodi.jpg\" alt=\"Il governo e la maledizione di Venezia e le altre pillole del giorno\" class=\"wp-image-1240516 lazyload\" title=\"Il governo e la maledizione di Venezia e le altre pillole del giorno\" data-src=\"https:\/\/www.lettera43.it\/wp-content\/uploads\/2025\/08\/abodi.jpg\" loading=\"lazy\" data-has-syndication-rights=\"1\" data-licensor-name=\"Lettera43\" srcset=\"https:\/\/www.lettera43.it\/wp-content\/uploads\/2025\/08\/abodi.jpg 797w, https:\/\/www.lettera43.it\/wp-content\/uploads\/2025\/08\/abodi-768x576.jpg 768w\" sizes=\"auto, (max-width: 797px) 100vw, 797px\" \/><\/a><figcaption class=\"wp-element-caption\">Andrea Abodi (Imagoeconomica).<\/figcaption><\/figure>\n\n\n<h2 class=\"wp-block-heading\">Giavazzi torna a Roma. E Tremonti parla con Fratoianni<\/h2>\n\n\n\n<p><strong>Francesco Giavazzi<\/strong> torna a farsi vedere a Roma. Tanto che davanti a<strong> Palazzo Chigi<\/strong> si sente dire che \u00abappena un governo scricchiola, subito arrivano nella Capitale i cosiddetti tecnici\u00bb. Pronti a rientrare nell\u2019edificio simbolo del potere (o di quel che ne rimane): Giavazzi, ai tempi di Mario Draghi \u201cregnante\u201d, entrava e usciva dalla Presidenza del Consiglio a velocit\u00e0 supersonica, impegnatissimo con i dossier delle nomine delle societ\u00e0 statali. Nella mattina di marted\u00ec, al Senato, nella sala Nassiryia, si tiene l\u2019incontro intitolato \u201cTornare a crescere. Oltre l&#8217;Italia dello zero virgola\u201d, con il docente milanese <strong>Marco Leonardi<\/strong> autore del volume <em>Il prezzo nascosto<\/em>, Giavazzi, i parlamentari del Partito Democratico Lia Quartapelle e Giorgio Gori. Poi, nel pomeriggio, altro evento imperdibile: in piazza della Minerva, alla Biblioteca del Senato dedicata a Giovanni Spadolini, nella sala degli Atti Parlamentari, va in scena la presentazione del libro <em>Libercomunismo<\/em> di Emiliano Brancaccio, con Peppe De Cristofaro capogruppo al Senato di Avs, <strong>Giulio Tremonti<\/strong>, presidente commissione Esteri della Camera e <strong>Nicola Fratoianni<\/strong>. Davvero curioso, come incontro per parlare di economia. Tanto che qualcuno si domanda: \u00abNon \u00e8 che pure Giulio Tremonti sta facendo un pensierino per un mandato presidenziale, un domani, sul Colle?\u00bb.<\/p>\n\n\n<figure class=\"wp-block-image size-full\"><a href=\"https:\/\/www.lettera43.it\/galleria\/1298794\/1259674\"><img data-has-syndication-rights=\"1\" data-portal-copyright=\"Lettera43\" data-licensor-name=\"Lettera43\" decoding=\"async\" width=\"1200\" height=\"800\" src=\"https:\/\/www.lettera43.it\/wp-content\/uploads\/2025\/10\/Mediobanca-la-scomparsa-di-Bruna-Cingano-e-gli-intrecci-con-Giavazzi-le-pillole-del-giorno-5.jpg\" alt=\"Il governo e la maledizione di Venezia e le altre pillole del giorno\" class=\"wp-image-1259674 lazyload\" title=\"Il governo e la maledizione di Venezia e le altre pillole del giorno\" data-src=\"https:\/\/www.lettera43.it\/wp-content\/uploads\/2025\/10\/Mediobanca-la-scomparsa-di-Bruna-Cingano-e-gli-intrecci-con-Giavazzi-le-pillole-del-giorno-5.jpg\" loading=\"lazy\" data-has-syndication-rights=\"1\" data-licensor-name=\"Lettera43\" srcset=\"https:\/\/www.lettera43.it\/wp-content\/uploads\/2025\/10\/Mediobanca-la-scomparsa-di-Bruna-Cingano-e-gli-intrecci-con-Giavazzi-le-pillole-del-giorno-5.jpg 1200w, https:\/\/www.lettera43.it\/wp-content\/uploads\/2025\/10\/Mediobanca-la-scomparsa-di-Bruna-Cingano-e-gli-intrecci-con-Giavazzi-le-pillole-del-giorno-5-800x533.jpg 800w, https:\/\/www.lettera43.it\/wp-content\/uploads\/2025\/10\/Mediobanca-la-scomparsa-di-Bruna-Cingano-e-gli-intrecci-con-Giavazzi-le-pillole-del-giorno-5-390x260.jpg 390w\" sizes=\"auto, (max-width: 1200px) 100vw, 1200px\" \/><\/a><figcaption class=\"wp-element-caption\">L&#8217;economista Francesco Giavazzi (foto Imagoeconomica).<\/figcaption><\/figure>\n\n\n<h2 class=\"wp-block-heading\">A Di Foggia \u00e8 andata male. In passato, invece\u2026<\/h2>\n\n\n\n<p>\u00abA <strong>Giuseppina Di Foggia<\/strong> con Terna \u00e8 andata male, la <a href=\"https:\/\/www.lettera43.it\/terna-di-foggia-rinuncia-alla-buonuscita-eni-meloni-mef\/\"  rel=\"noreferrer noopener\">buonuscita da 7,3 milioni di euro \u00e8 svanita<\/a>&#8230; In passato invece c\u2019\u00e8 chi si ha incassato\u00bb, sibila un vecchio agente di <strong>Borsa<\/strong> davanti a un gin tonic. E continua: \u00abSenza bisogno di andare troppo in l\u00e0 con gli anni, per esempio con il caso di <strong>Biagio Agnes<\/strong> alla Stet, pensionato a 55 anni, tra i tanti che mi vengono in mente, nel settembre 2022 ci fu un caso che and\u00f2 liscio come l\u2019olio, altro che Di Foggia\u00bb. Qual era? \u00abMentre i giornali erano concentrati sulla vittoria di Giorgia Meloni, <strong>Giuseppe Gola<\/strong> lasciava l\u2019incarico di ad di <strong>Acea<\/strong> per fare spazio a Fabrizio Palermo. La nota ufficiale parlava di uno &#8220;scioglimento consensuale&#8221; del rapporto di lavoro &#8220;in essere con l\u2019ingegner Gola&#8221;, riconoscendogli oltre al Tfr un importo lordo di <strong>2,46 milioni di euro<\/strong> &#8220;a titolo di incentivazione all\u2019esodo e di transazione generale e novativa&#8221;. Senza dimenticare l\u2019importo relativo al Mbo 2022 pari a 172.500 euro e quelli di Lti 2021 e 2022, pari alla somma lorda di 153.333 euro. Che da maggio 2020 a settembre 2022 pare davvero un ottimo affare. E a naso possiamo dire che Terna vale tre volte tanto, e a Di Foggia quindi \u00e8 andata davvero male\u00bb. Che poi Gola ovviamente ha conquistato un\u2019altra splendida poltrona, quella di ad di <strong>Open Fiber<\/strong>. Qual \u00e8 la morale della storia? Che un manager che vuole incassare cifre cospicue deve puntare a uno \u201cscioglimento consensuale\u201d senza attendere la fine del mandato e poi aspettare qualche mese in pieno relax prima di tornare a lavorare. Si sa, la fretta genera errori&#8230;<\/p>\n\n\n<figure class=\"wp-block-image size-full\"><a href=\"https:\/\/www.lettera43.it\/galleria\/1298794\/1273091\"><img data-has-syndication-rights=\"1\" data-portal-copyright=\"Lettera43\" data-licensor-name=\"Lettera43\" decoding=\"async\" width=\"1200\" height=\"800\" src=\"https:\/\/www.lettera43.it\/wp-content\/uploads\/2025\/12\/Terna-entro-il-2025-operative-nuove-infrastrutture-per-800-milioni-di-euro.jpeg\" alt=\"Il governo e la maledizione di Venezia e le altre pillole del giorno\" class=\"wp-image-1273091 lazyload\" title=\"Il governo e la maledizione di Venezia e le altre pillole del giorno\" data-src=\"https:\/\/www.lettera43.it\/wp-content\/uploads\/2025\/12\/Terna-entro-il-2025-operative-nuove-infrastrutture-per-800-milioni-di-euro.jpeg\" loading=\"lazy\" data-has-syndication-rights=\"1\" data-licensor-name=\"Lettera43\" srcset=\"https:\/\/www.lettera43.it\/wp-content\/uploads\/2025\/12\/Terna-entro-il-2025-operative-nuove-infrastrutture-per-800-milioni-di-euro.jpeg 1200w, https:\/\/www.lettera43.it\/wp-content\/uploads\/2025\/12\/Terna-entro-il-2025-operative-nuove-infrastrutture-per-800-milioni-di-euro-800x533.jpeg 800w, https:\/\/www.lettera43.it\/wp-content\/uploads\/2025\/12\/Terna-entro-il-2025-operative-nuove-infrastrutture-per-800-milioni-di-euro-390x260.jpeg 390w\" sizes=\"auto, (max-width: 1200px) 100vw, 1200px\" \/><\/a><figcaption class=\"wp-element-caption\">Giuseppina Di Foggia (Terna).<\/figcaption><\/figure>","protected":false},"excerpt":{"rendered":"<p>Dopo il caso Fenice e la bufera alla Biennale, mancavano solo i presunti rapporti di amicizia tra Nordio e i Cipriani a complicare l&#8217;affaire Minetti. A Meloni la Laguna non porta granch\u00e9 bene. Gli spifferi di Lettera43.<\/p>\n","protected":false},"author":4,"featured_media":0,"comment_status":"closed","ping_status":"closed","sticky":false,"template":"","format":"standard","meta":{"om_disable_all_campaigns":false,"_monsterinsights_skip_tracking":false,"_monsterinsights_sitenote_active":false,"_monsterinsights_sitenote_note":"","_monsterinsights_sitenote_category":0,"footnotes":""},"categories":[417,15],"tags":[],"class_list":["post-828339","post","type-post","status-publish","format-standard","hentry","category-corridoi","category-politica"],"aioseo_notices":[],"_links":{"self":[{"href":"https:\/\/nugnes.com\/index.php?rest_route=\/wp\/v2\/posts\/828339","targetHints":{"allow":["GET"]}}],"collection":[{"href":"https:\/\/nugnes.com\/index.php?rest_route=\/wp\/v2\/posts"}],"about":[{"href":"https:\/\/nugnes.com\/index.php?rest_route=\/wp\/v2\/types\/post"}],"author":[{"embeddable":true,"href":"https:\/\/nugnes.com\/index.php?rest_route=\/wp\/v2\/users\/4"}],"replies":[{"embeddable":true,"href":"https:\/\/nugnes.com\/index.php?rest_route=%2Fwp%2Fv2%2Fcomments&post=828339"}],"version-history":[{"count":1,"href":"https:\/\/nugnes.com\/index.php?rest_route=\/wp\/v2\/posts\/828339\/revisions"}],"predecessor-version":[{"id":828340,"href":"https:\/\/nugnes.com\/index.php?rest_route=\/wp\/v2\/posts\/828339\/revisions\/828340"}],"wp:attachment":[{"href":"https:\/\/nugnes.com\/index.php?rest_route=%2Fwp%2Fv2%2Fmedia&parent=828339"}],"wp:term":[{"taxonomy":"category","embeddable":true,"href":"https:\/\/nugnes.com\/index.php?rest_route=%2Fwp%2Fv2%2Fcategories&post=828339"},{"taxonomy":"post_tag","embeddable":true,"href":"https:\/\/nugnes.com\/index.php?rest_route=%2Fwp%2Fv2%2Ftags&post=828339"}],"curies":[{"name":"wp","href":"https:\/\/api.w.org\/{rel}","templated":true}]}}