{"id":828355,"date":"2026-04-28T13:41:49","date_gmt":"2026-04-28T13:41:49","guid":{"rendered":"http:\/\/nugnes.com\/?guid=620c829ad0f85fe0ecf2eb8db01d0ef7"},"modified":"2026-04-28T13:41:49","modified_gmt":"2026-04-28T13:41:49","slug":"segre-il-mondo-dellodio-e-sempre-piu-vasto-mi-scrivono-perche-non-muori","status":"publish","type":"post","link":"https:\/\/nugnes.com\/?p=828355","title":{"rendered":"Segre: &#8220;Il mondo dell&#8217;odio \u00e8 sempre pi\u00f9 vasto. Mi scrivono &#8216;perch\u00e9 non muori?'&#8221;"},"content":{"rendered":"<p>AGI - \"Il mondo dell'odio \u00e8 sempre pi\u00f9 vasto, una valanga di odio che trascina le persone a mandarmi dei messaggi... <strong>ho 96 anni, sono vicina alla morte e alcuni mi scrivono<\/strong>: perch\u00e9&nbsp;non muori? Io dico, capiter\u00e0 uno di questi giorni e nemmeno voglio durare e vedere i miei figli invecchiare...\". Lo ha detto la senatrice a vita <strong>Liliana Segre<\/strong>, intervistata al Memoriale della Shoah di Milano insieme al <strong>ministro Matteo Piantedosi<\/strong>.<\/p>\n<p>\"Che io riceva tra le minacce 'perch\u00e9&nbsp;non muori'... Quello l\u00ec - ha proseguito Segre - ha fatto di tutto, quando avevo 8 anni, per farmi morire ma non mi aspettavo mai che ancora adesso, dopo tutto quello che c'\u00e8 stato, le guerre, gli errori anche spaventosi fatti da tutti che io vorrei condannare, ancora a 96 anni qualcuno mi scrive: perch\u00e9 non muori? Sar\u00e0 da curare questo qui o sono da curare io?\".<\/p>\n<p>Il <strong>25 aprile<\/strong> \"ho avuto paura come madre\" ha raccontato ancora Segre. \"Da figlia\", quando era bambina, e oggi \"da madre, sono molto preoccupata\", ha proseguito la senatrice a vita, ma \"<strong>un amico come il ministro Piantedosi<\/strong> mi fa piacere averlo qui\", un luogo \"da cui non posso prescindere\" perch\u00e9&nbsp;dal <strong>Binario 21 partii bambina per Auschwitz<\/strong>.<\/p>\n<p>\"Non posso non notare, dopo una lunga vita come la mia, quanti governi si sono succeduti e quanto l'antisemitismo si sia sopito e non se ne parlava\", ha osservato Segre, infine, ricordando di essere entrata qui \"da prigioniera per un governo che mi perseguitava, mentre oggi ringrazio il ministro Piantedosi di essere qui\".&nbsp;<\/p>","protected":false},"excerpt":{"rendered":"<p>AGI &#8211; &#8220;Il mondo dell&#8217;odio \u00e8 sempre pi\u00f9 vasto, una valanga di odio che trascina le persone a mandarmi dei messaggi&#8230; ho 96 anni, sono vicina alla morte e alcuni mi scrivono: perch\u00e9&nbsp;non muori? Io dico, capiter\u00e0 uno di questi giorni e nemmeno voglio&#8230;<\/p>\n","protected":false},"author":298,"featured_media":0,"comment_status":"closed","ping_status":"closed","sticky":false,"template":"","format":"standard","meta":{"om_disable_all_campaigns":false,"_monsterinsights_skip_tracking":false,"_monsterinsights_sitenote_active":false,"_monsterinsights_sitenote_note":"","_monsterinsights_sitenote_category":0,"footnotes":""},"categories":[10,1531],"tags":[],"class_list":["post-828355","post","type-post","status-publish","format-standard","hentry","category-cronaca","category-komposer"],"aioseo_notices":[],"_links":{"self":[{"href":"https:\/\/nugnes.com\/index.php?rest_route=\/wp\/v2\/posts\/828355","targetHints":{"allow":["GET"]}}],"collection":[{"href":"https:\/\/nugnes.com\/index.php?rest_route=\/wp\/v2\/posts"}],"about":[{"href":"https:\/\/nugnes.com\/index.php?rest_route=\/wp\/v2\/types\/post"}],"author":[{"embeddable":true,"href":"https:\/\/nugnes.com\/index.php?rest_route=\/wp\/v2\/users\/298"}],"replies":[{"embeddable":true,"href":"https:\/\/nugnes.com\/index.php?rest_route=%2Fwp%2Fv2%2Fcomments&post=828355"}],"version-history":[{"count":1,"href":"https:\/\/nugnes.com\/index.php?rest_route=\/wp\/v2\/posts\/828355\/revisions"}],"predecessor-version":[{"id":828356,"href":"https:\/\/nugnes.com\/index.php?rest_route=\/wp\/v2\/posts\/828355\/revisions\/828356"}],"wp:attachment":[{"href":"https:\/\/nugnes.com\/index.php?rest_route=%2Fwp%2Fv2%2Fmedia&parent=828355"}],"wp:term":[{"taxonomy":"category","embeddable":true,"href":"https:\/\/nugnes.com\/index.php?rest_route=%2Fwp%2Fv2%2Fcategories&post=828355"},{"taxonomy":"post_tag","embeddable":true,"href":"https:\/\/nugnes.com\/index.php?rest_route=%2Fwp%2Fv2%2Ftags&post=828355"}],"curies":[{"name":"wp","href":"https:\/\/api.w.org\/{rel}","templated":true}]}}