{"id":828365,"date":"2026-04-28T14:52:33","date_gmt":"2026-04-28T14:52:33","guid":{"rendered":"https:\/\/www.lettera43.it\/?p=1298910"},"modified":"2026-04-28T14:52:33","modified_gmt":"2026-04-28T14:52:33","slug":"caso-venezi-i-sindacati-della-fenice-minacce-di-morte-ai-lavoratori-dopo-il-licenziamento","status":"publish","type":"post","link":"https:\/\/nugnes.com\/?p=828365","title":{"rendered":"Caso Venezi, i sindacati della Fenice: \u00abMinacce di morte ai lavoratori dopo il licenziamento\u00bb"},"content":{"rendered":"\n<p>Non si placa il <a href=\"https:\/\/www.lettera43.it\/beatrice-venezi-la-fenice-nicola-colabianchi-giuli\/\"  rel=\"noreferrer noopener\">caso del licenziamento di <strong>Beatrice Venezi<\/strong><\/a>, silurata dal <strong>Teatro La Fenice<\/strong> prima ancora di assumere l\u2019incarico di <strong>direttrice musicale <\/strong>a causa dei contenuti di un\u2019intervista al quotidiano argentino <em>La Naci\u00f3n<\/em>. I <strong>sindacati <\/strong>della Fenice, in una nota, fanno sapere che i lavoratori del teatro veneziano \u00abin questi giorni stanno ricevendo, soprattutto sui social, valanghe di<strong> insulti e minacce<\/strong>, anche di <strong>morte<\/strong>\u00bb.<\/p>\n\n\n<figure class=\"wp-block-image size-full\"><a href=\"https:\/\/www.lettera43.it\/galleria\/1298910\/1298916\"><img data-has-syndication-rights=\"1\" data-portal-copyright=\"Lettera43\" data-licensor-name=\"Lettera43\" decoding=\"async\" width=\"1200\" height=\"800\" src=\"https:\/\/www.lettera43.it\/wp-content\/uploads\/2026\/04\/tagfin_20260428163713115_0363784dd81ffd5946b3844217dda337.jpg\" alt=\"Caso Venezi, i sindacati della Fenice: \u00abMinacce di morte ai lavoratori dopo il licenziamento\u00bb\" class=\"wp-image-1298916 lazyload\" title=\"Caso Venezi, i sindacati della Fenice: \u00abMinacce di morte ai lavoratori dopo il licenziamento\u00bb\" data-src=\"https:\/\/www.lettera43.it\/wp-content\/uploads\/2026\/04\/tagfin_20260428163713115_0363784dd81ffd5946b3844217dda337.jpg\" loading=\"lazy\" data-has-syndication-rights=\"1\" data-licensor-name=\"Lettera43\" srcset=\"https:\/\/www.lettera43.it\/wp-content\/uploads\/2026\/04\/tagfin_20260428163713115_0363784dd81ffd5946b3844217dda337.jpg 1200w, https:\/\/www.lettera43.it\/wp-content\/uploads\/2026\/04\/tagfin_20260428163713115_0363784dd81ffd5946b3844217dda337-800x533.jpg 800w, https:\/\/www.lettera43.it\/wp-content\/uploads\/2026\/04\/tagfin_20260428163713115_0363784dd81ffd5946b3844217dda337-390x260.jpg 390w\" sizes=\"auto, (max-width: 1200px) 100vw, 1200px\" \/><\/a><figcaption class=\"wp-element-caption\">Beatrice Venezi (Ansa).<\/figcaption><\/figure>\n\n\n<h2 class=\"wp-block-heading\">La denuncia dei rappresentanti dei lavoratori della Fenice<\/h2>\n\n\n\n<p>\u00abVogliamo far sapere che ci siamo gi\u00e0 rivolti ai nostri uffici legali per difenderci da tanta<strong> inutile meschinit\u00e0<\/strong>\u00bb, si legge inoltre nella nota. \u00abI rappresentanti delle lavoratrici e dei lavoratori mai e sottolineiamo mai, hanno <strong>offeso o calunniato<\/strong> n\u00e9 la Maestra Venezi n\u00e9 nessun&#8217;altra persona o istituzione\u00bb, spiegano i sindacati. E poi: \u00abLa nostra istanza, durata sette mesi, \u00e8 stata costantemente e unicamente finalizzata al ripristino di quella ordinaria prassi consolidata che garantisce un <strong>clima di fiducia e rispetto<\/strong>, presupposto indispensabile per la gestione di un Teatro e che garantisce la pi\u00f9 alta resa artistica possibile\u00bb. Domenica 26 aprile, prima che il sipario si aprisse sul wagneriano <em>Lohengrin <\/em>di Damiano Michieletto, l\u2019<strong>orchestra<\/strong> della Fenice <strong>ha esultato<\/strong> alla notizia della cancellazione di ogni collaborazione con Venezi.<\/p>\n\n\n<figure class=\"wp-block-image size-full\"><a href=\"https:\/\/www.lettera43.it\/galleria\/1298910\/1298914\"><img data-has-syndication-rights=\"1\" data-portal-copyright=\"Lettera43\" data-licensor-name=\"Lettera43\" decoding=\"async\" width=\"1200\" height=\"800\" src=\"https:\/\/www.lettera43.it\/wp-content\/uploads\/2026\/04\/tagfin_20260428163648344_904c1011cb331dd32f76be2067701287.jpg\" alt=\"Caso Venezi, i sindacati della Fenice: \u00abMinacce di morte ai lavoratori dopo il licenziamento\u00bb\" class=\"wp-image-1298914 lazyload\" title=\"Caso Venezi, i sindacati della Fenice: \u00abMinacce di morte ai lavoratori dopo il licenziamento\u00bb\" data-src=\"https:\/\/www.lettera43.it\/wp-content\/uploads\/2026\/04\/tagfin_20260428163648344_904c1011cb331dd32f76be2067701287.jpg\" loading=\"lazy\" data-has-syndication-rights=\"1\" data-licensor-name=\"Lettera43\" srcset=\"https:\/\/www.lettera43.it\/wp-content\/uploads\/2026\/04\/tagfin_20260428163648344_904c1011cb331dd32f76be2067701287.jpg 1200w, https:\/\/www.lettera43.it\/wp-content\/uploads\/2026\/04\/tagfin_20260428163648344_904c1011cb331dd32f76be2067701287-800x533.jpg 800w, https:\/\/www.lettera43.it\/wp-content\/uploads\/2026\/04\/tagfin_20260428163648344_904c1011cb331dd32f76be2067701287-390x260.jpg 390w\" sizes=\"auto, (max-width: 1200px) 100vw, 1200px\" \/><\/a><figcaption class=\"wp-element-caption\">Beatrice Venezi (Ansa).<\/figcaption><\/figure>\n\n\n<h2 class=\"wp-block-heading\">Bignami: \u00abDeve andare avanti anche chi \u00e8 bravo e non di sinistra\u00bb<\/h2>\n\n\n\n<p>Intanto sulla questione si \u00e8 espresso <strong>Galeazzo Bignami<\/strong>, capogruppo di<strong> Fratelli d\u2019Italia<\/strong> alla Camera: \u00abReputavo arrogante la sinistra quando contestava il<strong> sovrintendente Nicola Colabianchi<\/strong> perch\u00e9 nella sua autonomia aveva nominato Venezi, non ho intenzione di essere altrettanto arrogante e commentare oggi che con la solita autonomia ha scelto diversamente. Beatrice \u00e8 brava e giovane. Fino ad oggi ha pagato non essere figlia di musicisti e non essere di sinistra. Noi ci batteremo sempre per una nazione in cui chi \u00e8 bravo pu\u00f2 andare avanti anche se non \u00e8 di sinistra\u00bb.<\/p>\n","protected":false},"excerpt":{"rendered":"<p>Sono arrivate perlopi\u00f9 sui social: i rappresentanti dei lavoratori sottolineano in una nota di non aver \u00abmai offeso o calunniato nessuno\u00bb.<\/p>\n","protected":false},"author":4,"featured_media":0,"comment_status":"closed","ping_status":"closed","sticky":false,"template":"","format":"standard","meta":{"om_disable_all_campaigns":false,"_monsterinsights_skip_tracking":false,"_monsterinsights_sitenote_active":false,"_monsterinsights_sitenote_note":"","_monsterinsights_sitenote_category":0,"footnotes":""},"categories":[31,1612],"tags":[],"class_list":["post-828365","post","type-post","status-publish","format-standard","hentry","category-cultura","category-ultima-ora"],"aioseo_notices":[],"_links":{"self":[{"href":"https:\/\/nugnes.com\/index.php?rest_route=\/wp\/v2\/posts\/828365","targetHints":{"allow":["GET"]}}],"collection":[{"href":"https:\/\/nugnes.com\/index.php?rest_route=\/wp\/v2\/posts"}],"about":[{"href":"https:\/\/nugnes.com\/index.php?rest_route=\/wp\/v2\/types\/post"}],"author":[{"embeddable":true,"href":"https:\/\/nugnes.com\/index.php?rest_route=\/wp\/v2\/users\/4"}],"replies":[{"embeddable":true,"href":"https:\/\/nugnes.com\/index.php?rest_route=%2Fwp%2Fv2%2Fcomments&post=828365"}],"version-history":[{"count":1,"href":"https:\/\/nugnes.com\/index.php?rest_route=\/wp\/v2\/posts\/828365\/revisions"}],"predecessor-version":[{"id":828366,"href":"https:\/\/nugnes.com\/index.php?rest_route=\/wp\/v2\/posts\/828365\/revisions\/828366"}],"wp:attachment":[{"href":"https:\/\/nugnes.com\/index.php?rest_route=%2Fwp%2Fv2%2Fmedia&parent=828365"}],"wp:term":[{"taxonomy":"category","embeddable":true,"href":"https:\/\/nugnes.com\/index.php?rest_route=%2Fwp%2Fv2%2Fcategories&post=828365"},{"taxonomy":"post_tag","embeddable":true,"href":"https:\/\/nugnes.com\/index.php?rest_route=%2Fwp%2Fv2%2Ftags&post=828365"}],"curies":[{"name":"wp","href":"https:\/\/api.w.org\/{rel}","templated":true}]}}